{"id":187294,"date":"2023-04-19T08:39:19","date_gmt":"2023-04-19T06:39:19","guid":{"rendered":null},"modified":"2023-04-19T11:46:06","modified_gmt":"2023-04-19T09:46:06","slug":"joana-ortega-no-ve-factible-ni-posible-ahora-la-independencia","status":"publish","type":"post","link":"https:\/\/www.eltriangle.eu\/es\/2023\/04\/19\/joana-ortega-no-ve-factible-ni-posible-ahora-la-independencia\/","title":{"rendered":"Joana Ortega no ve \u00abfactible ni posible\u00bb ahora la independencia"},"content":{"rendered":"<p>La exvicepresidenta de la Generalitat <strong>Joana Ortega<\/strong> ha negado que la lista electoral que encabezar\u00e1<strong> Xavier Trias<\/strong> en Barcelona, de la que ella ser\u00e1 la n\u00famero seis, sea una candidatura de <strong>Junts<\/strong>, y la ha definido, en una entrevista en<em> Caf\u00e8 d&#8217;Idees<\/em> (RTVE), como una plataforma formada por \u00abdistintas sensibilidades pol\u00edticas no antag\u00f3nicas\u00bb, procedentes tambi\u00e9n del PDECat, de Dem\u00f2crates y de perfiles independientes.<\/p>\n<p>En cuanto al objetivo de la <strong>independencia<\/strong> de Catalu\u00f1a, del que Junts hace bandera, Ortega ha dicho que lo anhela, pero ha considerado que <strong>\u00abno es factible ni posible\u00bb<\/strong> actualmente, y se ha mostrado contraria a insistir en esa v\u00eda, para la que \u00abno le veo salida\u00bb. En cambio, ha abogado por \u00abpriorizar los problemas urgentes\u00bb de Catalu\u00f1a.<\/p>\n<p>La exvicepresidenta de la Generalitat no ha descartado pactar ni con el <strong>PSC<\/strong> ni con el <strong>PP<\/strong>, y ha reducido el 24% de votos contrarios que recibi\u00f3 Trias de la militancia de Junts a algo anecd\u00f3tico y al \u00abpeque\u00f1o coste\u00bb que ha pagado el alcaldable por priorizar los problemas de la ciudad de Barcelona. Ortega, adem\u00e1s, ha a\u00f1adido que espera que \u00abtodo el mundo cerrar\u00e1 filas\u00bb con \u00e9l.<\/p>\n","protected":false},"excerpt":{"rendered":"<p>La exvicepresidenta de la Generalitat Joana Ortega ha negado que la lista electoral que encabezar\u00e1 Xavier Trias en Barcelona, de la que ella ser\u00e1 la n\u00famero seis, sea una candidatura de Junts, y la ha definido, en una entrevista en Caf\u00e8 d&#8217;Idees (RTVE), como una plataforma formada por \u00abdistintas sensibilidades pol\u00edticas no antag\u00f3nicas\u00bb, procedentes tambi\u00e9n &#8230; <a title=\"Joana Ortega no ve \u00abfactible ni posible\u00bb ahora la independencia\" class=\"read-more\" href=\"https:\/\/www.eltriangle.eu\/es\/2023\/04\/19\/joana-ortega-no-ve-factible-ni-posible-ahora-la-independencia\/\" aria-label=\"Leer m\u00e1s sobre Joana Ortega no ve \u00abfactible ni posible\u00bb ahora la independencia\">Leer m\u00e1s<\/a><\/p>\n","protected":false},"author":2,"featured_media":187292,"comment_status":"open","ping_status":"closed","sticky":false,"template":"","format":"standard","meta":{"_acf_changed":false,"pmpro_default_level":"","footnotes":""},"categories":[24,74],"tags":[524,914,871],"class_list":["post-187294","post","type-post","status-publish","format-standard","has-post-thumbnail","hentry","category-actualidad","category-poderes","tag-joana-ortega-es","tag-junts-per-catalunya-es","tag-xavier-trias-es","pmpro-has-access"],"acf":[],"yoast_head":"<!-- This site is optimized with the Yoast SEO plugin v27.4 - https:\/\/yoast.com\/product\/yoast-seo-wordpress\/ -->\n<title>Joana Ortega no ve &quot;factible ni posible&quot; ahora la independencia - El Triangle<\/title>\n<meta name=\"description\" content=\"La exvicepresidenta de la Generalitat Joana Ortega ha negado que la lista electoral que encabezar\u00e1 Xavier Trias en Barcelona, de la que ella ser\u00e1 la\" class=\"yoast-seo-meta-tag\" \/>\n<meta name=\"robots\" content=\"index, follow, max-snippet:-1, max-image-preview:large, max-video-preview:-1\" \/>\n<link rel=\"canonical\" href=\"https:\/\/www.eltriangle.eu\/es\/2023\/04\/19\/joana-ortega-no-ve-factible-ni-posible-ahora-la-independencia\/\" class=\"yoast-seo-meta-tag\" \/>\n<meta property=\"og:locale\" content=\"es_ES\" class=\"yoast-seo-meta-tag\" \/>\n<meta property=\"og:type\" content=\"article\" class=\"yoast-seo-meta-tag\" \/>\n<meta property=\"og:title\" content=\"Joana Ortega no ve &quot;factible ni posible&quot; ahora la independencia - El Triangle\" class=\"yoast-seo-meta-tag\" \/>\n<meta property=\"og:description\" content=\"La exvicepresidenta de la Generalitat Joana Ortega ha negado que la lista electoral que encabezar\u00e1 Xavier Trias en Barcelona, de la que ella ser\u00e1 la\" class=\"yoast-seo-meta-tag\" \/>\n<meta property=\"og:url\" content=\"https:\/\/www.eltriangle.eu\/es\/2023\/04\/19\/joana-ortega-no-ve-factible-ni-posible-ahora-la-independencia\/\" class=\"yoast-seo-meta-tag\" \/>\n<meta property=\"og:site_name\" content=\"El Triangle\" class=\"yoast-seo-meta-tag\" \/>\n<meta property=\"article:publisher\" content=\"https:\/\/www.facebook.com\/El-Triangle-Diari-101787399020302\" class=\"yoast-seo-meta-tag\" \/>\n<meta property=\"article:published_time\" content=\"2023-04-19T06:39:19+00:00\" class=\"yoast-seo-meta-tag\" \/>\n<meta property=\"article:modified_time\" content=\"2023-04-19T09:46:06+00:00\" class=\"yoast-seo-meta-tag\" \/>\n<meta property=\"og:image\" content=\"https:\/\/www.eltriangle.eu\/wp-content\/uploads\/2023\/04\/joana-ortega.jpg\" class=\"yoast-seo-meta-tag\" \/>\n\t<meta property=\"og:image:width\" content=\"489\" class=\"yoast-seo-meta-tag\" \/>\n\t<meta property=\"og:image:height\" content=\"281\" class=\"yoast-seo-meta-tag\" \/>\n\t<meta property=\"og:image:type\" content=\"image\/jpeg\" class=\"yoast-seo-meta-tag\" \/>\n<meta name=\"author\" content=\"Redacci\u00f3n\" class=\"yoast-seo-meta-tag\" \/>\n<meta name=\"twitter:card\" content=\"summary_large_image\" class=\"yoast-seo-meta-tag\" \/>\n<meta name=\"twitter:creator\" content=\"@El_Triangle\" class=\"yoast-seo-meta-tag\" \/>\n<meta name=\"twitter:site\" content=\"@El_Triangle\" class=\"yoast-seo-meta-tag\" \/>\n<meta name=\"twitter:label1\" content=\"Escrito por\" class=\"yoast-seo-meta-tag\" \/>\n\t<meta name=\"twitter:data1\" content=\"Redacci\u00f3n\" class=\"yoast-seo-meta-tag\" \/>\n\t<meta name=\"twitter:label2\" content=\"Tiempo de lectura\" class=\"yoast-seo-meta-tag\" \/>\n\t<meta name=\"twitter:data2\" content=\"1 minuto\" class=\"yoast-seo-meta-tag\" \/>\n<script type=\"application\/ld+json\" class=\"yoast-schema-graph\">{\"@context\":\"https:\\\/\\\/schema.org\",\"@graph\":[{\"@type\":\"NewsArticle\",\"@id\":\"https:\\\/\\\/www.eltriangle.eu\\\/es\\\/2023\\\/04\\\/19\\\/joana-ortega-no-ve-factible-ni-posible-ahora-la-independencia\\\/#article\",\"isPartOf\":{\"@id\":\"https:\\\/\\\/www.eltriangle.eu\\\/es\\\/2023\\\/04\\\/19\\\/joana-ortega-no-ve-factible-ni-posible-ahora-la-independencia\\\/\"},\"author\":{\"name\":\"Redacci\u00f3n\",\"@id\":\"https:\\\/\\\/www.eltriangle.eu\\\/es\\\/#\\\/schema\\\/person\\\/164a138451b4f28d35c3f5984dac8e18\"},\"headline\":\"Joana Ortega no ve \u00abfactible ni posible\u00bb ahora la independencia\",\"datePublished\":\"2023-04-19T06:39:19+00:00\",\"dateModified\":\"2023-04-19T09:46:06+00:00\",\"mainEntityOfPage\":{\"@id\":\"https:\\\/\\\/www.eltriangle.eu\\\/es\\\/2023\\\/04\\\/19\\\/joana-ortega-no-ve-factible-ni-posible-ahora-la-independencia\\\/\"},\"wordCount\":211,\"commentCount\":0,\"publisher\":{\"@id\":\"https:\\\/\\\/www.eltriangle.eu\\\/es\\\/#organization\"},\"image\":{\"@id\":\"https:\\\/\\\/www.eltriangle.eu\\\/es\\\/2023\\\/04\\\/19\\\/joana-ortega-no-ve-factible-ni-posible-ahora-la-independencia\\\/#primaryimage\"},\"thumbnailUrl\":\"https:\\\/\\\/www.eltriangle.eu\\\/wp-content\\\/uploads\\\/2023\\\/04\\\/joana-ortega.jpg\",\"keywords\":[\"Joana Ortega\",\"Junts per Catalunya\",\"Xavier Trias\"],\"articleSection\":[\"Actualidad\",\"Poderes\"],\"inLanguage\":\"es\",\"potentialAction\":[{\"@type\":\"CommentAction\",\"name\":\"Comment\",\"target\":[\"https:\\\/\\\/www.eltriangle.eu\\\/es\\\/2023\\\/04\\\/19\\\/joana-ortega-no-ve-factible-ni-posible-ahora-la-independencia\\\/#respond\"]}]},{\"@type\":\"WebPage\",\"@id\":\"https:\\\/\\\/www.eltriangle.eu\\\/es\\\/2023\\\/04\\\/19\\\/joana-ortega-no-ve-factible-ni-posible-ahora-la-independencia\\\/\",\"url\":\"https:\\\/\\\/www.eltriangle.eu\\\/es\\\/2023\\\/04\\\/19\\\/joana-ortega-no-ve-factible-ni-posible-ahora-la-independencia\\\/\",\"name\":\"Joana Ortega no ve \\\"factible ni posible\\\" ahora la independencia - El Triangle\",\"isPartOf\":{\"@id\":\"https:\\\/\\\/www.eltriangle.eu\\\/es\\\/#website\"},\"primaryImageOfPage\":{\"@id\":\"https:\\\/\\\/www.eltriangle.eu\\\/es\\\/2023\\\/04\\\/19\\\/joana-ortega-no-ve-factible-ni-posible-ahora-la-independencia\\\/#primaryimage\"},\"image\":{\"@id\":\"https:\\\/\\\/www.eltriangle.eu\\\/es\\\/2023\\\/04\\\/19\\\/joana-ortega-no-ve-factible-ni-posible-ahora-la-independencia\\\/#primaryimage\"},\"thumbnailUrl\":\"https:\\\/\\\/www.eltriangle.eu\\\/wp-content\\\/uploads\\\/2023\\\/04\\\/joana-ortega.jpg\",\"datePublished\":\"2023-04-19T06:39:19+00:00\",\"dateModified\":\"2023-04-19T09:46:06+00:00\",\"description\":\"La exvicepresidenta de la Generalitat Joana Ortega ha negado que la lista electoral que encabezar\u00e1 Xavier Trias en Barcelona, de la que ella ser\u00e1 la\",\"breadcrumb\":{\"@id\":\"https:\\\/\\\/www.eltriangle.eu\\\/es\\\/2023\\\/04\\\/19\\\/joana-ortega-no-ve-factible-ni-posible-ahora-la-independencia\\\/#breadcrumb\"},\"inLanguage\":\"es\",\"potentialAction\":[{\"@type\":\"ReadAction\",\"target\":[\"https:\\\/\\\/www.eltriangle.eu\\\/es\\\/2023\\\/04\\\/19\\\/joana-ortega-no-ve-factible-ni-posible-ahora-la-independencia\\\/\"]}]},{\"@type\":\"ImageObject\",\"inLanguage\":\"es\",\"@id\":\"https:\\\/\\\/www.eltriangle.eu\\\/es\\\/2023\\\/04\\\/19\\\/joana-ortega-no-ve-factible-ni-posible-ahora-la-independencia\\\/#primaryimage\",\"url\":\"https:\\\/\\\/www.eltriangle.eu\\\/wp-content\\\/uploads\\\/2023\\\/04\\\/joana-ortega.jpg\",\"contentUrl\":\"https:\\\/\\\/www.eltriangle.eu\\\/wp-content\\\/uploads\\\/2023\\\/04\\\/joana-ortega.jpg\",\"width\":489,\"height\":281,\"caption\":\"Joana Ortega\"},{\"@type\":\"BreadcrumbList\",\"@id\":\"https:\\\/\\\/www.eltriangle.eu\\\/es\\\/2023\\\/04\\\/19\\\/joana-ortega-no-ve-factible-ni-posible-ahora-la-independencia\\\/#breadcrumb\",\"itemListElement\":[{\"@type\":\"ListItem\",\"position\":1,\"name\":\"Portada\",\"item\":\"https:\\\/\\\/www.eltriangle.eu\\\/es\\\/\"},{\"@type\":\"ListItem\",\"position\":2,\"name\":\"Joana Ortega no ve &#8220;factible ni posible&#8221; ahora la independencia\"}]},{\"@type\":\"WebSite\",\"@id\":\"https:\\\/\\\/www.eltriangle.eu\\\/es\\\/#website\",\"url\":\"https:\\\/\\\/www.eltriangle.eu\\\/es\\\/\",\"name\":\"El Triangle\",\"description\":\"El Triangle \u00e9s un Diari d&#039;informaci\u00f3 general, editat a Catalunya i escrit en llengua catalana, especialitzat en investigaci\u00f3 period\u00edstica\",\"publisher\":{\"@id\":\"https:\\\/\\\/www.eltriangle.eu\\\/es\\\/#organization\"},\"potentialAction\":[{\"@type\":\"SearchAction\",\"target\":{\"@type\":\"EntryPoint\",\"urlTemplate\":\"https:\\\/\\\/www.eltriangle.eu\\\/es\\\/?s={search_term_string}\"},\"query-input\":{\"@type\":\"PropertyValueSpecification\",\"valueRequired\":true,\"valueName\":\"search_term_string\"}}],\"inLanguage\":\"es\"},{\"@type\":[\"Organization\",\"NewsMediaOrganization\"],\"@id\":\"https:\\\/\\\/www.eltriangle.eu\\\/es\\\/#organization\",\"name\":\"El Triangle\",\"url\":\"https:\\\/\\\/www.eltriangle.eu\\\/es\\\/\",\"logo\":{\"@type\":\"ImageObject\",\"inLanguage\":\"es\",\"@id\":\"https:\\\/\\\/www.eltriangle.eu\\\/es\\\/#\\\/schema\\\/logo\\\/image\\\/\",\"url\":\"https:\\\/\\\/www.eltriangle.eu\\\/wp-content\\\/uploads\\\/2020\\\/11\\\/triangle_logo-ajustado.jpg\",\"contentUrl\":\"https:\\\/\\\/www.eltriangle.eu\\\/wp-content\\\/uploads\\\/2020\\\/11\\\/triangle_logo-ajustado.jpg\",\"width\":521,\"height\":92,\"caption\":\"El Triangle\"},\"image\":{\"@id\":\"https:\\\/\\\/www.eltriangle.eu\\\/es\\\/#\\\/schema\\\/logo\\\/image\\\/\"},\"sameAs\":[\"https:\\\/\\\/www.facebook.com\\\/El-Triangle-Diari-101787399020302\",\"https:\\\/\\\/x.com\\\/El_Triangle\",\"https:\\\/\\\/www.youtube.com\\\/channel\\\/UCTIjmYEMYSpdGonuAgNhbcg\"]},{\"@type\":\"Person\",\"@id\":\"https:\\\/\\\/www.eltriangle.eu\\\/es\\\/#\\\/schema\\\/person\\\/164a138451b4f28d35c3f5984dac8e18\",\"name\":\"Redacci\u00f3n\",\"image\":{\"@type\":\"ImageObject\",\"inLanguage\":\"es\",\"@id\":\"\\\/\\\/www.gravatar.com\\\/avatar\\\/147263d1a435839b8405c79279bb6558?s=96&#038;r=g&#038;d=mm\",\"url\":\"\\\/\\\/www.gravatar.com\\\/avatar\\\/147263d1a435839b8405c79279bb6558?s=96&#038;r=g&#038;d=mm\",\"contentUrl\":\"\\\/\\\/www.gravatar.com\\\/avatar\\\/147263d1a435839b8405c79279bb6558?s=96&#038;r=g&#038;d=mm\",\"caption\":\"Redacci\u00f3n\"},\"url\":\"https:\\\/\\\/www.eltriangle.eu\\\/es\\\/author\\\/autor-1\\\/\"},{\"@type\":\"SiteNavigationElement\",\"@id\":\"https:\\\/\\\/www.eltriangle.eu\\\/es\\\/#site-navigation\",\"cssSelector\":[\".cib-main-menu\"]},{\"@type\":\"WPHeader\",\"@id\":\"https:\\\/\\\/www.eltriangle.eu\\\/es\\\/#header\",\"cssSelector\":[\".cib-header\"]},{\"@type\":\"WPFooter\",\"@id\":\"https:\\\/\\\/www.eltriangle.eu\\\/es\\\/#footer\",\"cssSelector\":[\".cib-footer\"]}]}<\/script>\n<!-- \/ Yoast SEO plugin. -->","yoast_head_json":{"title":"Joana Ortega no ve \"factible ni posible\" ahora la independencia - El Triangle","description":"La exvicepresidenta de la Generalitat Joana Ortega ha negado que la lista electoral que encabezar\u00e1 Xavier Trias en Barcelona, de la que ella ser\u00e1 la","robots":{"index":"index","follow":"follow","max-snippet":"max-snippet:-1","max-image-preview":"max-image-preview:large","max-video-preview":"max-video-preview:-1"},"canonical":"https:\/\/www.eltriangle.eu\/es\/2023\/04\/19\/joana-ortega-no-ve-factible-ni-posible-ahora-la-independencia\/","og_locale":"es_ES","og_type":"article","og_title":"Joana Ortega no ve \"factible ni posible\" ahora la independencia - El Triangle","og_description":"La exvicepresidenta de la Generalitat Joana Ortega ha negado que la lista electoral que encabezar\u00e1 Xavier Trias en Barcelona, de la que ella ser\u00e1 la","og_url":"https:\/\/www.eltriangle.eu\/es\/2023\/04\/19\/joana-ortega-no-ve-factible-ni-posible-ahora-la-independencia\/","og_site_name":"El Triangle","article_publisher":"https:\/\/www.facebook.com\/El-Triangle-Diari-101787399020302","article_published_time":"2023-04-19T06:39:19+00:00","article_modified_time":"2023-04-19T09:46:06+00:00","og_image":[{"width":489,"height":281,"url":"https:\/\/www.eltriangle.eu\/wp-content\/uploads\/2023\/04\/joana-ortega.jpg","type":"image\/jpeg"}],"author":"Redacci\u00f3n","twitter_card":"summary_large_image","twitter_creator":"@El_Triangle","twitter_site":"@El_Triangle","twitter_misc":{"Escrito por":"Redacci\u00f3n","Tiempo de lectura":"1 minuto"},"schema":{"@context":"https:\/\/schema.org","@graph":[{"@type":"NewsArticle","@id":"https:\/\/www.eltriangle.eu\/es\/2023\/04\/19\/joana-ortega-no-ve-factible-ni-posible-ahora-la-independencia\/#article","isPartOf":{"@id":"https:\/\/www.eltriangle.eu\/es\/2023\/04\/19\/joana-ortega-no-ve-factible-ni-posible-ahora-la-independencia\/"},"author":{"name":"Redacci\u00f3n","@id":"https:\/\/www.eltriangle.eu\/es\/#\/schema\/person\/164a138451b4f28d35c3f5984dac8e18"},"headline":"Joana Ortega no ve \u00abfactible ni posible\u00bb ahora la independencia","datePublished":"2023-04-19T06:39:19+00:00","dateModified":"2023-04-19T09:46:06+00:00","mainEntityOfPage":{"@id":"https:\/\/www.eltriangle.eu\/es\/2023\/04\/19\/joana-ortega-no-ve-factible-ni-posible-ahora-la-independencia\/"},"wordCount":211,"commentCount":0,"publisher":{"@id":"https:\/\/www.eltriangle.eu\/es\/#organization"},"image":{"@id":"https:\/\/www.eltriangle.eu\/es\/2023\/04\/19\/joana-ortega-no-ve-factible-ni-posible-ahora-la-independencia\/#primaryimage"},"thumbnailUrl":"https:\/\/www.eltriangle.eu\/wp-content\/uploads\/2023\/04\/joana-ortega.jpg","keywords":["Joana Ortega","Junts per Catalunya","Xavier Trias"],"articleSection":["Actualidad","Poderes"],"inLanguage":"es","potentialAction":[{"@type":"CommentAction","name":"Comment","target":["https:\/\/www.eltriangle.eu\/es\/2023\/04\/19\/joana-ortega-no-ve-factible-ni-posible-ahora-la-independencia\/#respond"]}]},{"@type":"WebPage","@id":"https:\/\/www.eltriangle.eu\/es\/2023\/04\/19\/joana-ortega-no-ve-factible-ni-posible-ahora-la-independencia\/","url":"https:\/\/www.eltriangle.eu\/es\/2023\/04\/19\/joana-ortega-no-ve-factible-ni-posible-ahora-la-independencia\/","name":"Joana Ortega no ve \"factible ni posible\" ahora la independencia - El Triangle","isPartOf":{"@id":"https:\/\/www.eltriangle.eu\/es\/#website"},"primaryImageOfPage":{"@id":"https:\/\/www.eltriangle.eu\/es\/2023\/04\/19\/joana-ortega-no-ve-factible-ni-posible-ahora-la-independencia\/#primaryimage"},"image":{"@id":"https:\/\/www.eltriangle.eu\/es\/2023\/04\/19\/joana-ortega-no-ve-factible-ni-posible-ahora-la-independencia\/#primaryimage"},"thumbnailUrl":"https:\/\/www.eltriangle.eu\/wp-content\/uploads\/2023\/04\/joana-ortega.jpg","datePublished":"2023-04-19T06:39:19+00:00","dateModified":"2023-04-19T09:46:06+00:00","description":"La exvicepresidenta de la Generalitat Joana Ortega ha negado que la lista electoral que encabezar\u00e1 Xavier Trias en Barcelona, de la que ella ser\u00e1 la","breadcrumb":{"@id":"https:\/\/www.eltriangle.eu\/es\/2023\/04\/19\/joana-ortega-no-ve-factible-ni-posible-ahora-la-independencia\/#breadcrumb"},"inLanguage":"es","potentialAction":[{"@type":"ReadAction","target":["https:\/\/www.eltriangle.eu\/es\/2023\/04\/19\/joana-ortega-no-ve-factible-ni-posible-ahora-la-independencia\/"]}]},{"@type":"ImageObject","inLanguage":"es","@id":"https:\/\/www.eltriangle.eu\/es\/2023\/04\/19\/joana-ortega-no-ve-factible-ni-posible-ahora-la-independencia\/#primaryimage","url":"https:\/\/www.eltriangle.eu\/wp-content\/uploads\/2023\/04\/joana-ortega.jpg","contentUrl":"https:\/\/www.eltriangle.eu\/wp-content\/uploads\/2023\/04\/joana-ortega.jpg","width":489,"height":281,"caption":"Joana Ortega"},{"@type":"BreadcrumbList","@id":"https:\/\/www.eltriangle.eu\/es\/2023\/04\/19\/joana-ortega-no-ve-factible-ni-posible-ahora-la-independencia\/#breadcrumb","itemListElement":[{"@type":"ListItem","position":1,"name":"Portada","item":"https:\/\/www.eltriangle.eu\/es\/"},{"@type":"ListItem","position":2,"name":"Joana Ortega no ve &#8220;factible ni posible&#8221; ahora la independencia"}]},{"@type":"WebSite","@id":"https:\/\/www.eltriangle.eu\/es\/#website","url":"https:\/\/www.eltriangle.eu\/es\/","name":"El Triangle","description":"El Triangle \u00e9s un Diari d&#039;informaci\u00f3 general, editat a Catalunya i escrit en llengua catalana, especialitzat en investigaci\u00f3 period\u00edstica","publisher":{"@id":"https:\/\/www.eltriangle.eu\/es\/#organization"},"potentialAction":[{"@type":"SearchAction","target":{"@type":"EntryPoint","urlTemplate":"https:\/\/www.eltriangle.eu\/es\/?s={search_term_string}"},"query-input":{"@type":"PropertyValueSpecification","valueRequired":true,"valueName":"search_term_string"}}],"inLanguage":"es"},{"@type":["Organization","NewsMediaOrganization"],"@id":"https:\/\/www.eltriangle.eu\/es\/#organization","name":"El Triangle","url":"https:\/\/www.eltriangle.eu\/es\/","logo":{"@type":"ImageObject","inLanguage":"es","@id":"https:\/\/www.eltriangle.eu\/es\/#\/schema\/logo\/image\/","url":"https:\/\/www.eltriangle.eu\/wp-content\/uploads\/2020\/11\/triangle_logo-ajustado.jpg","contentUrl":"https:\/\/www.eltriangle.eu\/wp-content\/uploads\/2020\/11\/triangle_logo-ajustado.jpg","width":521,"height":92,"caption":"El Triangle"},"image":{"@id":"https:\/\/www.eltriangle.eu\/es\/#\/schema\/logo\/image\/"},"sameAs":["https:\/\/www.facebook.com\/El-Triangle-Diari-101787399020302","https:\/\/x.com\/El_Triangle","https:\/\/www.youtube.com\/channel\/UCTIjmYEMYSpdGonuAgNhbcg"]},{"@type":"Person","@id":"https:\/\/www.eltriangle.eu\/es\/#\/schema\/person\/164a138451b4f28d35c3f5984dac8e18","name":"Redacci\u00f3n","image":{"@type":"ImageObject","inLanguage":"es","@id":"\/\/www.gravatar.com\/avatar\/147263d1a435839b8405c79279bb6558?s=96&#038;r=g&#038;d=mm","url":"\/\/www.gravatar.com\/avatar\/147263d1a435839b8405c79279bb6558?s=96&#038;r=g&#038;d=mm","contentUrl":"\/\/www.gravatar.com\/avatar\/147263d1a435839b8405c79279bb6558?s=96&#038;r=g&#038;d=mm","caption":"Redacci\u00f3n"},"url":"https:\/\/www.eltriangle.eu\/es\/author\/autor-1\/"},{"@type":"SiteNavigationElement","@id":"https:\/\/www.eltriangle.eu\/es\/#site-navigation","cssSelector":[".cib-main-menu"]},{"@type":"WPHeader","@id":"https:\/\/www.eltriangle.eu\/es\/#header","cssSelector":[".cib-header"]},{"@type":"WPFooter","@id":"https:\/\/www.eltriangle.eu\/es\/#footer","cssSelector":[".cib-footer"]}]}},"amp_enabled":true,"_links":{"self":[{"href":"https:\/\/www.eltriangle.eu\/es\/wp-json\/wp\/v2\/posts\/187294","targetHints":{"allow":["GET"]}}],"collection":[{"href":"https:\/\/www.eltriangle.eu\/es\/wp-json\/wp\/v2\/posts"}],"about":[{"href":"https:\/\/www.eltriangle.eu\/es\/wp-json\/wp\/v2\/types\/post"}],"author":[{"embeddable":true,"href":"https:\/\/www.eltriangle.eu\/es\/wp-json\/wp\/v2\/users\/2"}],"replies":[{"embeddable":true,"href":"https:\/\/www.eltriangle.eu\/es\/wp-json\/wp\/v2\/comments?post=187294"}],"version-history":[{"count":0,"href":"https:\/\/www.eltriangle.eu\/es\/wp-json\/wp\/v2\/posts\/187294\/revisions"}],"wp:featuredmedia":[{"embeddable":true,"href":"https:\/\/www.eltriangle.eu\/es\/wp-json\/wp\/v2\/media\/187292"}],"wp:attachment":[{"href":"https:\/\/www.eltriangle.eu\/es\/wp-json\/wp\/v2\/media?parent=187294"}],"wp:term":[{"taxonomy":"category","embeddable":true,"href":"https:\/\/www.eltriangle.eu\/es\/wp-json\/wp\/v2\/categories?post=187294"},{"taxonomy":"post_tag","embeddable":true,"href":"https:\/\/www.eltriangle.eu\/es\/wp-json\/wp\/v2\/tags?post=187294"}],"curies":[{"name":"wp","href":"https:\/\/api.w.org\/{rel}","templated":true}]}}