{"id":185154,"date":"2023-04-06T13:16:51","date_gmt":"2023-04-06T11:16:51","guid":{"rendered":null},"modified":"2023-04-06T13:16:51","modified_gmt":"2023-04-06T11:16:51","slug":"desactivado-el-nivel-2-del-plan-alfa-por-alto-peligro-de-incendio-forestal-en-cataluna","status":"publish","type":"post","link":"https:\/\/www.eltriangle.eu\/es\/2023\/04\/06\/desactivado-el-nivel-2-del-plan-alfa-por-alto-peligro-de-incendio-forestal-en-cataluna\/","title":{"rendered":"Desactivado el nivel 2 del Plan Alfa por alto peligro de incendio forestal en Catalu\u00f1a"},"content":{"rendered":"<p>El <strong>Cuerpo de Agentes Rurales<\/strong> ha desactivado el nivel 2 del <strong>Plan Alfa<\/strong> por alto peligro de incendio forestal en Catalu\u00f1a. Este jueves el plan se mantiene activo en el nivel 1, que corresponde a un nivel moderado de incendio forestal, en un total de 34 comarcas. Por el contrario, hay 8 que se encuentran en el nivel 0.<\/p>\n<p>El Plan Alfa es el procedimiento operativo establecido para definir las actuaciones de los efectivos de vigilancia y prevenci\u00f3n de incendios, ante las situaciones de peligro de incendio forestal que se puedan producir.<\/p>\n<p>El nivel m\u00e1ximo es el 3. Este mi\u00e9rcoles el nivel se hab\u00eda extendido del 1 al 2 en varias comarcas del norte de Catalu\u00f1a, pero se ha vuelto al nivel 1. Los Agentes Rurales piden mucha prudencia al medio natural durante la Semana Santa.<\/p>\n","protected":false},"excerpt":{"rendered":"<p>El Cuerpo de Agentes Rurales ha desactivado el nivel 2 del Plan Alfa por alto peligro de incendio forestal en Catalu\u00f1a. Este jueves el plan se mantiene activo en el nivel 1, que corresponde a un nivel moderado de incendio forestal, en un total de 34 comarcas. Por el contrario, hay 8 que se encuentran &#8230; <a title=\"Desactivado el nivel 2 del Plan Alfa por alto peligro de incendio forestal en Catalu\u00f1a\" class=\"read-more\" href=\"https:\/\/www.eltriangle.eu\/es\/2023\/04\/06\/desactivado-el-nivel-2-del-plan-alfa-por-alto-peligro-de-incendio-forestal-en-cataluna\/\" aria-label=\"Leer m\u00e1s sobre Desactivado el nivel 2 del Plan Alfa por alto peligro de incendio forestal en Catalu\u00f1a\">Leer m\u00e1s<\/a><\/p>\n","protected":false},"author":179,"featured_media":185151,"comment_status":"open","ping_status":"closed","sticky":false,"template":"","format":"standard","meta":{"_acf_changed":false,"pmpro_default_level":"","footnotes":""},"categories":[24,76,94],"tags":[2839,2840,1012],"class_list":["post-185154","post","type-post","status-publish","format-standard","has-post-thumbnail","hentry","category-actualidad","category-en-la-calle","category-medio-ambiente","tag-agentes-rurales","tag-plan-alfa","tag-riesgo-de-incendio","lh_instant_articles-syndicate-yes","pmpro-has-access"],"acf":[],"yoast_head":"<!-- This site is optimized with the Yoast SEO plugin v27.4 - https:\/\/yoast.com\/product\/yoast-seo-wordpress\/ -->\n<title>Desactivado el nivel 2 del Plan Alfa por alto peligro de incendio forestal en Catalu\u00f1a - El Triangle<\/title>\n<meta name=\"description\" content=\"El Cuerpo de Agentes Rurales ha desactivado el nivel 2 del Plan Alfa por alto peligro de incendio forestal en Catalu\u00f1a. Este jueves el plan se mantiene\" class=\"yoast-seo-meta-tag\" \/>\n<meta name=\"robots\" content=\"index, follow, max-snippet:-1, max-image-preview:large, max-video-preview:-1\" \/>\n<link rel=\"canonical\" href=\"https:\/\/www.eltriangle.eu\/es\/2023\/04\/06\/desactivado-el-nivel-2-del-plan-alfa-por-alto-peligro-de-incendio-forestal-en-cataluna\/\" class=\"yoast-seo-meta-tag\" \/>\n<meta property=\"og:locale\" content=\"es_ES\" class=\"yoast-seo-meta-tag\" \/>\n<meta property=\"og:type\" content=\"article\" class=\"yoast-seo-meta-tag\" \/>\n<meta property=\"og:title\" content=\"Desactivado el nivel 2 del Plan Alfa por alto peligro de incendio forestal en Catalu\u00f1a - El Triangle\" class=\"yoast-seo-meta-tag\" \/>\n<meta property=\"og:description\" content=\"El Cuerpo de Agentes Rurales ha desactivado el nivel 2 del Plan Alfa por alto peligro de incendio forestal en Catalu\u00f1a. Este jueves el plan se mantiene\" class=\"yoast-seo-meta-tag\" \/>\n<meta property=\"og:url\" content=\"https:\/\/www.eltriangle.eu\/es\/2023\/04\/06\/desactivado-el-nivel-2-del-plan-alfa-por-alto-peligro-de-incendio-forestal-en-cataluna\/\" class=\"yoast-seo-meta-tag\" \/>\n<meta property=\"og:site_name\" content=\"El Triangle\" class=\"yoast-seo-meta-tag\" \/>\n<meta property=\"article:publisher\" content=\"https:\/\/www.facebook.com\/El-Triangle-Diari-101787399020302\" class=\"yoast-seo-meta-tag\" \/>\n<meta property=\"article:published_time\" content=\"2023-04-06T11:16:51+00:00\" class=\"yoast-seo-meta-tag\" \/>\n<meta property=\"og:image\" content=\"https:\/\/www.eltriangle.eu\/wp-content\/uploads\/2023\/04\/agents-rurals.jpg\" class=\"yoast-seo-meta-tag\" \/>\n\t<meta property=\"og:image:width\" content=\"1200\" class=\"yoast-seo-meta-tag\" \/>\n\t<meta property=\"og:image:height\" content=\"800\" class=\"yoast-seo-meta-tag\" \/>\n\t<meta property=\"og:image:type\" content=\"image\/jpeg\" class=\"yoast-seo-meta-tag\" \/>\n<meta name=\"author\" content=\"Redacci\u00f3 \/ ACN\" class=\"yoast-seo-meta-tag\" \/>\n<meta name=\"twitter:card\" content=\"summary_large_image\" class=\"yoast-seo-meta-tag\" \/>\n<meta name=\"twitter:creator\" content=\"@El_Triangle\" class=\"yoast-seo-meta-tag\" \/>\n<meta name=\"twitter:site\" content=\"@El_Triangle\" class=\"yoast-seo-meta-tag\" \/>\n<meta name=\"twitter:label1\" content=\"Escrito por\" class=\"yoast-seo-meta-tag\" \/>\n\t<meta name=\"twitter:data1\" content=\"Redacci\u00f3 \/ ACN\" class=\"yoast-seo-meta-tag\" \/>\n\t<meta name=\"twitter:label2\" content=\"Tiempo de lectura\" class=\"yoast-seo-meta-tag\" \/>\n\t<meta name=\"twitter:data2\" content=\"1 minuto\" class=\"yoast-seo-meta-tag\" \/>\n<script type=\"application\/ld+json\" class=\"yoast-schema-graph\">{\"@context\":\"https:\\\/\\\/schema.org\",\"@graph\":[{\"@type\":\"NewsArticle\",\"@id\":\"https:\\\/\\\/www.eltriangle.eu\\\/es\\\/2023\\\/04\\\/06\\\/desactivado-el-nivel-2-del-plan-alfa-por-alto-peligro-de-incendio-forestal-en-cataluna\\\/#article\",\"isPartOf\":{\"@id\":\"https:\\\/\\\/www.eltriangle.eu\\\/es\\\/2023\\\/04\\\/06\\\/desactivado-el-nivel-2-del-plan-alfa-por-alto-peligro-de-incendio-forestal-en-cataluna\\\/\"},\"author\":{\"name\":\"Redacci\u00f3 \\\/ ACN\",\"@id\":\"https:\\\/\\\/www.eltriangle.eu\\\/es\\\/#\\\/schema\\\/person\\\/6e5938f06dd4dcd413779558fbf437d9\"},\"headline\":\"Desactivado el nivel 2 del Plan Alfa por alto peligro de incendio forestal en Catalu\u00f1a\",\"datePublished\":\"2023-04-06T11:16:51+00:00\",\"mainEntityOfPage\":{\"@id\":\"https:\\\/\\\/www.eltriangle.eu\\\/es\\\/2023\\\/04\\\/06\\\/desactivado-el-nivel-2-del-plan-alfa-por-alto-peligro-de-incendio-forestal-en-cataluna\\\/\"},\"wordCount\":148,\"commentCount\":0,\"publisher\":{\"@id\":\"https:\\\/\\\/www.eltriangle.eu\\\/es\\\/#organization\"},\"image\":{\"@id\":\"https:\\\/\\\/www.eltriangle.eu\\\/es\\\/2023\\\/04\\\/06\\\/desactivado-el-nivel-2-del-plan-alfa-por-alto-peligro-de-incendio-forestal-en-cataluna\\\/#primaryimage\"},\"thumbnailUrl\":\"https:\\\/\\\/www.eltriangle.eu\\\/wp-content\\\/uploads\\\/2023\\\/04\\\/agents-rurals.jpg\",\"keywords\":[\"Agentes rurales\",\"Plan Alfa\",\"riesgo de incendio\"],\"articleSection\":[\"Actualidad\",\"En la calle\",\"Medio ambiente\"],\"inLanguage\":\"es\",\"potentialAction\":[{\"@type\":\"CommentAction\",\"name\":\"Comment\",\"target\":[\"https:\\\/\\\/www.eltriangle.eu\\\/es\\\/2023\\\/04\\\/06\\\/desactivado-el-nivel-2-del-plan-alfa-por-alto-peligro-de-incendio-forestal-en-cataluna\\\/#respond\"]}]},{\"@type\":\"WebPage\",\"@id\":\"https:\\\/\\\/www.eltriangle.eu\\\/es\\\/2023\\\/04\\\/06\\\/desactivado-el-nivel-2-del-plan-alfa-por-alto-peligro-de-incendio-forestal-en-cataluna\\\/\",\"url\":\"https:\\\/\\\/www.eltriangle.eu\\\/es\\\/2023\\\/04\\\/06\\\/desactivado-el-nivel-2-del-plan-alfa-por-alto-peligro-de-incendio-forestal-en-cataluna\\\/\",\"name\":\"Desactivado el nivel 2 del Plan Alfa por alto peligro de incendio forestal en Catalu\u00f1a - El Triangle\",\"isPartOf\":{\"@id\":\"https:\\\/\\\/www.eltriangle.eu\\\/es\\\/#website\"},\"primaryImageOfPage\":{\"@id\":\"https:\\\/\\\/www.eltriangle.eu\\\/es\\\/2023\\\/04\\\/06\\\/desactivado-el-nivel-2-del-plan-alfa-por-alto-peligro-de-incendio-forestal-en-cataluna\\\/#primaryimage\"},\"image\":{\"@id\":\"https:\\\/\\\/www.eltriangle.eu\\\/es\\\/2023\\\/04\\\/06\\\/desactivado-el-nivel-2-del-plan-alfa-por-alto-peligro-de-incendio-forestal-en-cataluna\\\/#primaryimage\"},\"thumbnailUrl\":\"https:\\\/\\\/www.eltriangle.eu\\\/wp-content\\\/uploads\\\/2023\\\/04\\\/agents-rurals.jpg\",\"datePublished\":\"2023-04-06T11:16:51+00:00\",\"description\":\"El Cuerpo de Agentes Rurales ha desactivado el nivel 2 del Plan Alfa por alto peligro de incendio forestal en Catalu\u00f1a. Este jueves el plan se mantiene\",\"breadcrumb\":{\"@id\":\"https:\\\/\\\/www.eltriangle.eu\\\/es\\\/2023\\\/04\\\/06\\\/desactivado-el-nivel-2-del-plan-alfa-por-alto-peligro-de-incendio-forestal-en-cataluna\\\/#breadcrumb\"},\"inLanguage\":\"es\",\"potentialAction\":[{\"@type\":\"ReadAction\",\"target\":[\"https:\\\/\\\/www.eltriangle.eu\\\/es\\\/2023\\\/04\\\/06\\\/desactivado-el-nivel-2-del-plan-alfa-por-alto-peligro-de-incendio-forestal-en-cataluna\\\/\"]}]},{\"@type\":\"ImageObject\",\"inLanguage\":\"es\",\"@id\":\"https:\\\/\\\/www.eltriangle.eu\\\/es\\\/2023\\\/04\\\/06\\\/desactivado-el-nivel-2-del-plan-alfa-por-alto-peligro-de-incendio-forestal-en-cataluna\\\/#primaryimage\",\"url\":\"https:\\\/\\\/www.eltriangle.eu\\\/wp-content\\\/uploads\\\/2023\\\/04\\\/agents-rurals.jpg\",\"contentUrl\":\"https:\\\/\\\/www.eltriangle.eu\\\/wp-content\\\/uploads\\\/2023\\\/04\\\/agents-rurals.jpg\",\"width\":1200,\"height\":800},{\"@type\":\"BreadcrumbList\",\"@id\":\"https:\\\/\\\/www.eltriangle.eu\\\/es\\\/2023\\\/04\\\/06\\\/desactivado-el-nivel-2-del-plan-alfa-por-alto-peligro-de-incendio-forestal-en-cataluna\\\/#breadcrumb\",\"itemListElement\":[{\"@type\":\"ListItem\",\"position\":1,\"name\":\"Portada\",\"item\":\"https:\\\/\\\/www.eltriangle.eu\\\/es\\\/\"},{\"@type\":\"ListItem\",\"position\":2,\"name\":\"Desactivado el nivel 2 del Plan Alfa por alto peligro de incendio forestal en Catalu\u00f1a\"}]},{\"@type\":\"WebSite\",\"@id\":\"https:\\\/\\\/www.eltriangle.eu\\\/es\\\/#website\",\"url\":\"https:\\\/\\\/www.eltriangle.eu\\\/es\\\/\",\"name\":\"El Triangle\",\"description\":\"El Triangle \u00e9s un Diari d&#039;informaci\u00f3 general, editat a Catalunya i escrit en llengua catalana, especialitzat en investigaci\u00f3 period\u00edstica\",\"publisher\":{\"@id\":\"https:\\\/\\\/www.eltriangle.eu\\\/es\\\/#organization\"},\"potentialAction\":[{\"@type\":\"SearchAction\",\"target\":{\"@type\":\"EntryPoint\",\"urlTemplate\":\"https:\\\/\\\/www.eltriangle.eu\\\/es\\\/?s={search_term_string}\"},\"query-input\":{\"@type\":\"PropertyValueSpecification\",\"valueRequired\":true,\"valueName\":\"search_term_string\"}}],\"inLanguage\":\"es\"},{\"@type\":[\"Organization\",\"NewsMediaOrganization\"],\"@id\":\"https:\\\/\\\/www.eltriangle.eu\\\/es\\\/#organization\",\"name\":\"El Triangle\",\"url\":\"https:\\\/\\\/www.eltriangle.eu\\\/es\\\/\",\"logo\":{\"@type\":\"ImageObject\",\"inLanguage\":\"es\",\"@id\":\"https:\\\/\\\/www.eltriangle.eu\\\/es\\\/#\\\/schema\\\/logo\\\/image\\\/\",\"url\":\"https:\\\/\\\/www.eltriangle.eu\\\/wp-content\\\/uploads\\\/2020\\\/11\\\/triangle_logo-ajustado.jpg\",\"contentUrl\":\"https:\\\/\\\/www.eltriangle.eu\\\/wp-content\\\/uploads\\\/2020\\\/11\\\/triangle_logo-ajustado.jpg\",\"width\":521,\"height\":92,\"caption\":\"El Triangle\"},\"image\":{\"@id\":\"https:\\\/\\\/www.eltriangle.eu\\\/es\\\/#\\\/schema\\\/logo\\\/image\\\/\"},\"sameAs\":[\"https:\\\/\\\/www.facebook.com\\\/El-Triangle-Diari-101787399020302\",\"https:\\\/\\\/x.com\\\/El_Triangle\",\"https:\\\/\\\/www.youtube.com\\\/channel\\\/UCTIjmYEMYSpdGonuAgNhbcg\"]},{\"@type\":\"Person\",\"@id\":\"https:\\\/\\\/www.eltriangle.eu\\\/es\\\/#\\\/schema\\\/person\\\/6e5938f06dd4dcd413779558fbf437d9\",\"name\":\"Redacci\u00f3 \\\/ ACN\",\"image\":{\"@type\":\"ImageObject\",\"inLanguage\":\"es\",\"@id\":\"\\\/\\\/www.gravatar.com\\\/avatar\\\/a5bc366245a614da74d9f8d49d1b53bf?s=96&#038;r=g&#038;d=mm\",\"url\":\"\\\/\\\/www.gravatar.com\\\/avatar\\\/a5bc366245a614da74d9f8d49d1b53bf?s=96&#038;r=g&#038;d=mm\",\"contentUrl\":\"\\\/\\\/www.gravatar.com\\\/avatar\\\/a5bc366245a614da74d9f8d49d1b53bf?s=96&#038;r=g&#038;d=mm\",\"caption\":\"Redacci\u00f3 \\\/ ACN\"},\"url\":\"https:\\\/\\\/www.eltriangle.eu\\\/es\\\/author\\\/redaccioacn\\\/\"},{\"@type\":\"SiteNavigationElement\",\"@id\":\"https:\\\/\\\/www.eltriangle.eu\\\/es\\\/#site-navigation\",\"cssSelector\":[\".cib-main-menu\"]},{\"@type\":\"WPHeader\",\"@id\":\"https:\\\/\\\/www.eltriangle.eu\\\/es\\\/#header\",\"cssSelector\":[\".cib-header\"]},{\"@type\":\"WPFooter\",\"@id\":\"https:\\\/\\\/www.eltriangle.eu\\\/es\\\/#footer\",\"cssSelector\":[\".cib-footer\"]}]}<\/script>\n<!-- \/ Yoast SEO plugin. -->","yoast_head_json":{"title":"Desactivado el nivel 2 del Plan Alfa por alto peligro de incendio forestal en Catalu\u00f1a - El Triangle","description":"El Cuerpo de Agentes Rurales ha desactivado el nivel 2 del Plan Alfa por alto peligro de incendio forestal en Catalu\u00f1a. Este jueves el plan se mantiene","robots":{"index":"index","follow":"follow","max-snippet":"max-snippet:-1","max-image-preview":"max-image-preview:large","max-video-preview":"max-video-preview:-1"},"canonical":"https:\/\/www.eltriangle.eu\/es\/2023\/04\/06\/desactivado-el-nivel-2-del-plan-alfa-por-alto-peligro-de-incendio-forestal-en-cataluna\/","og_locale":"es_ES","og_type":"article","og_title":"Desactivado el nivel 2 del Plan Alfa por alto peligro de incendio forestal en Catalu\u00f1a - El Triangle","og_description":"El Cuerpo de Agentes Rurales ha desactivado el nivel 2 del Plan Alfa por alto peligro de incendio forestal en Catalu\u00f1a. Este jueves el plan se mantiene","og_url":"https:\/\/www.eltriangle.eu\/es\/2023\/04\/06\/desactivado-el-nivel-2-del-plan-alfa-por-alto-peligro-de-incendio-forestal-en-cataluna\/","og_site_name":"El Triangle","article_publisher":"https:\/\/www.facebook.com\/El-Triangle-Diari-101787399020302","article_published_time":"2023-04-06T11:16:51+00:00","og_image":[{"width":1200,"height":800,"url":"https:\/\/www.eltriangle.eu\/wp-content\/uploads\/2023\/04\/agents-rurals.jpg","type":"image\/jpeg"}],"author":"Redacci\u00f3 \/ ACN","twitter_card":"summary_large_image","twitter_creator":"@El_Triangle","twitter_site":"@El_Triangle","twitter_misc":{"Escrito por":"Redacci\u00f3 \/ ACN","Tiempo de lectura":"1 minuto"},"schema":{"@context":"https:\/\/schema.org","@graph":[{"@type":"NewsArticle","@id":"https:\/\/www.eltriangle.eu\/es\/2023\/04\/06\/desactivado-el-nivel-2-del-plan-alfa-por-alto-peligro-de-incendio-forestal-en-cataluna\/#article","isPartOf":{"@id":"https:\/\/www.eltriangle.eu\/es\/2023\/04\/06\/desactivado-el-nivel-2-del-plan-alfa-por-alto-peligro-de-incendio-forestal-en-cataluna\/"},"author":{"name":"Redacci\u00f3 \/ ACN","@id":"https:\/\/www.eltriangle.eu\/es\/#\/schema\/person\/6e5938f06dd4dcd413779558fbf437d9"},"headline":"Desactivado el nivel 2 del Plan Alfa por alto peligro de incendio forestal en Catalu\u00f1a","datePublished":"2023-04-06T11:16:51+00:00","mainEntityOfPage":{"@id":"https:\/\/www.eltriangle.eu\/es\/2023\/04\/06\/desactivado-el-nivel-2-del-plan-alfa-por-alto-peligro-de-incendio-forestal-en-cataluna\/"},"wordCount":148,"commentCount":0,"publisher":{"@id":"https:\/\/www.eltriangle.eu\/es\/#organization"},"image":{"@id":"https:\/\/www.eltriangle.eu\/es\/2023\/04\/06\/desactivado-el-nivel-2-del-plan-alfa-por-alto-peligro-de-incendio-forestal-en-cataluna\/#primaryimage"},"thumbnailUrl":"https:\/\/www.eltriangle.eu\/wp-content\/uploads\/2023\/04\/agents-rurals.jpg","keywords":["Agentes rurales","Plan Alfa","riesgo de incendio"],"articleSection":["Actualidad","En la calle","Medio ambiente"],"inLanguage":"es","potentialAction":[{"@type":"CommentAction","name":"Comment","target":["https:\/\/www.eltriangle.eu\/es\/2023\/04\/06\/desactivado-el-nivel-2-del-plan-alfa-por-alto-peligro-de-incendio-forestal-en-cataluna\/#respond"]}]},{"@type":"WebPage","@id":"https:\/\/www.eltriangle.eu\/es\/2023\/04\/06\/desactivado-el-nivel-2-del-plan-alfa-por-alto-peligro-de-incendio-forestal-en-cataluna\/","url":"https:\/\/www.eltriangle.eu\/es\/2023\/04\/06\/desactivado-el-nivel-2-del-plan-alfa-por-alto-peligro-de-incendio-forestal-en-cataluna\/","name":"Desactivado el nivel 2 del Plan Alfa por alto peligro de incendio forestal en Catalu\u00f1a - El Triangle","isPartOf":{"@id":"https:\/\/www.eltriangle.eu\/es\/#website"},"primaryImageOfPage":{"@id":"https:\/\/www.eltriangle.eu\/es\/2023\/04\/06\/desactivado-el-nivel-2-del-plan-alfa-por-alto-peligro-de-incendio-forestal-en-cataluna\/#primaryimage"},"image":{"@id":"https:\/\/www.eltriangle.eu\/es\/2023\/04\/06\/desactivado-el-nivel-2-del-plan-alfa-por-alto-peligro-de-incendio-forestal-en-cataluna\/#primaryimage"},"thumbnailUrl":"https:\/\/www.eltriangle.eu\/wp-content\/uploads\/2023\/04\/agents-rurals.jpg","datePublished":"2023-04-06T11:16:51+00:00","description":"El Cuerpo de Agentes Rurales ha desactivado el nivel 2 del Plan Alfa por alto peligro de incendio forestal en Catalu\u00f1a. Este jueves el plan se mantiene","breadcrumb":{"@id":"https:\/\/www.eltriangle.eu\/es\/2023\/04\/06\/desactivado-el-nivel-2-del-plan-alfa-por-alto-peligro-de-incendio-forestal-en-cataluna\/#breadcrumb"},"inLanguage":"es","potentialAction":[{"@type":"ReadAction","target":["https:\/\/www.eltriangle.eu\/es\/2023\/04\/06\/desactivado-el-nivel-2-del-plan-alfa-por-alto-peligro-de-incendio-forestal-en-cataluna\/"]}]},{"@type":"ImageObject","inLanguage":"es","@id":"https:\/\/www.eltriangle.eu\/es\/2023\/04\/06\/desactivado-el-nivel-2-del-plan-alfa-por-alto-peligro-de-incendio-forestal-en-cataluna\/#primaryimage","url":"https:\/\/www.eltriangle.eu\/wp-content\/uploads\/2023\/04\/agents-rurals.jpg","contentUrl":"https:\/\/www.eltriangle.eu\/wp-content\/uploads\/2023\/04\/agents-rurals.jpg","width":1200,"height":800},{"@type":"BreadcrumbList","@id":"https:\/\/www.eltriangle.eu\/es\/2023\/04\/06\/desactivado-el-nivel-2-del-plan-alfa-por-alto-peligro-de-incendio-forestal-en-cataluna\/#breadcrumb","itemListElement":[{"@type":"ListItem","position":1,"name":"Portada","item":"https:\/\/www.eltriangle.eu\/es\/"},{"@type":"ListItem","position":2,"name":"Desactivado el nivel 2 del Plan Alfa por alto peligro de incendio forestal en Catalu\u00f1a"}]},{"@type":"WebSite","@id":"https:\/\/www.eltriangle.eu\/es\/#website","url":"https:\/\/www.eltriangle.eu\/es\/","name":"El Triangle","description":"El Triangle \u00e9s un Diari d&#039;informaci\u00f3 general, editat a Catalunya i escrit en llengua catalana, especialitzat en investigaci\u00f3 period\u00edstica","publisher":{"@id":"https:\/\/www.eltriangle.eu\/es\/#organization"},"potentialAction":[{"@type":"SearchAction","target":{"@type":"EntryPoint","urlTemplate":"https:\/\/www.eltriangle.eu\/es\/?s={search_term_string}"},"query-input":{"@type":"PropertyValueSpecification","valueRequired":true,"valueName":"search_term_string"}}],"inLanguage":"es"},{"@type":["Organization","NewsMediaOrganization"],"@id":"https:\/\/www.eltriangle.eu\/es\/#organization","name":"El Triangle","url":"https:\/\/www.eltriangle.eu\/es\/","logo":{"@type":"ImageObject","inLanguage":"es","@id":"https:\/\/www.eltriangle.eu\/es\/#\/schema\/logo\/image\/","url":"https:\/\/www.eltriangle.eu\/wp-content\/uploads\/2020\/11\/triangle_logo-ajustado.jpg","contentUrl":"https:\/\/www.eltriangle.eu\/wp-content\/uploads\/2020\/11\/triangle_logo-ajustado.jpg","width":521,"height":92,"caption":"El Triangle"},"image":{"@id":"https:\/\/www.eltriangle.eu\/es\/#\/schema\/logo\/image\/"},"sameAs":["https:\/\/www.facebook.com\/El-Triangle-Diari-101787399020302","https:\/\/x.com\/El_Triangle","https:\/\/www.youtube.com\/channel\/UCTIjmYEMYSpdGonuAgNhbcg"]},{"@type":"Person","@id":"https:\/\/www.eltriangle.eu\/es\/#\/schema\/person\/6e5938f06dd4dcd413779558fbf437d9","name":"Redacci\u00f3 \/ ACN","image":{"@type":"ImageObject","inLanguage":"es","@id":"\/\/www.gravatar.com\/avatar\/a5bc366245a614da74d9f8d49d1b53bf?s=96&#038;r=g&#038;d=mm","url":"\/\/www.gravatar.com\/avatar\/a5bc366245a614da74d9f8d49d1b53bf?s=96&#038;r=g&#038;d=mm","contentUrl":"\/\/www.gravatar.com\/avatar\/a5bc366245a614da74d9f8d49d1b53bf?s=96&#038;r=g&#038;d=mm","caption":"Redacci\u00f3 \/ ACN"},"url":"https:\/\/www.eltriangle.eu\/es\/author\/redaccioacn\/"},{"@type":"SiteNavigationElement","@id":"https:\/\/www.eltriangle.eu\/es\/#site-navigation","cssSelector":[".cib-main-menu"]},{"@type":"WPHeader","@id":"https:\/\/www.eltriangle.eu\/es\/#header","cssSelector":[".cib-header"]},{"@type":"WPFooter","@id":"https:\/\/www.eltriangle.eu\/es\/#footer","cssSelector":[".cib-footer"]}]}},"amp_enabled":true,"_links":{"self":[{"href":"https:\/\/www.eltriangle.eu\/es\/wp-json\/wp\/v2\/posts\/185154","targetHints":{"allow":["GET"]}}],"collection":[{"href":"https:\/\/www.eltriangle.eu\/es\/wp-json\/wp\/v2\/posts"}],"about":[{"href":"https:\/\/www.eltriangle.eu\/es\/wp-json\/wp\/v2\/types\/post"}],"author":[{"embeddable":true,"href":"https:\/\/www.eltriangle.eu\/es\/wp-json\/wp\/v2\/users\/179"}],"replies":[{"embeddable":true,"href":"https:\/\/www.eltriangle.eu\/es\/wp-json\/wp\/v2\/comments?post=185154"}],"version-history":[{"count":0,"href":"https:\/\/www.eltriangle.eu\/es\/wp-json\/wp\/v2\/posts\/185154\/revisions"}],"wp:featuredmedia":[{"embeddable":true,"href":"https:\/\/www.eltriangle.eu\/es\/wp-json\/wp\/v2\/media\/185151"}],"wp:attachment":[{"href":"https:\/\/www.eltriangle.eu\/es\/wp-json\/wp\/v2\/media?parent=185154"}],"wp:term":[{"taxonomy":"category","embeddable":true,"href":"https:\/\/www.eltriangle.eu\/es\/wp-json\/wp\/v2\/categories?post=185154"},{"taxonomy":"post_tag","embeddable":true,"href":"https:\/\/www.eltriangle.eu\/es\/wp-json\/wp\/v2\/tags?post=185154"}],"curies":[{"name":"wp","href":"https:\/\/api.w.org\/{rel}","templated":true}]}}