{"id":183430,"date":"2023-03-29T17:51:23","date_gmt":"2023-03-29T15:51:23","guid":{"rendered":null},"modified":"2023-03-29T17:51:23","modified_gmt":"2023-03-29T15:51:23","slug":"metsola-remite-la-peticion-de-ponsati-a-un-comite-presidido-por-un-eurodiputado-de-cs","status":"publish","type":"post","link":"https:\/\/www.eltriangle.eu\/es\/2023\/03\/29\/metsola-remite-la-peticion-de-ponsati-a-un-comite-presidido-por-un-eurodiputado-de-cs\/","title":{"rendered":"Metsola remite la petici\u00f3n de Ponsat\u00ed a un comit\u00e9 presidido por un eurodiputado de Cs"},"content":{"rendered":"<p>La presidenta del Parlamento Europeo, <strong>Roberta Metsola<\/strong>, ha derivado la petici\u00f3n de protecci\u00f3n de la inmunidad formulada por la eurodiputada de Junts <strong>Clara Ponsat\u00ed<\/strong>, detenida a su regreso a Catalu\u00f1a y puesta en libertad este martes, al <strong>comit\u00e9 de Asuntos Jur\u00eddicos<\/strong>, que preside el eurodiputado de Ciudadanos <strong>Adri\u00e1n V\u00e1zquez<\/strong>.<\/p>\n<p>Ponsat\u00ed ha lamentado que Metsola, seg\u00fan ella, \u00abpase el caso burocr\u00e1ticamente\u00bb ante una detenci\u00f3n que considera \u00abilegal\u00bb. \u00ab\u00bfEs una pol\u00edtica de la presidencia o es <strong>una actitud que reserva s\u00f3lo a los catalanes<\/strong>?\u00bb, ha preguntado la eurodiputada de Junts a la presidenta de la Euroc\u00e1mara.<\/p>\n<p>Adem\u00e1s, Ponsat\u00ed ha reprochado a Metsola que haya sido \u00abincapaz de reaccionar\u00bb ante la petici\u00f3n que le dirigi\u00f3 para \u00abdefender la inmunidad\u00bb. \u00abEs una situaci\u00f3n muy lamentable que deja al Parlamento Europeo en muy mal lugar\u00bb, ha considerado la exconsejera de Ense\u00f1anza de la Generalitat.<\/p>\n<p>Al margen de Ponsat\u00ed, han intervenido en la misma sesi\u00f3n de la Euroc\u00e1mara otros pol\u00edticos catalanes, como la representante del PP y exministra<strong> Dolors Montserrat<\/strong>, que ha asegurado que en Bruselas se defiende la democracia y ha criticado de Ponsat\u00ed que \u00abpiensan que est\u00e1n en el Parlamento de Catalu\u00f1a donde hacen lo que les da la gana\u00bb.<\/p>\n<p>Por su parte, el representante de Cs <strong>Jordi Ca\u00f1as<\/strong> se ha alineado con la decisi\u00f3n de Metsola sobre la petici\u00f3n de Ponsat\u00ed y ha rechazado lo que ha etiquetado de \u00abespect\u00e1culo pol\u00edtico\u00bb. En cambio, la diputada de ERC <strong>Diana Riba<\/strong> ha apoyado a Ponsat\u00ed pidiendo a Metsola que exija a la justicia espa\u00f1ola que \u00abacate de una vez la legalidad europea\u00bb.<\/p>\n","protected":false},"excerpt":{"rendered":"<p>La presidenta del Parlamento Europeo, Roberta Metsola, ha derivado la petici\u00f3n de protecci\u00f3n de la inmunidad formulada por la eurodiputada de Junts Clara Ponsat\u00ed, detenida a su regreso a Catalu\u00f1a y puesta en libertad este martes, al comit\u00e9 de Asuntos Jur\u00eddicos, que preside el eurodiputado de Ciudadanos Adri\u00e1n V\u00e1zquez. Ponsat\u00ed ha lamentado que Metsola, seg\u00fan &#8230; <a title=\"Metsola remite la petici\u00f3n de Ponsat\u00ed a un comit\u00e9 presidido por un eurodiputado de Cs\" class=\"read-more\" href=\"https:\/\/www.eltriangle.eu\/es\/2023\/03\/29\/metsola-remite-la-peticion-de-ponsati-a-un-comite-presidido-por-un-eurodiputado-de-cs\/\" aria-label=\"Leer m\u00e1s sobre Metsola remite la petici\u00f3n de Ponsat\u00ed a un comit\u00e9 presidido por un eurodiputado de Cs\">Leer m\u00e1s<\/a><\/p>\n","protected":false},"author":2,"featured_media":183426,"comment_status":"open","ping_status":"closed","sticky":false,"template":"","format":"standard","meta":{"_acf_changed":false,"pmpro_default_level":"","footnotes":""},"categories":[24,74],"tags":[305,2638],"class_list":["post-183430","post","type-post","status-publish","format-standard","has-post-thumbnail","hentry","category-actualidad","category-poderes","tag-clara-ponsati-es","tag-roberta-metsola-es","lh_instant_articles-syndicate-yes","pmpro-has-access"],"acf":[],"yoast_head":"<!-- This site is optimized with the Yoast SEO plugin v27.4 - https:\/\/yoast.com\/product\/yoast-seo-wordpress\/ -->\n<title>Metsola remite la petici\u00f3n de Ponsat\u00ed a un comit\u00e9 presidido por un eurodiputado de Cs - El Triangle<\/title>\n<meta name=\"description\" content=\"La presidenta del Parlamento Europeo, Roberta Metsola, ha derivado la petici\u00f3n de protecci\u00f3n de la inmunidad formulada por la eurodiputada de Junts Clara\" class=\"yoast-seo-meta-tag\" \/>\n<meta name=\"robots\" content=\"index, follow, max-snippet:-1, max-image-preview:large, max-video-preview:-1\" \/>\n<link rel=\"canonical\" href=\"https:\/\/www.eltriangle.eu\/es\/2023\/03\/29\/metsola-remite-la-peticion-de-ponsati-a-un-comite-presidido-por-un-eurodiputado-de-cs\/\" class=\"yoast-seo-meta-tag\" \/>\n<meta property=\"og:locale\" content=\"es_ES\" class=\"yoast-seo-meta-tag\" \/>\n<meta property=\"og:type\" content=\"article\" class=\"yoast-seo-meta-tag\" \/>\n<meta property=\"og:title\" content=\"Metsola remite la petici\u00f3n de Ponsat\u00ed a un comit\u00e9 presidido por un eurodiputado de Cs - El Triangle\" class=\"yoast-seo-meta-tag\" \/>\n<meta property=\"og:description\" content=\"La presidenta del Parlamento Europeo, Roberta Metsola, ha derivado la petici\u00f3n de protecci\u00f3n de la inmunidad formulada por la eurodiputada de Junts Clara\" class=\"yoast-seo-meta-tag\" \/>\n<meta property=\"og:url\" content=\"https:\/\/www.eltriangle.eu\/es\/2023\/03\/29\/metsola-remite-la-peticion-de-ponsati-a-un-comite-presidido-por-un-eurodiputado-de-cs\/\" class=\"yoast-seo-meta-tag\" \/>\n<meta property=\"og:site_name\" content=\"El Triangle\" class=\"yoast-seo-meta-tag\" \/>\n<meta property=\"article:publisher\" content=\"https:\/\/www.facebook.com\/El-Triangle-Diari-101787399020302\" class=\"yoast-seo-meta-tag\" \/>\n<meta property=\"article:published_time\" content=\"2023-03-29T15:51:23+00:00\" class=\"yoast-seo-meta-tag\" \/>\n<meta property=\"og:image\" content=\"https:\/\/www.eltriangle.eu\/wp-content\/uploads\/2023\/03\/clara-ponsati-2-e1680104294999.jpg\" class=\"yoast-seo-meta-tag\" \/>\n\t<meta property=\"og:image:width\" content=\"1200\" class=\"yoast-seo-meta-tag\" \/>\n\t<meta property=\"og:image:height\" content=\"800\" class=\"yoast-seo-meta-tag\" \/>\n\t<meta property=\"og:image:type\" content=\"image\/jpeg\" class=\"yoast-seo-meta-tag\" \/>\n<meta name=\"author\" content=\"Redacci\u00f3n\" class=\"yoast-seo-meta-tag\" \/>\n<meta name=\"twitter:card\" content=\"summary_large_image\" class=\"yoast-seo-meta-tag\" \/>\n<meta name=\"twitter:creator\" content=\"@El_Triangle\" class=\"yoast-seo-meta-tag\" \/>\n<meta name=\"twitter:site\" content=\"@El_Triangle\" class=\"yoast-seo-meta-tag\" \/>\n<meta name=\"twitter:label1\" content=\"Escrito por\" class=\"yoast-seo-meta-tag\" \/>\n\t<meta name=\"twitter:data1\" content=\"Redacci\u00f3n\" class=\"yoast-seo-meta-tag\" \/>\n\t<meta name=\"twitter:label2\" content=\"Tiempo de lectura\" class=\"yoast-seo-meta-tag\" \/>\n\t<meta name=\"twitter:data2\" content=\"1 minuto\" class=\"yoast-seo-meta-tag\" \/>\n<script type=\"application\/ld+json\" class=\"yoast-schema-graph\">{\"@context\":\"https:\\\/\\\/schema.org\",\"@graph\":[{\"@type\":\"NewsArticle\",\"@id\":\"https:\\\/\\\/www.eltriangle.eu\\\/es\\\/2023\\\/03\\\/29\\\/metsola-remite-la-peticion-de-ponsati-a-un-comite-presidido-por-un-eurodiputado-de-cs\\\/#article\",\"isPartOf\":{\"@id\":\"https:\\\/\\\/www.eltriangle.eu\\\/es\\\/2023\\\/03\\\/29\\\/metsola-remite-la-peticion-de-ponsati-a-un-comite-presidido-por-un-eurodiputado-de-cs\\\/\"},\"author\":{\"name\":\"Redacci\u00f3n\",\"@id\":\"https:\\\/\\\/www.eltriangle.eu\\\/es\\\/#\\\/schema\\\/person\\\/164a138451b4f28d35c3f5984dac8e18\"},\"headline\":\"Metsola remite la petici\u00f3n de Ponsat\u00ed a un comit\u00e9 presidido por un eurodiputado de Cs\",\"datePublished\":\"2023-03-29T15:51:23+00:00\",\"mainEntityOfPage\":{\"@id\":\"https:\\\/\\\/www.eltriangle.eu\\\/es\\\/2023\\\/03\\\/29\\\/metsola-remite-la-peticion-de-ponsati-a-un-comite-presidido-por-un-eurodiputado-de-cs\\\/\"},\"wordCount\":300,\"commentCount\":0,\"publisher\":{\"@id\":\"https:\\\/\\\/www.eltriangle.eu\\\/es\\\/#organization\"},\"image\":{\"@id\":\"https:\\\/\\\/www.eltriangle.eu\\\/es\\\/2023\\\/03\\\/29\\\/metsola-remite-la-peticion-de-ponsati-a-un-comite-presidido-por-un-eurodiputado-de-cs\\\/#primaryimage\"},\"thumbnailUrl\":\"https:\\\/\\\/www.eltriangle.eu\\\/wp-content\\\/uploads\\\/2023\\\/03\\\/clara-ponsati-2-e1680104294999.jpg\",\"keywords\":[\"Clara Ponsat\u00ed\",\"Roberta Metsola\"],\"articleSection\":[\"Actualidad\",\"Poderes\"],\"inLanguage\":\"es\",\"potentialAction\":[{\"@type\":\"CommentAction\",\"name\":\"Comment\",\"target\":[\"https:\\\/\\\/www.eltriangle.eu\\\/es\\\/2023\\\/03\\\/29\\\/metsola-remite-la-peticion-de-ponsati-a-un-comite-presidido-por-un-eurodiputado-de-cs\\\/#respond\"]}]},{\"@type\":\"WebPage\",\"@id\":\"https:\\\/\\\/www.eltriangle.eu\\\/es\\\/2023\\\/03\\\/29\\\/metsola-remite-la-peticion-de-ponsati-a-un-comite-presidido-por-un-eurodiputado-de-cs\\\/\",\"url\":\"https:\\\/\\\/www.eltriangle.eu\\\/es\\\/2023\\\/03\\\/29\\\/metsola-remite-la-peticion-de-ponsati-a-un-comite-presidido-por-un-eurodiputado-de-cs\\\/\",\"name\":\"Metsola remite la petici\u00f3n de Ponsat\u00ed a un comit\u00e9 presidido por un eurodiputado de Cs - El Triangle\",\"isPartOf\":{\"@id\":\"https:\\\/\\\/www.eltriangle.eu\\\/es\\\/#website\"},\"primaryImageOfPage\":{\"@id\":\"https:\\\/\\\/www.eltriangle.eu\\\/es\\\/2023\\\/03\\\/29\\\/metsola-remite-la-peticion-de-ponsati-a-un-comite-presidido-por-un-eurodiputado-de-cs\\\/#primaryimage\"},\"image\":{\"@id\":\"https:\\\/\\\/www.eltriangle.eu\\\/es\\\/2023\\\/03\\\/29\\\/metsola-remite-la-peticion-de-ponsati-a-un-comite-presidido-por-un-eurodiputado-de-cs\\\/#primaryimage\"},\"thumbnailUrl\":\"https:\\\/\\\/www.eltriangle.eu\\\/wp-content\\\/uploads\\\/2023\\\/03\\\/clara-ponsati-2-e1680104294999.jpg\",\"datePublished\":\"2023-03-29T15:51:23+00:00\",\"description\":\"La presidenta del Parlamento Europeo, Roberta Metsola, ha derivado la petici\u00f3n de protecci\u00f3n de la inmunidad formulada por la eurodiputada de Junts Clara\",\"breadcrumb\":{\"@id\":\"https:\\\/\\\/www.eltriangle.eu\\\/es\\\/2023\\\/03\\\/29\\\/metsola-remite-la-peticion-de-ponsati-a-un-comite-presidido-por-un-eurodiputado-de-cs\\\/#breadcrumb\"},\"inLanguage\":\"es\",\"potentialAction\":[{\"@type\":\"ReadAction\",\"target\":[\"https:\\\/\\\/www.eltriangle.eu\\\/es\\\/2023\\\/03\\\/29\\\/metsola-remite-la-peticion-de-ponsati-a-un-comite-presidido-por-un-eurodiputado-de-cs\\\/\"]}]},{\"@type\":\"ImageObject\",\"inLanguage\":\"es\",\"@id\":\"https:\\\/\\\/www.eltriangle.eu\\\/es\\\/2023\\\/03\\\/29\\\/metsola-remite-la-peticion-de-ponsati-a-un-comite-presidido-por-un-eurodiputado-de-cs\\\/#primaryimage\",\"url\":\"https:\\\/\\\/www.eltriangle.eu\\\/wp-content\\\/uploads\\\/2023\\\/03\\\/clara-ponsati-2-e1680104294999.jpg\",\"contentUrl\":\"https:\\\/\\\/www.eltriangle.eu\\\/wp-content\\\/uploads\\\/2023\\\/03\\\/clara-ponsati-2-e1680104294999.jpg\",\"width\":1200,\"height\":800,\"caption\":\"Clara Ponsat\u00ed\"},{\"@type\":\"BreadcrumbList\",\"@id\":\"https:\\\/\\\/www.eltriangle.eu\\\/es\\\/2023\\\/03\\\/29\\\/metsola-remite-la-peticion-de-ponsati-a-un-comite-presidido-por-un-eurodiputado-de-cs\\\/#breadcrumb\",\"itemListElement\":[{\"@type\":\"ListItem\",\"position\":1,\"name\":\"Portada\",\"item\":\"https:\\\/\\\/www.eltriangle.eu\\\/es\\\/\"},{\"@type\":\"ListItem\",\"position\":2,\"name\":\"Metsola remite la petici\u00f3n de Ponsat\u00ed a un comit\u00e9 presidido por un eurodiputado de Cs\"}]},{\"@type\":\"WebSite\",\"@id\":\"https:\\\/\\\/www.eltriangle.eu\\\/es\\\/#website\",\"url\":\"https:\\\/\\\/www.eltriangle.eu\\\/es\\\/\",\"name\":\"El Triangle\",\"description\":\"El Triangle \u00e9s un Diari d&#039;informaci\u00f3 general, editat a Catalunya i escrit en llengua catalana, especialitzat en investigaci\u00f3 period\u00edstica\",\"publisher\":{\"@id\":\"https:\\\/\\\/www.eltriangle.eu\\\/es\\\/#organization\"},\"potentialAction\":[{\"@type\":\"SearchAction\",\"target\":{\"@type\":\"EntryPoint\",\"urlTemplate\":\"https:\\\/\\\/www.eltriangle.eu\\\/es\\\/?s={search_term_string}\"},\"query-input\":{\"@type\":\"PropertyValueSpecification\",\"valueRequired\":true,\"valueName\":\"search_term_string\"}}],\"inLanguage\":\"es\"},{\"@type\":[\"Organization\",\"NewsMediaOrganization\"],\"@id\":\"https:\\\/\\\/www.eltriangle.eu\\\/es\\\/#organization\",\"name\":\"El Triangle\",\"url\":\"https:\\\/\\\/www.eltriangle.eu\\\/es\\\/\",\"logo\":{\"@type\":\"ImageObject\",\"inLanguage\":\"es\",\"@id\":\"https:\\\/\\\/www.eltriangle.eu\\\/es\\\/#\\\/schema\\\/logo\\\/image\\\/\",\"url\":\"https:\\\/\\\/www.eltriangle.eu\\\/wp-content\\\/uploads\\\/2020\\\/11\\\/triangle_logo-ajustado.jpg\",\"contentUrl\":\"https:\\\/\\\/www.eltriangle.eu\\\/wp-content\\\/uploads\\\/2020\\\/11\\\/triangle_logo-ajustado.jpg\",\"width\":521,\"height\":92,\"caption\":\"El Triangle\"},\"image\":{\"@id\":\"https:\\\/\\\/www.eltriangle.eu\\\/es\\\/#\\\/schema\\\/logo\\\/image\\\/\"},\"sameAs\":[\"https:\\\/\\\/www.facebook.com\\\/El-Triangle-Diari-101787399020302\",\"https:\\\/\\\/x.com\\\/El_Triangle\",\"https:\\\/\\\/www.youtube.com\\\/channel\\\/UCTIjmYEMYSpdGonuAgNhbcg\"]},{\"@type\":\"Person\",\"@id\":\"https:\\\/\\\/www.eltriangle.eu\\\/es\\\/#\\\/schema\\\/person\\\/164a138451b4f28d35c3f5984dac8e18\",\"name\":\"Redacci\u00f3n\",\"image\":{\"@type\":\"ImageObject\",\"inLanguage\":\"es\",\"@id\":\"\\\/\\\/www.gravatar.com\\\/avatar\\\/147263d1a435839b8405c79279bb6558?s=96&#038;r=g&#038;d=mm\",\"url\":\"\\\/\\\/www.gravatar.com\\\/avatar\\\/147263d1a435839b8405c79279bb6558?s=96&#038;r=g&#038;d=mm\",\"contentUrl\":\"\\\/\\\/www.gravatar.com\\\/avatar\\\/147263d1a435839b8405c79279bb6558?s=96&#038;r=g&#038;d=mm\",\"caption\":\"Redacci\u00f3n\"},\"url\":\"https:\\\/\\\/www.eltriangle.eu\\\/es\\\/author\\\/autor-1\\\/\"},{\"@type\":\"SiteNavigationElement\",\"@id\":\"https:\\\/\\\/www.eltriangle.eu\\\/es\\\/#site-navigation\",\"cssSelector\":[\".cib-main-menu\"]},{\"@type\":\"WPHeader\",\"@id\":\"https:\\\/\\\/www.eltriangle.eu\\\/es\\\/#header\",\"cssSelector\":[\".cib-header\"]},{\"@type\":\"WPFooter\",\"@id\":\"https:\\\/\\\/www.eltriangle.eu\\\/es\\\/#footer\",\"cssSelector\":[\".cib-footer\"]}]}<\/script>\n<!-- \/ Yoast SEO plugin. -->","yoast_head_json":{"title":"Metsola remite la petici\u00f3n de Ponsat\u00ed a un comit\u00e9 presidido por un eurodiputado de Cs - El Triangle","description":"La presidenta del Parlamento Europeo, Roberta Metsola, ha derivado la petici\u00f3n de protecci\u00f3n de la inmunidad formulada por la eurodiputada de Junts Clara","robots":{"index":"index","follow":"follow","max-snippet":"max-snippet:-1","max-image-preview":"max-image-preview:large","max-video-preview":"max-video-preview:-1"},"canonical":"https:\/\/www.eltriangle.eu\/es\/2023\/03\/29\/metsola-remite-la-peticion-de-ponsati-a-un-comite-presidido-por-un-eurodiputado-de-cs\/","og_locale":"es_ES","og_type":"article","og_title":"Metsola remite la petici\u00f3n de Ponsat\u00ed a un comit\u00e9 presidido por un eurodiputado de Cs - El Triangle","og_description":"La presidenta del Parlamento Europeo, Roberta Metsola, ha derivado la petici\u00f3n de protecci\u00f3n de la inmunidad formulada por la eurodiputada de Junts Clara","og_url":"https:\/\/www.eltriangle.eu\/es\/2023\/03\/29\/metsola-remite-la-peticion-de-ponsati-a-un-comite-presidido-por-un-eurodiputado-de-cs\/","og_site_name":"El Triangle","article_publisher":"https:\/\/www.facebook.com\/El-Triangle-Diari-101787399020302","article_published_time":"2023-03-29T15:51:23+00:00","og_image":[{"width":1200,"height":800,"url":"https:\/\/www.eltriangle.eu\/wp-content\/uploads\/2023\/03\/clara-ponsati-2-e1680104294999.jpg","type":"image\/jpeg"}],"author":"Redacci\u00f3n","twitter_card":"summary_large_image","twitter_creator":"@El_Triangle","twitter_site":"@El_Triangle","twitter_misc":{"Escrito por":"Redacci\u00f3n","Tiempo de lectura":"1 minuto"},"schema":{"@context":"https:\/\/schema.org","@graph":[{"@type":"NewsArticle","@id":"https:\/\/www.eltriangle.eu\/es\/2023\/03\/29\/metsola-remite-la-peticion-de-ponsati-a-un-comite-presidido-por-un-eurodiputado-de-cs\/#article","isPartOf":{"@id":"https:\/\/www.eltriangle.eu\/es\/2023\/03\/29\/metsola-remite-la-peticion-de-ponsati-a-un-comite-presidido-por-un-eurodiputado-de-cs\/"},"author":{"name":"Redacci\u00f3n","@id":"https:\/\/www.eltriangle.eu\/es\/#\/schema\/person\/164a138451b4f28d35c3f5984dac8e18"},"headline":"Metsola remite la petici\u00f3n de Ponsat\u00ed a un comit\u00e9 presidido por un eurodiputado de Cs","datePublished":"2023-03-29T15:51:23+00:00","mainEntityOfPage":{"@id":"https:\/\/www.eltriangle.eu\/es\/2023\/03\/29\/metsola-remite-la-peticion-de-ponsati-a-un-comite-presidido-por-un-eurodiputado-de-cs\/"},"wordCount":300,"commentCount":0,"publisher":{"@id":"https:\/\/www.eltriangle.eu\/es\/#organization"},"image":{"@id":"https:\/\/www.eltriangle.eu\/es\/2023\/03\/29\/metsola-remite-la-peticion-de-ponsati-a-un-comite-presidido-por-un-eurodiputado-de-cs\/#primaryimage"},"thumbnailUrl":"https:\/\/www.eltriangle.eu\/wp-content\/uploads\/2023\/03\/clara-ponsati-2-e1680104294999.jpg","keywords":["Clara Ponsat\u00ed","Roberta Metsola"],"articleSection":["Actualidad","Poderes"],"inLanguage":"es","potentialAction":[{"@type":"CommentAction","name":"Comment","target":["https:\/\/www.eltriangle.eu\/es\/2023\/03\/29\/metsola-remite-la-peticion-de-ponsati-a-un-comite-presidido-por-un-eurodiputado-de-cs\/#respond"]}]},{"@type":"WebPage","@id":"https:\/\/www.eltriangle.eu\/es\/2023\/03\/29\/metsola-remite-la-peticion-de-ponsati-a-un-comite-presidido-por-un-eurodiputado-de-cs\/","url":"https:\/\/www.eltriangle.eu\/es\/2023\/03\/29\/metsola-remite-la-peticion-de-ponsati-a-un-comite-presidido-por-un-eurodiputado-de-cs\/","name":"Metsola remite la petici\u00f3n de Ponsat\u00ed a un comit\u00e9 presidido por un eurodiputado de Cs - El Triangle","isPartOf":{"@id":"https:\/\/www.eltriangle.eu\/es\/#website"},"primaryImageOfPage":{"@id":"https:\/\/www.eltriangle.eu\/es\/2023\/03\/29\/metsola-remite-la-peticion-de-ponsati-a-un-comite-presidido-por-un-eurodiputado-de-cs\/#primaryimage"},"image":{"@id":"https:\/\/www.eltriangle.eu\/es\/2023\/03\/29\/metsola-remite-la-peticion-de-ponsati-a-un-comite-presidido-por-un-eurodiputado-de-cs\/#primaryimage"},"thumbnailUrl":"https:\/\/www.eltriangle.eu\/wp-content\/uploads\/2023\/03\/clara-ponsati-2-e1680104294999.jpg","datePublished":"2023-03-29T15:51:23+00:00","description":"La presidenta del Parlamento Europeo, Roberta Metsola, ha derivado la petici\u00f3n de protecci\u00f3n de la inmunidad formulada por la eurodiputada de Junts Clara","breadcrumb":{"@id":"https:\/\/www.eltriangle.eu\/es\/2023\/03\/29\/metsola-remite-la-peticion-de-ponsati-a-un-comite-presidido-por-un-eurodiputado-de-cs\/#breadcrumb"},"inLanguage":"es","potentialAction":[{"@type":"ReadAction","target":["https:\/\/www.eltriangle.eu\/es\/2023\/03\/29\/metsola-remite-la-peticion-de-ponsati-a-un-comite-presidido-por-un-eurodiputado-de-cs\/"]}]},{"@type":"ImageObject","inLanguage":"es","@id":"https:\/\/www.eltriangle.eu\/es\/2023\/03\/29\/metsola-remite-la-peticion-de-ponsati-a-un-comite-presidido-por-un-eurodiputado-de-cs\/#primaryimage","url":"https:\/\/www.eltriangle.eu\/wp-content\/uploads\/2023\/03\/clara-ponsati-2-e1680104294999.jpg","contentUrl":"https:\/\/www.eltriangle.eu\/wp-content\/uploads\/2023\/03\/clara-ponsati-2-e1680104294999.jpg","width":1200,"height":800,"caption":"Clara Ponsat\u00ed"},{"@type":"BreadcrumbList","@id":"https:\/\/www.eltriangle.eu\/es\/2023\/03\/29\/metsola-remite-la-peticion-de-ponsati-a-un-comite-presidido-por-un-eurodiputado-de-cs\/#breadcrumb","itemListElement":[{"@type":"ListItem","position":1,"name":"Portada","item":"https:\/\/www.eltriangle.eu\/es\/"},{"@type":"ListItem","position":2,"name":"Metsola remite la petici\u00f3n de Ponsat\u00ed a un comit\u00e9 presidido por un eurodiputado de Cs"}]},{"@type":"WebSite","@id":"https:\/\/www.eltriangle.eu\/es\/#website","url":"https:\/\/www.eltriangle.eu\/es\/","name":"El Triangle","description":"El Triangle \u00e9s un Diari d&#039;informaci\u00f3 general, editat a Catalunya i escrit en llengua catalana, especialitzat en investigaci\u00f3 period\u00edstica","publisher":{"@id":"https:\/\/www.eltriangle.eu\/es\/#organization"},"potentialAction":[{"@type":"SearchAction","target":{"@type":"EntryPoint","urlTemplate":"https:\/\/www.eltriangle.eu\/es\/?s={search_term_string}"},"query-input":{"@type":"PropertyValueSpecification","valueRequired":true,"valueName":"search_term_string"}}],"inLanguage":"es"},{"@type":["Organization","NewsMediaOrganization"],"@id":"https:\/\/www.eltriangle.eu\/es\/#organization","name":"El Triangle","url":"https:\/\/www.eltriangle.eu\/es\/","logo":{"@type":"ImageObject","inLanguage":"es","@id":"https:\/\/www.eltriangle.eu\/es\/#\/schema\/logo\/image\/","url":"https:\/\/www.eltriangle.eu\/wp-content\/uploads\/2020\/11\/triangle_logo-ajustado.jpg","contentUrl":"https:\/\/www.eltriangle.eu\/wp-content\/uploads\/2020\/11\/triangle_logo-ajustado.jpg","width":521,"height":92,"caption":"El Triangle"},"image":{"@id":"https:\/\/www.eltriangle.eu\/es\/#\/schema\/logo\/image\/"},"sameAs":["https:\/\/www.facebook.com\/El-Triangle-Diari-101787399020302","https:\/\/x.com\/El_Triangle","https:\/\/www.youtube.com\/channel\/UCTIjmYEMYSpdGonuAgNhbcg"]},{"@type":"Person","@id":"https:\/\/www.eltriangle.eu\/es\/#\/schema\/person\/164a138451b4f28d35c3f5984dac8e18","name":"Redacci\u00f3n","image":{"@type":"ImageObject","inLanguage":"es","@id":"\/\/www.gravatar.com\/avatar\/147263d1a435839b8405c79279bb6558?s=96&#038;r=g&#038;d=mm","url":"\/\/www.gravatar.com\/avatar\/147263d1a435839b8405c79279bb6558?s=96&#038;r=g&#038;d=mm","contentUrl":"\/\/www.gravatar.com\/avatar\/147263d1a435839b8405c79279bb6558?s=96&#038;r=g&#038;d=mm","caption":"Redacci\u00f3n"},"url":"https:\/\/www.eltriangle.eu\/es\/author\/autor-1\/"},{"@type":"SiteNavigationElement","@id":"https:\/\/www.eltriangle.eu\/es\/#site-navigation","cssSelector":[".cib-main-menu"]},{"@type":"WPHeader","@id":"https:\/\/www.eltriangle.eu\/es\/#header","cssSelector":[".cib-header"]},{"@type":"WPFooter","@id":"https:\/\/www.eltriangle.eu\/es\/#footer","cssSelector":[".cib-footer"]}]}},"amp_enabled":true,"_links":{"self":[{"href":"https:\/\/www.eltriangle.eu\/es\/wp-json\/wp\/v2\/posts\/183430","targetHints":{"allow":["GET"]}}],"collection":[{"href":"https:\/\/www.eltriangle.eu\/es\/wp-json\/wp\/v2\/posts"}],"about":[{"href":"https:\/\/www.eltriangle.eu\/es\/wp-json\/wp\/v2\/types\/post"}],"author":[{"embeddable":true,"href":"https:\/\/www.eltriangle.eu\/es\/wp-json\/wp\/v2\/users\/2"}],"replies":[{"embeddable":true,"href":"https:\/\/www.eltriangle.eu\/es\/wp-json\/wp\/v2\/comments?post=183430"}],"version-history":[{"count":0,"href":"https:\/\/www.eltriangle.eu\/es\/wp-json\/wp\/v2\/posts\/183430\/revisions"}],"wp:featuredmedia":[{"embeddable":true,"href":"https:\/\/www.eltriangle.eu\/es\/wp-json\/wp\/v2\/media\/183426"}],"wp:attachment":[{"href":"https:\/\/www.eltriangle.eu\/es\/wp-json\/wp\/v2\/media?parent=183430"}],"wp:term":[{"taxonomy":"category","embeddable":true,"href":"https:\/\/www.eltriangle.eu\/es\/wp-json\/wp\/v2\/categories?post=183430"},{"taxonomy":"post_tag","embeddable":true,"href":"https:\/\/www.eltriangle.eu\/es\/wp-json\/wp\/v2\/tags?post=183430"}],"curies":[{"name":"wp","href":"https:\/\/api.w.org\/{rel}","templated":true}]}}