{"id":180241,"date":"2023-03-14T08:00:10","date_gmt":"2023-03-14T07:00:10","guid":{"rendered":null},"modified":"2023-06-13T13:45:07","modified_gmt":"2023-06-13T11:45:07","slug":"encuentran-un-cadaver-en-el-maletero-de-una-furgoneta-en-barcelona","status":"publish","type":"post","link":"https:\/\/www.eltriangle.eu\/es\/2023\/03\/14\/encuentran-un-cadaver-en-el-maletero-de-una-furgoneta-en-barcelona\/","title":{"rendered":"Encuentran un cad\u00e1ver en el maletero de una furgoneta en Barcelona"},"content":{"rendered":"<p>Los Mossos d&#8217;Esquadra investigan el <strong>hallazgo de un<\/strong> <strong>cad\u00e1ver en el maletero de una furgoneta<\/strong> en el centro de Barcelona el pasado 9 de marzo. As\u00ed lo avanza <em>El Principal<\/em>, que explica que los hechos tuvieron lugar en torno a las 23:00h en Via Augusta, en el cruce con la Diagonal.<\/p>\n<p>Fuentes policiales relatan que los agentes segu\u00edan el veh\u00edculo en el que viajaban tres hombres, lo detuvieron y encontraron el cuerpo de una persona sin vida en el interior. <strong>La autopsia deber\u00e1 determinar las causas de la muerte.<\/strong><\/p>\n<div class=\"traductor-textarea form-group\">\n<div class=\"textarea-desti col-xs-12 col-sm-6\">\n<div class=\"form-control second-textarea\">La Divisi\u00f3n de Investigaci\u00f3n Criminal (DIC) de los Mossos se ha hecho cargo de la investigaci\u00f3n, y ya se han detenido a varias personas que podr\u00edan estar relacionadas con el suceso.<\/div>\n<\/div>\n<\/div>\n","protected":false},"excerpt":{"rendered":"<p>Los Mossos d&#8217;Esquadra investigan el hallazgo de un cad\u00e1ver en el maletero de una furgoneta en el centro de Barcelona el pasado 9 de marzo. As\u00ed lo avanza El Principal, que explica que los hechos tuvieron lugar en torno a las 23:00h en Via Augusta, en el cruce con la Diagonal. Fuentes policiales relatan que &#8230; <a title=\"Encuentran un cad\u00e1ver en el maletero de una furgoneta en Barcelona\" class=\"read-more\" href=\"https:\/\/www.eltriangle.eu\/es\/2023\/03\/14\/encuentran-un-cadaver-en-el-maletero-de-una-furgoneta-en-barcelona\/\" aria-label=\"Leer m\u00e1s sobre Encuentran un cad\u00e1ver en el maletero de una furgoneta en Barcelona\">Leer m\u00e1s<\/a><\/p>\n","protected":false},"author":179,"featured_media":32442,"comment_status":"open","ping_status":"closed","sticky":false,"template":"","format":"standard","meta":{"_acf_changed":false,"pmpro_default_level":"","footnotes":""},"categories":[24,76],"tags":[480],"class_list":["post-180241","post","type-post","status-publish","format-standard","has-post-thumbnail","hentry","category-actualidad","category-en-la-calle","tag-mossos-desquadra-es","lh_instant_articles-syndicate-yes","pmpro-has-access"],"acf":[],"yoast_head":"<!-- This site is optimized with the Yoast SEO plugin v27.4 - https:\/\/yoast.com\/product\/yoast-seo-wordpress\/ -->\n<title>Encuentran un cad\u00e1ver en el maletero de una furgoneta en Barcelona - El Triangle<\/title>\n<meta name=\"description\" content=\"Los Mossos d&#039;Esquadra investigan el hallazgo de un cad\u00e1ver en el maletero de una furgoneta en el centro de Barcelona el pasado 9 de marzo. As\u00ed lo avanza\" class=\"yoast-seo-meta-tag\" \/>\n<meta name=\"robots\" content=\"index, follow, max-snippet:-1, max-image-preview:large, max-video-preview:-1\" \/>\n<link rel=\"canonical\" href=\"https:\/\/www.eltriangle.eu\/es\/2023\/03\/14\/encuentran-un-cadaver-en-el-maletero-de-una-furgoneta-en-barcelona\/\" class=\"yoast-seo-meta-tag\" \/>\n<meta property=\"og:locale\" content=\"es_ES\" class=\"yoast-seo-meta-tag\" \/>\n<meta property=\"og:type\" content=\"article\" class=\"yoast-seo-meta-tag\" \/>\n<meta property=\"og:title\" content=\"Encuentran un cad\u00e1ver en el maletero de una furgoneta en Barcelona - El Triangle\" class=\"yoast-seo-meta-tag\" \/>\n<meta property=\"og:description\" content=\"Los Mossos d&#039;Esquadra investigan el hallazgo de un cad\u00e1ver en el maletero de una furgoneta en el centro de Barcelona el pasado 9 de marzo. As\u00ed lo avanza\" class=\"yoast-seo-meta-tag\" \/>\n<meta property=\"og:url\" content=\"https:\/\/www.eltriangle.eu\/es\/2023\/03\/14\/encuentran-un-cadaver-en-el-maletero-de-una-furgoneta-en-barcelona\/\" class=\"yoast-seo-meta-tag\" \/>\n<meta property=\"og:site_name\" content=\"El Triangle\" class=\"yoast-seo-meta-tag\" \/>\n<meta property=\"article:publisher\" content=\"https:\/\/www.facebook.com\/El-Triangle-Diari-101787399020302\" class=\"yoast-seo-meta-tag\" \/>\n<meta property=\"article:published_time\" content=\"2023-03-14T07:00:10+00:00\" class=\"yoast-seo-meta-tag\" \/>\n<meta property=\"article:modified_time\" content=\"2023-06-13T11:45:07+00:00\" class=\"yoast-seo-meta-tag\" \/>\n<meta property=\"og:image\" content=\"https:\/\/www.eltriangle.eu\/wp-content\/uploads\/2020\/11\/mossos-d-esquadra-4.jpeg\" class=\"yoast-seo-meta-tag\" \/>\n\t<meta property=\"og:image:width\" content=\"1960\" class=\"yoast-seo-meta-tag\" \/>\n\t<meta property=\"og:image:height\" content=\"1125\" class=\"yoast-seo-meta-tag\" \/>\n\t<meta property=\"og:image:type\" content=\"image\/jpeg\" class=\"yoast-seo-meta-tag\" \/>\n<meta name=\"author\" content=\"Redacci\u00f3 \/ ACN\" class=\"yoast-seo-meta-tag\" \/>\n<meta name=\"twitter:card\" content=\"summary_large_image\" class=\"yoast-seo-meta-tag\" \/>\n<meta name=\"twitter:creator\" content=\"@El_Triangle\" class=\"yoast-seo-meta-tag\" \/>\n<meta name=\"twitter:site\" content=\"@El_Triangle\" class=\"yoast-seo-meta-tag\" \/>\n<meta name=\"twitter:label1\" content=\"Escrito por\" class=\"yoast-seo-meta-tag\" \/>\n\t<meta name=\"twitter:data1\" content=\"Redacci\u00f3 \/ ACN\" class=\"yoast-seo-meta-tag\" \/>\n\t<meta name=\"twitter:label2\" content=\"Tiempo de lectura\" class=\"yoast-seo-meta-tag\" \/>\n\t<meta name=\"twitter:data2\" content=\"1 minuto\" class=\"yoast-seo-meta-tag\" \/>\n<script type=\"application\/ld+json\" class=\"yoast-schema-graph\">{\"@context\":\"https:\\\/\\\/schema.org\",\"@graph\":[{\"@type\":\"NewsArticle\",\"@id\":\"https:\\\/\\\/www.eltriangle.eu\\\/es\\\/2023\\\/03\\\/14\\\/encuentran-un-cadaver-en-el-maletero-de-una-furgoneta-en-barcelona\\\/#article\",\"isPartOf\":{\"@id\":\"https:\\\/\\\/www.eltriangle.eu\\\/es\\\/2023\\\/03\\\/14\\\/encuentran-un-cadaver-en-el-maletero-de-una-furgoneta-en-barcelona\\\/\"},\"author\":{\"name\":\"Redacci\u00f3 \\\/ ACN\",\"@id\":\"https:\\\/\\\/www.eltriangle.eu\\\/es\\\/#\\\/schema\\\/person\\\/6e5938f06dd4dcd413779558fbf437d9\"},\"headline\":\"Encuentran un cad\u00e1ver en el maletero de una furgoneta en Barcelona\",\"datePublished\":\"2023-03-14T07:00:10+00:00\",\"dateModified\":\"2023-06-13T11:45:07+00:00\",\"mainEntityOfPage\":{\"@id\":\"https:\\\/\\\/www.eltriangle.eu\\\/es\\\/2023\\\/03\\\/14\\\/encuentran-un-cadaver-en-el-maletero-de-una-furgoneta-en-barcelona\\\/\"},\"wordCount\":139,\"commentCount\":0,\"publisher\":{\"@id\":\"https:\\\/\\\/www.eltriangle.eu\\\/es\\\/#organization\"},\"image\":{\"@id\":\"https:\\\/\\\/www.eltriangle.eu\\\/es\\\/2023\\\/03\\\/14\\\/encuentran-un-cadaver-en-el-maletero-de-una-furgoneta-en-barcelona\\\/#primaryimage\"},\"thumbnailUrl\":\"https:\\\/\\\/www.eltriangle.eu\\\/wp-content\\\/uploads\\\/2020\\\/11\\\/mossos-d-esquadra-4.jpeg\",\"keywords\":[\"Mossos d'Esquadra\"],\"articleSection\":[\"Actualidad\",\"En la calle\"],\"inLanguage\":\"es\",\"potentialAction\":[{\"@type\":\"CommentAction\",\"name\":\"Comment\",\"target\":[\"https:\\\/\\\/www.eltriangle.eu\\\/es\\\/2023\\\/03\\\/14\\\/encuentran-un-cadaver-en-el-maletero-de-una-furgoneta-en-barcelona\\\/#respond\"]}]},{\"@type\":\"WebPage\",\"@id\":\"https:\\\/\\\/www.eltriangle.eu\\\/es\\\/2023\\\/03\\\/14\\\/encuentran-un-cadaver-en-el-maletero-de-una-furgoneta-en-barcelona\\\/\",\"url\":\"https:\\\/\\\/www.eltriangle.eu\\\/es\\\/2023\\\/03\\\/14\\\/encuentran-un-cadaver-en-el-maletero-de-una-furgoneta-en-barcelona\\\/\",\"name\":\"Encuentran un cad\u00e1ver en el maletero de una furgoneta en Barcelona - El Triangle\",\"isPartOf\":{\"@id\":\"https:\\\/\\\/www.eltriangle.eu\\\/es\\\/#website\"},\"primaryImageOfPage\":{\"@id\":\"https:\\\/\\\/www.eltriangle.eu\\\/es\\\/2023\\\/03\\\/14\\\/encuentran-un-cadaver-en-el-maletero-de-una-furgoneta-en-barcelona\\\/#primaryimage\"},\"image\":{\"@id\":\"https:\\\/\\\/www.eltriangle.eu\\\/es\\\/2023\\\/03\\\/14\\\/encuentran-un-cadaver-en-el-maletero-de-una-furgoneta-en-barcelona\\\/#primaryimage\"},\"thumbnailUrl\":\"https:\\\/\\\/www.eltriangle.eu\\\/wp-content\\\/uploads\\\/2020\\\/11\\\/mossos-d-esquadra-4.jpeg\",\"datePublished\":\"2023-03-14T07:00:10+00:00\",\"dateModified\":\"2023-06-13T11:45:07+00:00\",\"description\":\"Los Mossos d'Esquadra investigan el hallazgo de un cad\u00e1ver en el maletero de una furgoneta en el centro de Barcelona el pasado 9 de marzo. As\u00ed lo avanza\",\"breadcrumb\":{\"@id\":\"https:\\\/\\\/www.eltriangle.eu\\\/es\\\/2023\\\/03\\\/14\\\/encuentran-un-cadaver-en-el-maletero-de-una-furgoneta-en-barcelona\\\/#breadcrumb\"},\"inLanguage\":\"es\",\"potentialAction\":[{\"@type\":\"ReadAction\",\"target\":[\"https:\\\/\\\/www.eltriangle.eu\\\/es\\\/2023\\\/03\\\/14\\\/encuentran-un-cadaver-en-el-maletero-de-una-furgoneta-en-barcelona\\\/\"]}]},{\"@type\":\"ImageObject\",\"inLanguage\":\"es\",\"@id\":\"https:\\\/\\\/www.eltriangle.eu\\\/es\\\/2023\\\/03\\\/14\\\/encuentran-un-cadaver-en-el-maletero-de-una-furgoneta-en-barcelona\\\/#primaryimage\",\"url\":\"https:\\\/\\\/www.eltriangle.eu\\\/wp-content\\\/uploads\\\/2020\\\/11\\\/mossos-d-esquadra-4.jpeg\",\"contentUrl\":\"https:\\\/\\\/www.eltriangle.eu\\\/wp-content\\\/uploads\\\/2020\\\/11\\\/mossos-d-esquadra-4.jpeg\",\"width\":1960,\"height\":1125,\"caption\":\"Mossos d'Esquadra\"},{\"@type\":\"BreadcrumbList\",\"@id\":\"https:\\\/\\\/www.eltriangle.eu\\\/es\\\/2023\\\/03\\\/14\\\/encuentran-un-cadaver-en-el-maletero-de-una-furgoneta-en-barcelona\\\/#breadcrumb\",\"itemListElement\":[{\"@type\":\"ListItem\",\"position\":1,\"name\":\"Portada\",\"item\":\"https:\\\/\\\/www.eltriangle.eu\\\/es\\\/\"},{\"@type\":\"ListItem\",\"position\":2,\"name\":\"Encuentran un cad\u00e1ver en el maletero de una furgoneta en Barcelona\"}]},{\"@type\":\"WebSite\",\"@id\":\"https:\\\/\\\/www.eltriangle.eu\\\/es\\\/#website\",\"url\":\"https:\\\/\\\/www.eltriangle.eu\\\/es\\\/\",\"name\":\"El Triangle\",\"description\":\"El Triangle \u00e9s un Diari d&#039;informaci\u00f3 general, editat a Catalunya i escrit en llengua catalana, especialitzat en investigaci\u00f3 period\u00edstica\",\"publisher\":{\"@id\":\"https:\\\/\\\/www.eltriangle.eu\\\/es\\\/#organization\"},\"potentialAction\":[{\"@type\":\"SearchAction\",\"target\":{\"@type\":\"EntryPoint\",\"urlTemplate\":\"https:\\\/\\\/www.eltriangle.eu\\\/es\\\/?s={search_term_string}\"},\"query-input\":{\"@type\":\"PropertyValueSpecification\",\"valueRequired\":true,\"valueName\":\"search_term_string\"}}],\"inLanguage\":\"es\"},{\"@type\":[\"Organization\",\"NewsMediaOrganization\"],\"@id\":\"https:\\\/\\\/www.eltriangle.eu\\\/es\\\/#organization\",\"name\":\"El Triangle\",\"url\":\"https:\\\/\\\/www.eltriangle.eu\\\/es\\\/\",\"logo\":{\"@type\":\"ImageObject\",\"inLanguage\":\"es\",\"@id\":\"https:\\\/\\\/www.eltriangle.eu\\\/es\\\/#\\\/schema\\\/logo\\\/image\\\/\",\"url\":\"https:\\\/\\\/www.eltriangle.eu\\\/wp-content\\\/uploads\\\/2020\\\/11\\\/triangle_logo-ajustado.jpg\",\"contentUrl\":\"https:\\\/\\\/www.eltriangle.eu\\\/wp-content\\\/uploads\\\/2020\\\/11\\\/triangle_logo-ajustado.jpg\",\"width\":521,\"height\":92,\"caption\":\"El Triangle\"},\"image\":{\"@id\":\"https:\\\/\\\/www.eltriangle.eu\\\/es\\\/#\\\/schema\\\/logo\\\/image\\\/\"},\"sameAs\":[\"https:\\\/\\\/www.facebook.com\\\/El-Triangle-Diari-101787399020302\",\"https:\\\/\\\/x.com\\\/El_Triangle\",\"https:\\\/\\\/www.youtube.com\\\/channel\\\/UCTIjmYEMYSpdGonuAgNhbcg\"]},{\"@type\":\"Person\",\"@id\":\"https:\\\/\\\/www.eltriangle.eu\\\/es\\\/#\\\/schema\\\/person\\\/6e5938f06dd4dcd413779558fbf437d9\",\"name\":\"Redacci\u00f3 \\\/ ACN\",\"image\":{\"@type\":\"ImageObject\",\"inLanguage\":\"es\",\"@id\":\"\\\/\\\/www.gravatar.com\\\/avatar\\\/a5bc366245a614da74d9f8d49d1b53bf?s=96&#038;r=g&#038;d=mm\",\"url\":\"\\\/\\\/www.gravatar.com\\\/avatar\\\/a5bc366245a614da74d9f8d49d1b53bf?s=96&#038;r=g&#038;d=mm\",\"contentUrl\":\"\\\/\\\/www.gravatar.com\\\/avatar\\\/a5bc366245a614da74d9f8d49d1b53bf?s=96&#038;r=g&#038;d=mm\",\"caption\":\"Redacci\u00f3 \\\/ ACN\"},\"url\":\"https:\\\/\\\/www.eltriangle.eu\\\/es\\\/author\\\/redaccioacn\\\/\"},{\"@type\":\"SiteNavigationElement\",\"@id\":\"https:\\\/\\\/www.eltriangle.eu\\\/es\\\/#site-navigation\",\"cssSelector\":[\".cib-main-menu\"]},{\"@type\":\"WPHeader\",\"@id\":\"https:\\\/\\\/www.eltriangle.eu\\\/es\\\/#header\",\"cssSelector\":[\".cib-header\"]},{\"@type\":\"WPFooter\",\"@id\":\"https:\\\/\\\/www.eltriangle.eu\\\/es\\\/#footer\",\"cssSelector\":[\".cib-footer\"]}]}<\/script>\n<!-- \/ Yoast SEO plugin. -->","yoast_head_json":{"title":"Encuentran un cad\u00e1ver en el maletero de una furgoneta en Barcelona - El Triangle","description":"Los Mossos d'Esquadra investigan el hallazgo de un cad\u00e1ver en el maletero de una furgoneta en el centro de Barcelona el pasado 9 de marzo. As\u00ed lo avanza","robots":{"index":"index","follow":"follow","max-snippet":"max-snippet:-1","max-image-preview":"max-image-preview:large","max-video-preview":"max-video-preview:-1"},"canonical":"https:\/\/www.eltriangle.eu\/es\/2023\/03\/14\/encuentran-un-cadaver-en-el-maletero-de-una-furgoneta-en-barcelona\/","og_locale":"es_ES","og_type":"article","og_title":"Encuentran un cad\u00e1ver en el maletero de una furgoneta en Barcelona - El Triangle","og_description":"Los Mossos d'Esquadra investigan el hallazgo de un cad\u00e1ver en el maletero de una furgoneta en el centro de Barcelona el pasado 9 de marzo. As\u00ed lo avanza","og_url":"https:\/\/www.eltriangle.eu\/es\/2023\/03\/14\/encuentran-un-cadaver-en-el-maletero-de-una-furgoneta-en-barcelona\/","og_site_name":"El Triangle","article_publisher":"https:\/\/www.facebook.com\/El-Triangle-Diari-101787399020302","article_published_time":"2023-03-14T07:00:10+00:00","article_modified_time":"2023-06-13T11:45:07+00:00","og_image":[{"width":1960,"height":1125,"url":"https:\/\/www.eltriangle.eu\/wp-content\/uploads\/2020\/11\/mossos-d-esquadra-4.jpeg","type":"image\/jpeg"}],"author":"Redacci\u00f3 \/ ACN","twitter_card":"summary_large_image","twitter_creator":"@El_Triangle","twitter_site":"@El_Triangle","twitter_misc":{"Escrito por":"Redacci\u00f3 \/ ACN","Tiempo de lectura":"1 minuto"},"schema":{"@context":"https:\/\/schema.org","@graph":[{"@type":"NewsArticle","@id":"https:\/\/www.eltriangle.eu\/es\/2023\/03\/14\/encuentran-un-cadaver-en-el-maletero-de-una-furgoneta-en-barcelona\/#article","isPartOf":{"@id":"https:\/\/www.eltriangle.eu\/es\/2023\/03\/14\/encuentran-un-cadaver-en-el-maletero-de-una-furgoneta-en-barcelona\/"},"author":{"name":"Redacci\u00f3 \/ ACN","@id":"https:\/\/www.eltriangle.eu\/es\/#\/schema\/person\/6e5938f06dd4dcd413779558fbf437d9"},"headline":"Encuentran un cad\u00e1ver en el maletero de una furgoneta en Barcelona","datePublished":"2023-03-14T07:00:10+00:00","dateModified":"2023-06-13T11:45:07+00:00","mainEntityOfPage":{"@id":"https:\/\/www.eltriangle.eu\/es\/2023\/03\/14\/encuentran-un-cadaver-en-el-maletero-de-una-furgoneta-en-barcelona\/"},"wordCount":139,"commentCount":0,"publisher":{"@id":"https:\/\/www.eltriangle.eu\/es\/#organization"},"image":{"@id":"https:\/\/www.eltriangle.eu\/es\/2023\/03\/14\/encuentran-un-cadaver-en-el-maletero-de-una-furgoneta-en-barcelona\/#primaryimage"},"thumbnailUrl":"https:\/\/www.eltriangle.eu\/wp-content\/uploads\/2020\/11\/mossos-d-esquadra-4.jpeg","keywords":["Mossos d'Esquadra"],"articleSection":["Actualidad","En la calle"],"inLanguage":"es","potentialAction":[{"@type":"CommentAction","name":"Comment","target":["https:\/\/www.eltriangle.eu\/es\/2023\/03\/14\/encuentran-un-cadaver-en-el-maletero-de-una-furgoneta-en-barcelona\/#respond"]}]},{"@type":"WebPage","@id":"https:\/\/www.eltriangle.eu\/es\/2023\/03\/14\/encuentran-un-cadaver-en-el-maletero-de-una-furgoneta-en-barcelona\/","url":"https:\/\/www.eltriangle.eu\/es\/2023\/03\/14\/encuentran-un-cadaver-en-el-maletero-de-una-furgoneta-en-barcelona\/","name":"Encuentran un cad\u00e1ver en el maletero de una furgoneta en Barcelona - El Triangle","isPartOf":{"@id":"https:\/\/www.eltriangle.eu\/es\/#website"},"primaryImageOfPage":{"@id":"https:\/\/www.eltriangle.eu\/es\/2023\/03\/14\/encuentran-un-cadaver-en-el-maletero-de-una-furgoneta-en-barcelona\/#primaryimage"},"image":{"@id":"https:\/\/www.eltriangle.eu\/es\/2023\/03\/14\/encuentran-un-cadaver-en-el-maletero-de-una-furgoneta-en-barcelona\/#primaryimage"},"thumbnailUrl":"https:\/\/www.eltriangle.eu\/wp-content\/uploads\/2020\/11\/mossos-d-esquadra-4.jpeg","datePublished":"2023-03-14T07:00:10+00:00","dateModified":"2023-06-13T11:45:07+00:00","description":"Los Mossos d'Esquadra investigan el hallazgo de un cad\u00e1ver en el maletero de una furgoneta en el centro de Barcelona el pasado 9 de marzo. As\u00ed lo avanza","breadcrumb":{"@id":"https:\/\/www.eltriangle.eu\/es\/2023\/03\/14\/encuentran-un-cadaver-en-el-maletero-de-una-furgoneta-en-barcelona\/#breadcrumb"},"inLanguage":"es","potentialAction":[{"@type":"ReadAction","target":["https:\/\/www.eltriangle.eu\/es\/2023\/03\/14\/encuentran-un-cadaver-en-el-maletero-de-una-furgoneta-en-barcelona\/"]}]},{"@type":"ImageObject","inLanguage":"es","@id":"https:\/\/www.eltriangle.eu\/es\/2023\/03\/14\/encuentran-un-cadaver-en-el-maletero-de-una-furgoneta-en-barcelona\/#primaryimage","url":"https:\/\/www.eltriangle.eu\/wp-content\/uploads\/2020\/11\/mossos-d-esquadra-4.jpeg","contentUrl":"https:\/\/www.eltriangle.eu\/wp-content\/uploads\/2020\/11\/mossos-d-esquadra-4.jpeg","width":1960,"height":1125,"caption":"Mossos d'Esquadra"},{"@type":"BreadcrumbList","@id":"https:\/\/www.eltriangle.eu\/es\/2023\/03\/14\/encuentran-un-cadaver-en-el-maletero-de-una-furgoneta-en-barcelona\/#breadcrumb","itemListElement":[{"@type":"ListItem","position":1,"name":"Portada","item":"https:\/\/www.eltriangle.eu\/es\/"},{"@type":"ListItem","position":2,"name":"Encuentran un cad\u00e1ver en el maletero de una furgoneta en Barcelona"}]},{"@type":"WebSite","@id":"https:\/\/www.eltriangle.eu\/es\/#website","url":"https:\/\/www.eltriangle.eu\/es\/","name":"El Triangle","description":"El Triangle \u00e9s un Diari d&#039;informaci\u00f3 general, editat a Catalunya i escrit en llengua catalana, especialitzat en investigaci\u00f3 period\u00edstica","publisher":{"@id":"https:\/\/www.eltriangle.eu\/es\/#organization"},"potentialAction":[{"@type":"SearchAction","target":{"@type":"EntryPoint","urlTemplate":"https:\/\/www.eltriangle.eu\/es\/?s={search_term_string}"},"query-input":{"@type":"PropertyValueSpecification","valueRequired":true,"valueName":"search_term_string"}}],"inLanguage":"es"},{"@type":["Organization","NewsMediaOrganization"],"@id":"https:\/\/www.eltriangle.eu\/es\/#organization","name":"El Triangle","url":"https:\/\/www.eltriangle.eu\/es\/","logo":{"@type":"ImageObject","inLanguage":"es","@id":"https:\/\/www.eltriangle.eu\/es\/#\/schema\/logo\/image\/","url":"https:\/\/www.eltriangle.eu\/wp-content\/uploads\/2020\/11\/triangle_logo-ajustado.jpg","contentUrl":"https:\/\/www.eltriangle.eu\/wp-content\/uploads\/2020\/11\/triangle_logo-ajustado.jpg","width":521,"height":92,"caption":"El Triangle"},"image":{"@id":"https:\/\/www.eltriangle.eu\/es\/#\/schema\/logo\/image\/"},"sameAs":["https:\/\/www.facebook.com\/El-Triangle-Diari-101787399020302","https:\/\/x.com\/El_Triangle","https:\/\/www.youtube.com\/channel\/UCTIjmYEMYSpdGonuAgNhbcg"]},{"@type":"Person","@id":"https:\/\/www.eltriangle.eu\/es\/#\/schema\/person\/6e5938f06dd4dcd413779558fbf437d9","name":"Redacci\u00f3 \/ ACN","image":{"@type":"ImageObject","inLanguage":"es","@id":"\/\/www.gravatar.com\/avatar\/a5bc366245a614da74d9f8d49d1b53bf?s=96&#038;r=g&#038;d=mm","url":"\/\/www.gravatar.com\/avatar\/a5bc366245a614da74d9f8d49d1b53bf?s=96&#038;r=g&#038;d=mm","contentUrl":"\/\/www.gravatar.com\/avatar\/a5bc366245a614da74d9f8d49d1b53bf?s=96&#038;r=g&#038;d=mm","caption":"Redacci\u00f3 \/ ACN"},"url":"https:\/\/www.eltriangle.eu\/es\/author\/redaccioacn\/"},{"@type":"SiteNavigationElement","@id":"https:\/\/www.eltriangle.eu\/es\/#site-navigation","cssSelector":[".cib-main-menu"]},{"@type":"WPHeader","@id":"https:\/\/www.eltriangle.eu\/es\/#header","cssSelector":[".cib-header"]},{"@type":"WPFooter","@id":"https:\/\/www.eltriangle.eu\/es\/#footer","cssSelector":[".cib-footer"]}]}},"amp_enabled":true,"_links":{"self":[{"href":"https:\/\/www.eltriangle.eu\/es\/wp-json\/wp\/v2\/posts\/180241","targetHints":{"allow":["GET"]}}],"collection":[{"href":"https:\/\/www.eltriangle.eu\/es\/wp-json\/wp\/v2\/posts"}],"about":[{"href":"https:\/\/www.eltriangle.eu\/es\/wp-json\/wp\/v2\/types\/post"}],"author":[{"embeddable":true,"href":"https:\/\/www.eltriangle.eu\/es\/wp-json\/wp\/v2\/users\/179"}],"replies":[{"embeddable":true,"href":"https:\/\/www.eltriangle.eu\/es\/wp-json\/wp\/v2\/comments?post=180241"}],"version-history":[{"count":0,"href":"https:\/\/www.eltriangle.eu\/es\/wp-json\/wp\/v2\/posts\/180241\/revisions"}],"wp:featuredmedia":[{"embeddable":true,"href":"https:\/\/www.eltriangle.eu\/es\/wp-json\/wp\/v2\/media\/32442"}],"wp:attachment":[{"href":"https:\/\/www.eltriangle.eu\/es\/wp-json\/wp\/v2\/media?parent=180241"}],"wp:term":[{"taxonomy":"category","embeddable":true,"href":"https:\/\/www.eltriangle.eu\/es\/wp-json\/wp\/v2\/categories?post=180241"},{"taxonomy":"post_tag","embeddable":true,"href":"https:\/\/www.eltriangle.eu\/es\/wp-json\/wp\/v2\/tags?post=180241"}],"curies":[{"name":"wp","href":"https:\/\/api.w.org\/{rel}","templated":true}]}}