{"id":172793,"date":"2023-01-24T17:38:31","date_gmt":"2023-01-24T16:38:31","guid":{"rendered":null},"modified":"2023-01-24T17:38:31","modified_gmt":"2023-01-24T16:38:31","slug":"la-eurocamara-enviara-a-espana-una-mision-sobre-el-caso-pegasus","status":"publish","type":"post","link":"https:\/\/www.eltriangle.eu\/es\/2023\/01\/24\/la-eurocamara-enviara-a-espana-una-mision-sobre-el-caso-pegasus\/","title":{"rendered":"La Euroc\u00e1mara enviar\u00e1 a Espa\u00f1a una misi\u00f3n sobre el caso Pegasus"},"content":{"rendered":"<p>El P<strong>arlamento Europeo<\/strong> enviar\u00e1 una misi\u00f3n de eurodiputados a Espa\u00f1a los d\u00edas 21 y 22 de marzo para reclamar informaci\u00f3n al gobierno de Pedro S\u00e1nchez sobre el uso del programa esp\u00eda <strong>Pegasus<\/strong>, denunciado por el independentismo catal\u00e1n.<\/p>\n<p>La comisi\u00f3n de investigaci\u00f3n constituida sobre la cuesti\u00f3n en la Euroc\u00e1mara ha adoptado esta decisi\u00f3n despu\u00e9s de que el gobierno de Espa\u00f1a no haya respondido a las preguntas que le han dirigido sobre este asunto durante los \u00faltimos seis meses.<\/p>\n<p>El borrador del informe de esta comisi\u00f3n prev\u00e9 recomendar al ejecutivo espa\u00f1ol que aclare totalmente los supuestos casos del uso de Pegasus, y atribuye a Espa\u00f1a, Hungr\u00eda, Grecia, Chipre y Polonia \u00abinfracciones o mala administraci\u00f3n\u00bb del derecho comunitario en relaci\u00f3n con el uso de este programa.<\/p>\n<p>El texto, que todav\u00eda puede ser objeto de enmiendas, refleja no s\u00f3lo el supuesto espionaje del Estado a 65 figuras del independentismo, que este movimiento denomina <em>Catalangate<\/em>, sino tambi\u00e9n las intrusiones en los terminales m\u00f3viles del presidente del gobierno de Espa\u00f1a, <strong>Pedro S\u00e1nchez<\/strong>, la ministra de Defensa, <strong>Margarita Robles<\/strong>, y el ministro del Interior,<strong> Fernando Grande-Marlaska<\/strong>. En este \u00faltimo caso, apunta a Marruecos como responsable.<\/p>\n<p>Adem\u00e1s, el borrador insta a Espa\u00f1a a resolver la crisis de la c\u00fapula de su poder judicial, a garantizar v\u00edas de recurso para todas las v\u00edctimas y a proporcionar investigaciones judiciales sin retraso.<\/p>\n","protected":false},"excerpt":{"rendered":"<p>El Parlamento Europeo enviar\u00e1 una misi\u00f3n de eurodiputados a Espa\u00f1a los d\u00edas 21 y 22 de marzo para reclamar informaci\u00f3n al gobierno de Pedro S\u00e1nchez sobre el uso del programa esp\u00eda Pegasus, denunciado por el independentismo catal\u00e1n. La comisi\u00f3n de investigaci\u00f3n constituida sobre la cuesti\u00f3n en la Euroc\u00e1mara ha adoptado esta decisi\u00f3n despu\u00e9s de que &#8230; <a title=\"La Euroc\u00e1mara enviar\u00e1 a Espa\u00f1a una misi\u00f3n sobre el caso Pegasus\" class=\"read-more\" href=\"https:\/\/www.eltriangle.eu\/es\/2023\/01\/24\/la-eurocamara-enviara-a-espana-una-mision-sobre-el-caso-pegasus\/\" aria-label=\"Leer m\u00e1s sobre La Euroc\u00e1mara enviar\u00e1 a Espa\u00f1a una misi\u00f3n sobre el caso Pegasus\">Leer m\u00e1s<\/a><\/p>\n","protected":false},"author":2,"featured_media":139016,"comment_status":"open","ping_status":"closed","sticky":false,"template":"","format":"standard","meta":{"_acf_changed":false,"pmpro_default_level":"","footnotes":""},"categories":[24,74],"tags":[1749,277],"class_list":["post-172793","post","type-post","status-publish","format-standard","has-post-thumbnail","hentry","category-actualidad","category-poderes","tag-caso-pegasus","tag-parlamento-europeo","lh_instant_articles-syndicate-yes","pmpro-has-access"],"acf":[],"yoast_head":"<!-- This site is optimized with the Yoast SEO plugin v27.4 - https:\/\/yoast.com\/product\/yoast-seo-wordpress\/ -->\n<title>La Euroc\u00e1mara enviar\u00e1 a Espa\u00f1a una misi\u00f3n sobre el caso Pegasus - El Triangle<\/title>\n<meta name=\"description\" content=\"El Parlamento Europeo enviar\u00e1 una misi\u00f3n de eurodiputados a Espa\u00f1a los d\u00edas 21 y 22 de marzo para reclamar informaci\u00f3n al gobierno de Pedro S\u00e1nchez sobre\" class=\"yoast-seo-meta-tag\" \/>\n<meta name=\"robots\" content=\"index, follow, max-snippet:-1, max-image-preview:large, max-video-preview:-1\" \/>\n<link rel=\"canonical\" href=\"https:\/\/www.eltriangle.eu\/es\/2023\/01\/24\/la-eurocamara-enviara-a-espana-una-mision-sobre-el-caso-pegasus\/\" class=\"yoast-seo-meta-tag\" \/>\n<meta property=\"og:locale\" content=\"es_ES\" class=\"yoast-seo-meta-tag\" \/>\n<meta property=\"og:type\" content=\"article\" class=\"yoast-seo-meta-tag\" \/>\n<meta property=\"og:title\" content=\"La Euroc\u00e1mara enviar\u00e1 a Espa\u00f1a una misi\u00f3n sobre el caso Pegasus - El Triangle\" class=\"yoast-seo-meta-tag\" \/>\n<meta property=\"og:description\" content=\"El Parlamento Europeo enviar\u00e1 una misi\u00f3n de eurodiputados a Espa\u00f1a los d\u00edas 21 y 22 de marzo para reclamar informaci\u00f3n al gobierno de Pedro S\u00e1nchez sobre\" class=\"yoast-seo-meta-tag\" \/>\n<meta property=\"og:url\" content=\"https:\/\/www.eltriangle.eu\/es\/2023\/01\/24\/la-eurocamara-enviara-a-espana-una-mision-sobre-el-caso-pegasus\/\" class=\"yoast-seo-meta-tag\" \/>\n<meta property=\"og:site_name\" content=\"El Triangle\" class=\"yoast-seo-meta-tag\" \/>\n<meta property=\"article:publisher\" content=\"https:\/\/www.facebook.com\/El-Triangle-Diari-101787399020302\" class=\"yoast-seo-meta-tag\" \/>\n<meta property=\"article:published_time\" content=\"2023-01-24T16:38:31+00:00\" class=\"yoast-seo-meta-tag\" \/>\n<meta property=\"og:image\" content=\"https:\/\/www.eltriangle.eu\/wp-content\/uploads\/2022\/04\/captura-de-pantalla-2022-04-28-a-las-130544.png\" class=\"yoast-seo-meta-tag\" \/>\n\t<meta property=\"og:image:width\" content=\"1200\" class=\"yoast-seo-meta-tag\" \/>\n\t<meta property=\"og:image:height\" content=\"788\" class=\"yoast-seo-meta-tag\" \/>\n\t<meta property=\"og:image:type\" content=\"image\/png\" class=\"yoast-seo-meta-tag\" \/>\n<meta name=\"author\" content=\"Redacci\u00f3n\" class=\"yoast-seo-meta-tag\" \/>\n<meta name=\"twitter:card\" content=\"summary_large_image\" class=\"yoast-seo-meta-tag\" \/>\n<meta name=\"twitter:creator\" content=\"@El_Triangle\" class=\"yoast-seo-meta-tag\" \/>\n<meta name=\"twitter:site\" content=\"@El_Triangle\" class=\"yoast-seo-meta-tag\" \/>\n<meta name=\"twitter:label1\" content=\"Escrito por\" class=\"yoast-seo-meta-tag\" \/>\n\t<meta name=\"twitter:data1\" content=\"Redacci\u00f3n\" class=\"yoast-seo-meta-tag\" \/>\n\t<meta name=\"twitter:label2\" content=\"Tiempo de lectura\" class=\"yoast-seo-meta-tag\" \/>\n\t<meta name=\"twitter:data2\" content=\"1 minuto\" class=\"yoast-seo-meta-tag\" \/>\n<script type=\"application\/ld+json\" class=\"yoast-schema-graph\">{\"@context\":\"https:\\\/\\\/schema.org\",\"@graph\":[{\"@type\":\"NewsArticle\",\"@id\":\"https:\\\/\\\/www.eltriangle.eu\\\/es\\\/2023\\\/01\\\/24\\\/la-eurocamara-enviara-a-espana-una-mision-sobre-el-caso-pegasus\\\/#article\",\"isPartOf\":{\"@id\":\"https:\\\/\\\/www.eltriangle.eu\\\/es\\\/2023\\\/01\\\/24\\\/la-eurocamara-enviara-a-espana-una-mision-sobre-el-caso-pegasus\\\/\"},\"author\":{\"name\":\"Redacci\u00f3n\",\"@id\":\"https:\\\/\\\/www.eltriangle.eu\\\/es\\\/#\\\/schema\\\/person\\\/164a138451b4f28d35c3f5984dac8e18\"},\"headline\":\"La Euroc\u00e1mara enviar\u00e1 a Espa\u00f1a una misi\u00f3n sobre el caso Pegasus\",\"datePublished\":\"2023-01-24T16:38:31+00:00\",\"mainEntityOfPage\":{\"@id\":\"https:\\\/\\\/www.eltriangle.eu\\\/es\\\/2023\\\/01\\\/24\\\/la-eurocamara-enviara-a-espana-una-mision-sobre-el-caso-pegasus\\\/\"},\"wordCount\":263,\"commentCount\":0,\"publisher\":{\"@id\":\"https:\\\/\\\/www.eltriangle.eu\\\/es\\\/#organization\"},\"image\":{\"@id\":\"https:\\\/\\\/www.eltriangle.eu\\\/es\\\/2023\\\/01\\\/24\\\/la-eurocamara-enviara-a-espana-una-mision-sobre-el-caso-pegasus\\\/#primaryimage\"},\"thumbnailUrl\":\"https:\\\/\\\/www.eltriangle.eu\\\/wp-content\\\/uploads\\\/2022\\\/04\\\/captura-de-pantalla-2022-04-28-a-las-130544.png\",\"keywords\":[\"Caso Pegasus\",\"Parlamento Europeo\"],\"articleSection\":[\"Actualidad\",\"Poderes\"],\"inLanguage\":\"es\",\"potentialAction\":[{\"@type\":\"CommentAction\",\"name\":\"Comment\",\"target\":[\"https:\\\/\\\/www.eltriangle.eu\\\/es\\\/2023\\\/01\\\/24\\\/la-eurocamara-enviara-a-espana-una-mision-sobre-el-caso-pegasus\\\/#respond\"]}]},{\"@type\":\"WebPage\",\"@id\":\"https:\\\/\\\/www.eltriangle.eu\\\/es\\\/2023\\\/01\\\/24\\\/la-eurocamara-enviara-a-espana-una-mision-sobre-el-caso-pegasus\\\/\",\"url\":\"https:\\\/\\\/www.eltriangle.eu\\\/es\\\/2023\\\/01\\\/24\\\/la-eurocamara-enviara-a-espana-una-mision-sobre-el-caso-pegasus\\\/\",\"name\":\"La Euroc\u00e1mara enviar\u00e1 a Espa\u00f1a una misi\u00f3n sobre el caso Pegasus - El Triangle\",\"isPartOf\":{\"@id\":\"https:\\\/\\\/www.eltriangle.eu\\\/es\\\/#website\"},\"primaryImageOfPage\":{\"@id\":\"https:\\\/\\\/www.eltriangle.eu\\\/es\\\/2023\\\/01\\\/24\\\/la-eurocamara-enviara-a-espana-una-mision-sobre-el-caso-pegasus\\\/#primaryimage\"},\"image\":{\"@id\":\"https:\\\/\\\/www.eltriangle.eu\\\/es\\\/2023\\\/01\\\/24\\\/la-eurocamara-enviara-a-espana-una-mision-sobre-el-caso-pegasus\\\/#primaryimage\"},\"thumbnailUrl\":\"https:\\\/\\\/www.eltriangle.eu\\\/wp-content\\\/uploads\\\/2022\\\/04\\\/captura-de-pantalla-2022-04-28-a-las-130544.png\",\"datePublished\":\"2023-01-24T16:38:31+00:00\",\"description\":\"El Parlamento Europeo enviar\u00e1 una misi\u00f3n de eurodiputados a Espa\u00f1a los d\u00edas 21 y 22 de marzo para reclamar informaci\u00f3n al gobierno de Pedro S\u00e1nchez sobre\",\"breadcrumb\":{\"@id\":\"https:\\\/\\\/www.eltriangle.eu\\\/es\\\/2023\\\/01\\\/24\\\/la-eurocamara-enviara-a-espana-una-mision-sobre-el-caso-pegasus\\\/#breadcrumb\"},\"inLanguage\":\"es\",\"potentialAction\":[{\"@type\":\"ReadAction\",\"target\":[\"https:\\\/\\\/www.eltriangle.eu\\\/es\\\/2023\\\/01\\\/24\\\/la-eurocamara-enviara-a-espana-una-mision-sobre-el-caso-pegasus\\\/\"]}]},{\"@type\":\"ImageObject\",\"inLanguage\":\"es\",\"@id\":\"https:\\\/\\\/www.eltriangle.eu\\\/es\\\/2023\\\/01\\\/24\\\/la-eurocamara-enviara-a-espana-una-mision-sobre-el-caso-pegasus\\\/#primaryimage\",\"url\":\"https:\\\/\\\/www.eltriangle.eu\\\/wp-content\\\/uploads\\\/2022\\\/04\\\/captura-de-pantalla-2022-04-28-a-las-130544.png\",\"contentUrl\":\"https:\\\/\\\/www.eltriangle.eu\\\/wp-content\\\/uploads\\\/2022\\\/04\\\/captura-de-pantalla-2022-04-28-a-las-130544.png\",\"width\":1200,\"height\":788,\"caption\":\"El presidente del gobierno espa\u00f1ol, Pedro S\u00e1nchez, durante el acto de la pascua militar de 2019, con la ministra de Defensa, Margarita Robles, y el ministro del Interior, Fernando Grande-Marlaska\"},{\"@type\":\"BreadcrumbList\",\"@id\":\"https:\\\/\\\/www.eltriangle.eu\\\/es\\\/2023\\\/01\\\/24\\\/la-eurocamara-enviara-a-espana-una-mision-sobre-el-caso-pegasus\\\/#breadcrumb\",\"itemListElement\":[{\"@type\":\"ListItem\",\"position\":1,\"name\":\"Portada\",\"item\":\"https:\\\/\\\/www.eltriangle.eu\\\/es\\\/\"},{\"@type\":\"ListItem\",\"position\":2,\"name\":\"La Euroc\u00e1mara enviar\u00e1 a Espa\u00f1a una misi\u00f3n sobre el caso Pegasus\"}]},{\"@type\":\"WebSite\",\"@id\":\"https:\\\/\\\/www.eltriangle.eu\\\/es\\\/#website\",\"url\":\"https:\\\/\\\/www.eltriangle.eu\\\/es\\\/\",\"name\":\"El Triangle\",\"description\":\"El Triangle \u00e9s un Diari d&#039;informaci\u00f3 general, editat a Catalunya i escrit en llengua catalana, especialitzat en investigaci\u00f3 period\u00edstica\",\"publisher\":{\"@id\":\"https:\\\/\\\/www.eltriangle.eu\\\/es\\\/#organization\"},\"potentialAction\":[{\"@type\":\"SearchAction\",\"target\":{\"@type\":\"EntryPoint\",\"urlTemplate\":\"https:\\\/\\\/www.eltriangle.eu\\\/es\\\/?s={search_term_string}\"},\"query-input\":{\"@type\":\"PropertyValueSpecification\",\"valueRequired\":true,\"valueName\":\"search_term_string\"}}],\"inLanguage\":\"es\"},{\"@type\":[\"Organization\",\"NewsMediaOrganization\"],\"@id\":\"https:\\\/\\\/www.eltriangle.eu\\\/es\\\/#organization\",\"name\":\"El Triangle\",\"url\":\"https:\\\/\\\/www.eltriangle.eu\\\/es\\\/\",\"logo\":{\"@type\":\"ImageObject\",\"inLanguage\":\"es\",\"@id\":\"https:\\\/\\\/www.eltriangle.eu\\\/es\\\/#\\\/schema\\\/logo\\\/image\\\/\",\"url\":\"https:\\\/\\\/www.eltriangle.eu\\\/wp-content\\\/uploads\\\/2020\\\/11\\\/triangle_logo-ajustado.jpg\",\"contentUrl\":\"https:\\\/\\\/www.eltriangle.eu\\\/wp-content\\\/uploads\\\/2020\\\/11\\\/triangle_logo-ajustado.jpg\",\"width\":521,\"height\":92,\"caption\":\"El Triangle\"},\"image\":{\"@id\":\"https:\\\/\\\/www.eltriangle.eu\\\/es\\\/#\\\/schema\\\/logo\\\/image\\\/\"},\"sameAs\":[\"https:\\\/\\\/www.facebook.com\\\/El-Triangle-Diari-101787399020302\",\"https:\\\/\\\/x.com\\\/El_Triangle\",\"https:\\\/\\\/www.youtube.com\\\/channel\\\/UCTIjmYEMYSpdGonuAgNhbcg\"]},{\"@type\":\"Person\",\"@id\":\"https:\\\/\\\/www.eltriangle.eu\\\/es\\\/#\\\/schema\\\/person\\\/164a138451b4f28d35c3f5984dac8e18\",\"name\":\"Redacci\u00f3n\",\"image\":{\"@type\":\"ImageObject\",\"inLanguage\":\"es\",\"@id\":\"\\\/\\\/www.gravatar.com\\\/avatar\\\/147263d1a435839b8405c79279bb6558?s=96&#038;r=g&#038;d=mm\",\"url\":\"\\\/\\\/www.gravatar.com\\\/avatar\\\/147263d1a435839b8405c79279bb6558?s=96&#038;r=g&#038;d=mm\",\"contentUrl\":\"\\\/\\\/www.gravatar.com\\\/avatar\\\/147263d1a435839b8405c79279bb6558?s=96&#038;r=g&#038;d=mm\",\"caption\":\"Redacci\u00f3n\"},\"url\":\"https:\\\/\\\/www.eltriangle.eu\\\/es\\\/author\\\/autor-1\\\/\"},{\"@type\":\"SiteNavigationElement\",\"@id\":\"https:\\\/\\\/www.eltriangle.eu\\\/es\\\/#site-navigation\",\"cssSelector\":[\".cib-main-menu\"]},{\"@type\":\"WPHeader\",\"@id\":\"https:\\\/\\\/www.eltriangle.eu\\\/es\\\/#header\",\"cssSelector\":[\".cib-header\"]},{\"@type\":\"WPFooter\",\"@id\":\"https:\\\/\\\/www.eltriangle.eu\\\/es\\\/#footer\",\"cssSelector\":[\".cib-footer\"]}]}<\/script>\n<!-- \/ Yoast SEO plugin. -->","yoast_head_json":{"title":"La Euroc\u00e1mara enviar\u00e1 a Espa\u00f1a una misi\u00f3n sobre el caso Pegasus - El Triangle","description":"El Parlamento Europeo enviar\u00e1 una misi\u00f3n de eurodiputados a Espa\u00f1a los d\u00edas 21 y 22 de marzo para reclamar informaci\u00f3n al gobierno de Pedro S\u00e1nchez sobre","robots":{"index":"index","follow":"follow","max-snippet":"max-snippet:-1","max-image-preview":"max-image-preview:large","max-video-preview":"max-video-preview:-1"},"canonical":"https:\/\/www.eltriangle.eu\/es\/2023\/01\/24\/la-eurocamara-enviara-a-espana-una-mision-sobre-el-caso-pegasus\/","og_locale":"es_ES","og_type":"article","og_title":"La Euroc\u00e1mara enviar\u00e1 a Espa\u00f1a una misi\u00f3n sobre el caso Pegasus - El Triangle","og_description":"El Parlamento Europeo enviar\u00e1 una misi\u00f3n de eurodiputados a Espa\u00f1a los d\u00edas 21 y 22 de marzo para reclamar informaci\u00f3n al gobierno de Pedro S\u00e1nchez sobre","og_url":"https:\/\/www.eltriangle.eu\/es\/2023\/01\/24\/la-eurocamara-enviara-a-espana-una-mision-sobre-el-caso-pegasus\/","og_site_name":"El Triangle","article_publisher":"https:\/\/www.facebook.com\/El-Triangle-Diari-101787399020302","article_published_time":"2023-01-24T16:38:31+00:00","og_image":[{"width":1200,"height":788,"url":"https:\/\/www.eltriangle.eu\/wp-content\/uploads\/2022\/04\/captura-de-pantalla-2022-04-28-a-las-130544.png","type":"image\/png"}],"author":"Redacci\u00f3n","twitter_card":"summary_large_image","twitter_creator":"@El_Triangle","twitter_site":"@El_Triangle","twitter_misc":{"Escrito por":"Redacci\u00f3n","Tiempo de lectura":"1 minuto"},"schema":{"@context":"https:\/\/schema.org","@graph":[{"@type":"NewsArticle","@id":"https:\/\/www.eltriangle.eu\/es\/2023\/01\/24\/la-eurocamara-enviara-a-espana-una-mision-sobre-el-caso-pegasus\/#article","isPartOf":{"@id":"https:\/\/www.eltriangle.eu\/es\/2023\/01\/24\/la-eurocamara-enviara-a-espana-una-mision-sobre-el-caso-pegasus\/"},"author":{"name":"Redacci\u00f3n","@id":"https:\/\/www.eltriangle.eu\/es\/#\/schema\/person\/164a138451b4f28d35c3f5984dac8e18"},"headline":"La Euroc\u00e1mara enviar\u00e1 a Espa\u00f1a una misi\u00f3n sobre el caso Pegasus","datePublished":"2023-01-24T16:38:31+00:00","mainEntityOfPage":{"@id":"https:\/\/www.eltriangle.eu\/es\/2023\/01\/24\/la-eurocamara-enviara-a-espana-una-mision-sobre-el-caso-pegasus\/"},"wordCount":263,"commentCount":0,"publisher":{"@id":"https:\/\/www.eltriangle.eu\/es\/#organization"},"image":{"@id":"https:\/\/www.eltriangle.eu\/es\/2023\/01\/24\/la-eurocamara-enviara-a-espana-una-mision-sobre-el-caso-pegasus\/#primaryimage"},"thumbnailUrl":"https:\/\/www.eltriangle.eu\/wp-content\/uploads\/2022\/04\/captura-de-pantalla-2022-04-28-a-las-130544.png","keywords":["Caso Pegasus","Parlamento Europeo"],"articleSection":["Actualidad","Poderes"],"inLanguage":"es","potentialAction":[{"@type":"CommentAction","name":"Comment","target":["https:\/\/www.eltriangle.eu\/es\/2023\/01\/24\/la-eurocamara-enviara-a-espana-una-mision-sobre-el-caso-pegasus\/#respond"]}]},{"@type":"WebPage","@id":"https:\/\/www.eltriangle.eu\/es\/2023\/01\/24\/la-eurocamara-enviara-a-espana-una-mision-sobre-el-caso-pegasus\/","url":"https:\/\/www.eltriangle.eu\/es\/2023\/01\/24\/la-eurocamara-enviara-a-espana-una-mision-sobre-el-caso-pegasus\/","name":"La Euroc\u00e1mara enviar\u00e1 a Espa\u00f1a una misi\u00f3n sobre el caso Pegasus - El Triangle","isPartOf":{"@id":"https:\/\/www.eltriangle.eu\/es\/#website"},"primaryImageOfPage":{"@id":"https:\/\/www.eltriangle.eu\/es\/2023\/01\/24\/la-eurocamara-enviara-a-espana-una-mision-sobre-el-caso-pegasus\/#primaryimage"},"image":{"@id":"https:\/\/www.eltriangle.eu\/es\/2023\/01\/24\/la-eurocamara-enviara-a-espana-una-mision-sobre-el-caso-pegasus\/#primaryimage"},"thumbnailUrl":"https:\/\/www.eltriangle.eu\/wp-content\/uploads\/2022\/04\/captura-de-pantalla-2022-04-28-a-las-130544.png","datePublished":"2023-01-24T16:38:31+00:00","description":"El Parlamento Europeo enviar\u00e1 una misi\u00f3n de eurodiputados a Espa\u00f1a los d\u00edas 21 y 22 de marzo para reclamar informaci\u00f3n al gobierno de Pedro S\u00e1nchez sobre","breadcrumb":{"@id":"https:\/\/www.eltriangle.eu\/es\/2023\/01\/24\/la-eurocamara-enviara-a-espana-una-mision-sobre-el-caso-pegasus\/#breadcrumb"},"inLanguage":"es","potentialAction":[{"@type":"ReadAction","target":["https:\/\/www.eltriangle.eu\/es\/2023\/01\/24\/la-eurocamara-enviara-a-espana-una-mision-sobre-el-caso-pegasus\/"]}]},{"@type":"ImageObject","inLanguage":"es","@id":"https:\/\/www.eltriangle.eu\/es\/2023\/01\/24\/la-eurocamara-enviara-a-espana-una-mision-sobre-el-caso-pegasus\/#primaryimage","url":"https:\/\/www.eltriangle.eu\/wp-content\/uploads\/2022\/04\/captura-de-pantalla-2022-04-28-a-las-130544.png","contentUrl":"https:\/\/www.eltriangle.eu\/wp-content\/uploads\/2022\/04\/captura-de-pantalla-2022-04-28-a-las-130544.png","width":1200,"height":788,"caption":"El presidente del gobierno espa\u00f1ol, Pedro S\u00e1nchez, durante el acto de la pascua militar de 2019, con la ministra de Defensa, Margarita Robles, y el ministro del Interior, Fernando Grande-Marlaska"},{"@type":"BreadcrumbList","@id":"https:\/\/www.eltriangle.eu\/es\/2023\/01\/24\/la-eurocamara-enviara-a-espana-una-mision-sobre-el-caso-pegasus\/#breadcrumb","itemListElement":[{"@type":"ListItem","position":1,"name":"Portada","item":"https:\/\/www.eltriangle.eu\/es\/"},{"@type":"ListItem","position":2,"name":"La Euroc\u00e1mara enviar\u00e1 a Espa\u00f1a una misi\u00f3n sobre el caso Pegasus"}]},{"@type":"WebSite","@id":"https:\/\/www.eltriangle.eu\/es\/#website","url":"https:\/\/www.eltriangle.eu\/es\/","name":"El Triangle","description":"El Triangle \u00e9s un Diari d&#039;informaci\u00f3 general, editat a Catalunya i escrit en llengua catalana, especialitzat en investigaci\u00f3 period\u00edstica","publisher":{"@id":"https:\/\/www.eltriangle.eu\/es\/#organization"},"potentialAction":[{"@type":"SearchAction","target":{"@type":"EntryPoint","urlTemplate":"https:\/\/www.eltriangle.eu\/es\/?s={search_term_string}"},"query-input":{"@type":"PropertyValueSpecification","valueRequired":true,"valueName":"search_term_string"}}],"inLanguage":"es"},{"@type":["Organization","NewsMediaOrganization"],"@id":"https:\/\/www.eltriangle.eu\/es\/#organization","name":"El Triangle","url":"https:\/\/www.eltriangle.eu\/es\/","logo":{"@type":"ImageObject","inLanguage":"es","@id":"https:\/\/www.eltriangle.eu\/es\/#\/schema\/logo\/image\/","url":"https:\/\/www.eltriangle.eu\/wp-content\/uploads\/2020\/11\/triangle_logo-ajustado.jpg","contentUrl":"https:\/\/www.eltriangle.eu\/wp-content\/uploads\/2020\/11\/triangle_logo-ajustado.jpg","width":521,"height":92,"caption":"El Triangle"},"image":{"@id":"https:\/\/www.eltriangle.eu\/es\/#\/schema\/logo\/image\/"},"sameAs":["https:\/\/www.facebook.com\/El-Triangle-Diari-101787399020302","https:\/\/x.com\/El_Triangle","https:\/\/www.youtube.com\/channel\/UCTIjmYEMYSpdGonuAgNhbcg"]},{"@type":"Person","@id":"https:\/\/www.eltriangle.eu\/es\/#\/schema\/person\/164a138451b4f28d35c3f5984dac8e18","name":"Redacci\u00f3n","image":{"@type":"ImageObject","inLanguage":"es","@id":"\/\/www.gravatar.com\/avatar\/147263d1a435839b8405c79279bb6558?s=96&#038;r=g&#038;d=mm","url":"\/\/www.gravatar.com\/avatar\/147263d1a435839b8405c79279bb6558?s=96&#038;r=g&#038;d=mm","contentUrl":"\/\/www.gravatar.com\/avatar\/147263d1a435839b8405c79279bb6558?s=96&#038;r=g&#038;d=mm","caption":"Redacci\u00f3n"},"url":"https:\/\/www.eltriangle.eu\/es\/author\/autor-1\/"},{"@type":"SiteNavigationElement","@id":"https:\/\/www.eltriangle.eu\/es\/#site-navigation","cssSelector":[".cib-main-menu"]},{"@type":"WPHeader","@id":"https:\/\/www.eltriangle.eu\/es\/#header","cssSelector":[".cib-header"]},{"@type":"WPFooter","@id":"https:\/\/www.eltriangle.eu\/es\/#footer","cssSelector":[".cib-footer"]}]}},"amp_enabled":true,"_links":{"self":[{"href":"https:\/\/www.eltriangle.eu\/es\/wp-json\/wp\/v2\/posts\/172793","targetHints":{"allow":["GET"]}}],"collection":[{"href":"https:\/\/www.eltriangle.eu\/es\/wp-json\/wp\/v2\/posts"}],"about":[{"href":"https:\/\/www.eltriangle.eu\/es\/wp-json\/wp\/v2\/types\/post"}],"author":[{"embeddable":true,"href":"https:\/\/www.eltriangle.eu\/es\/wp-json\/wp\/v2\/users\/2"}],"replies":[{"embeddable":true,"href":"https:\/\/www.eltriangle.eu\/es\/wp-json\/wp\/v2\/comments?post=172793"}],"version-history":[{"count":0,"href":"https:\/\/www.eltriangle.eu\/es\/wp-json\/wp\/v2\/posts\/172793\/revisions"}],"wp:featuredmedia":[{"embeddable":true,"href":"https:\/\/www.eltriangle.eu\/es\/wp-json\/wp\/v2\/media\/139016"}],"wp:attachment":[{"href":"https:\/\/www.eltriangle.eu\/es\/wp-json\/wp\/v2\/media?parent=172793"}],"wp:term":[{"taxonomy":"category","embeddable":true,"href":"https:\/\/www.eltriangle.eu\/es\/wp-json\/wp\/v2\/categories?post=172793"},{"taxonomy":"post_tag","embeddable":true,"href":"https:\/\/www.eltriangle.eu\/es\/wp-json\/wp\/v2\/tags?post=172793"}],"curies":[{"name":"wp","href":"https:\/\/api.w.org\/{rel}","templated":true}]}}