{"id":172450,"date":"2023-01-22T12:16:17","date_gmt":"2023-01-22T11:16:17","guid":{"rendered":null},"modified":"2023-01-22T13:20:42","modified_gmt":"2023-01-22T12:20:42","slug":"sanchez-critica-a-los-manifestantes-movilizados-por-la-organizacion-fundada-por-vidal-quadras-defensores-de-una-espana-uniforme-y-excluyente","status":"publish","type":"post","link":"https:\/\/www.eltriangle.eu\/es\/2023\/01\/22\/sanchez-critica-a-los-manifestantes-movilizados-por-la-organizacion-fundada-por-vidal-quadras-defensores-de-una-espana-uniforme-y-excluyente\/","title":{"rendered":"S\u00e1nchez critica a los manifestantes movilizados por la organizaci\u00f3n fundada por Vidal-Quadras, defensores de una Espa\u00f1a \u201cuniforme y excluyente\u201d"},"content":{"rendered":"<p>El presidente del Gobierno central, <strong>Pedro S\u00e1nchez,<\/strong> ha cargado contra los 31.000 manifestantes de la concentraci\u00f3n en la Plaza Cibeles, organizada por <strong>Foro Libertad y Alternativa,<\/strong> entidad fundada por <strong>el expol\u00edtico del PP y de Vox Alejo Vidal-Quadras<\/strong><strong>.<\/strong><\/p>\n<p>El secretario general del <strong>PSOE<\/strong> ha asegurado que <strong>\u201cla inmensa mayor\u00eda de espa\u00f1oles\u201d<\/strong> est\u00e1 entre los \u201cnost\u00e1lgicos\u201d que han defendido <strong>en Barcelona \u201cuna Espa\u00f1a rota\u201d<\/strong> y los que <strong><a href=\"https:\/\/www.eltriangle.eu\/es\/2023\/01\/21\/31000-manifestantes-protestan-en-madrid-contra-el-plan-oculto-de-sanchez-para-la-mutacion-constitucional\/\">en Madrid han apostado por un pa\u00eds \u201cuniforme y excluyente\u201d<\/a>.<\/strong><\/p>\n<p>S\u00e1nchez ha alertado del peligro de un hipot\u00e9tico gobierno del PP y Vox, se\u00f1alando el ejemplo en Castilla y Le\u00f3n, con el presidente de la Junta, <strong><a href=\"https:\/\/twitter.com\/alferma1\" target=\"_blank\" rel=\"noopener\">Alfonso Fern\u00e1ndez Ma\u00f1ueco<\/a> (PP),<\/strong> y el vicepresidente, <strong><a href=\"https:\/\/twitter.com\/juan_ggallardo\" target=\"_blank\" rel=\"noopener\">Juan Garc\u00eda-Gallardo<\/a> (Vox).<\/strong> <strong>\u201cQuien quiera saber qu\u00e9 har\u00eda un hipot\u00e9tico gobierno de Feij\u00f3o y Abascal no hace falta m\u00e1s que ver lo que hacen Ma\u00f1ueco y Vox aqu\u00ed en Castilla y Le\u00f3n\u201d<\/strong>, ha indicado en su intervenci\u00f3n en Valladolid ante unas 1.500 personas reunidas en un acto organizado por el PSOE para presentar a los candidatos socialistas a las principales alcald\u00edas de la comunidad aut\u00f3noma.<\/p>\n","protected":false},"excerpt":{"rendered":"<p>El presidente del Gobierno central, Pedro S\u00e1nchez, ha cargado contra los 31.000 manifestantes de la concentraci\u00f3n en la Plaza Cibeles, organizada por Foro Libertad y Alternativa, entidad fundada por el expol\u00edtico del PP y de Vox Alejo Vidal-Quadras. El secretario general del PSOE ha asegurado que \u201cla inmensa mayor\u00eda de espa\u00f1oles\u201d est\u00e1 entre los \u201cnost\u00e1lgicos\u201d &#8230; <a title=\"S\u00e1nchez critica a los manifestantes movilizados por la organizaci\u00f3n fundada por Vidal-Quadras, defensores de una Espa\u00f1a \u201cuniforme y excluyente\u201d\" class=\"read-more\" href=\"https:\/\/www.eltriangle.eu\/es\/2023\/01\/22\/sanchez-critica-a-los-manifestantes-movilizados-por-la-organizacion-fundada-por-vidal-quadras-defensores-de-una-espana-uniforme-y-excluyente\/\" aria-label=\"Leer m\u00e1s sobre S\u00e1nchez critica a los manifestantes movilizados por la organizaci\u00f3n fundada por Vidal-Quadras, defensores de una Espa\u00f1a \u201cuniforme y excluyente\u201d\">Leer m\u00e1s<\/a><\/p>\n","protected":false},"author":2,"featured_media":172448,"comment_status":"open","ping_status":"closed","sticky":false,"template":"","format":"standard","meta":{"_acf_changed":false,"pmpro_default_level":"","footnotes":""},"categories":[24],"tags":[2349,2350,455,149,425,151],"class_list":["post-172450","post","type-post","status-publish","format-standard","has-post-thumbnail","hentry","category-actualidad","tag-coalicio-de-pp-i-vox-es","tag-coalicion-de-pp-y-vox-es","tag-pedro-sanchez-es","tag-pp-es","tag-psoe-es","tag-vox-es","lh_instant_articles-syndicate-yes","pmpro-has-access"],"acf":[],"yoast_head":"<!-- This site is optimized with the Yoast SEO plugin v27.4 - https:\/\/yoast.com\/product\/yoast-seo-wordpress\/ -->\n<title>S\u00e1nchez critica a los manifestantes movilizados por la organizaci\u00f3n fundada por Vidal-Quadras, defensores de una Espa\u00f1a \u201cuniforme y excluyente\u201d - El Triangle<\/title>\n<meta name=\"description\" content=\"El presidente del Gobierno central, Pedro S\u00e1nchez, ha cargado contra los 31.000 manifestantes de la concentraci\u00f3n en la Plaza Cibeles, organizada por Foro\" class=\"yoast-seo-meta-tag\" \/>\n<meta name=\"robots\" content=\"index, follow, max-snippet:-1, max-image-preview:large, max-video-preview:-1\" \/>\n<link rel=\"canonical\" href=\"https:\/\/www.eltriangle.eu\/es\/2023\/01\/22\/sanchez-critica-a-los-manifestantes-movilizados-por-la-organizacion-fundada-por-vidal-quadras-defensores-de-una-espana-uniforme-y-excluyente\/\" class=\"yoast-seo-meta-tag\" \/>\n<meta property=\"og:locale\" content=\"es_ES\" class=\"yoast-seo-meta-tag\" \/>\n<meta property=\"og:type\" content=\"article\" class=\"yoast-seo-meta-tag\" \/>\n<meta property=\"og:title\" content=\"S\u00e1nchez critica a los manifestantes movilizados por la organizaci\u00f3n fundada por Vidal-Quadras, defensores de una Espa\u00f1a \u201cuniforme y excluyente\u201d - El Triangle\" class=\"yoast-seo-meta-tag\" \/>\n<meta property=\"og:description\" content=\"El presidente del Gobierno central, Pedro S\u00e1nchez, ha cargado contra los 31.000 manifestantes de la concentraci\u00f3n en la Plaza Cibeles, organizada por Foro\" class=\"yoast-seo-meta-tag\" \/>\n<meta property=\"og:url\" content=\"https:\/\/www.eltriangle.eu\/es\/2023\/01\/22\/sanchez-critica-a-los-manifestantes-movilizados-por-la-organizacion-fundada-por-vidal-quadras-defensores-de-una-espana-uniforme-y-excluyente\/\" class=\"yoast-seo-meta-tag\" \/>\n<meta property=\"og:site_name\" content=\"El Triangle\" class=\"yoast-seo-meta-tag\" \/>\n<meta property=\"article:publisher\" content=\"https:\/\/www.facebook.com\/El-Triangle-Diari-101787399020302\" class=\"yoast-seo-meta-tag\" \/>\n<meta property=\"article:published_time\" content=\"2023-01-22T11:16:17+00:00\" class=\"yoast-seo-meta-tag\" \/>\n<meta property=\"article:modified_time\" content=\"2023-01-22T12:20:42+00:00\" class=\"yoast-seo-meta-tag\" \/>\n<meta property=\"og:image\" content=\"https:\/\/www.eltriangle.eu\/wp-content\/uploads\/2023\/01\/pedro-sanchez-presidente-del-gobierno-central-psoe.jpg\" class=\"yoast-seo-meta-tag\" \/>\n\t<meta property=\"og:image:width\" content=\"1200\" class=\"yoast-seo-meta-tag\" \/>\n\t<meta property=\"og:image:height\" content=\"628\" class=\"yoast-seo-meta-tag\" \/>\n\t<meta property=\"og:image:type\" content=\"image\/jpeg\" class=\"yoast-seo-meta-tag\" \/>\n<meta name=\"author\" content=\"Redacci\u00f3n\" class=\"yoast-seo-meta-tag\" \/>\n<meta name=\"twitter:card\" content=\"summary_large_image\" class=\"yoast-seo-meta-tag\" \/>\n<meta name=\"twitter:creator\" content=\"@El_Triangle\" class=\"yoast-seo-meta-tag\" \/>\n<meta name=\"twitter:site\" content=\"@El_Triangle\" class=\"yoast-seo-meta-tag\" \/>\n<meta name=\"twitter:label1\" content=\"Escrito por\" class=\"yoast-seo-meta-tag\" \/>\n\t<meta name=\"twitter:data1\" content=\"Redacci\u00f3n\" class=\"yoast-seo-meta-tag\" \/>\n\t<meta name=\"twitter:label2\" content=\"Tiempo de lectura\" class=\"yoast-seo-meta-tag\" \/>\n\t<meta name=\"twitter:data2\" content=\"1 minuto\" class=\"yoast-seo-meta-tag\" \/>\n<script type=\"application\/ld+json\" class=\"yoast-schema-graph\">{\"@context\":\"https:\\\/\\\/schema.org\",\"@graph\":[{\"@type\":\"NewsArticle\",\"@id\":\"https:\\\/\\\/www.eltriangle.eu\\\/es\\\/2023\\\/01\\\/22\\\/sanchez-critica-a-los-manifestantes-movilizados-por-la-organizacion-fundada-por-vidal-quadras-defensores-de-una-espana-uniforme-y-excluyente\\\/#article\",\"isPartOf\":{\"@id\":\"https:\\\/\\\/www.eltriangle.eu\\\/es\\\/2023\\\/01\\\/22\\\/sanchez-critica-a-los-manifestantes-movilizados-por-la-organizacion-fundada-por-vidal-quadras-defensores-de-una-espana-uniforme-y-excluyente\\\/\"},\"author\":{\"name\":\"Redacci\u00f3n\",\"@id\":\"https:\\\/\\\/www.eltriangle.eu\\\/es\\\/#\\\/schema\\\/person\\\/164a138451b4f28d35c3f5984dac8e18\"},\"headline\":\"S\u00e1nchez critica a los manifestantes movilizados por la organizaci\u00f3n fundada por Vidal-Quadras, defensores de una Espa\u00f1a \u201cuniforme y excluyente\u201d\",\"datePublished\":\"2023-01-22T11:16:17+00:00\",\"dateModified\":\"2023-01-22T12:20:42+00:00\",\"mainEntityOfPage\":{\"@id\":\"https:\\\/\\\/www.eltriangle.eu\\\/es\\\/2023\\\/01\\\/22\\\/sanchez-critica-a-los-manifestantes-movilizados-por-la-organizacion-fundada-por-vidal-quadras-defensores-de-una-espana-uniforme-y-excluyente\\\/\"},\"wordCount\":218,\"commentCount\":0,\"publisher\":{\"@id\":\"https:\\\/\\\/www.eltriangle.eu\\\/es\\\/#organization\"},\"image\":{\"@id\":\"https:\\\/\\\/www.eltriangle.eu\\\/es\\\/2023\\\/01\\\/22\\\/sanchez-critica-a-los-manifestantes-movilizados-por-la-organizacion-fundada-por-vidal-quadras-defensores-de-una-espana-uniforme-y-excluyente\\\/#primaryimage\"},\"thumbnailUrl\":\"https:\\\/\\\/www.eltriangle.eu\\\/wp-content\\\/uploads\\\/2023\\\/01\\\/pedro-sanchez-presidente-del-gobierno-central-psoe.jpg\",\"keywords\":[\"Coalici\u00f3 de PP i Vox\",\"Coalici\u00f3n de PP y Vox\",\"Pedro S\u00e1nchez\",\"PP\",\"PSOE\",\"Vox\"],\"articleSection\":[\"Actualidad\"],\"inLanguage\":\"es\",\"potentialAction\":[{\"@type\":\"CommentAction\",\"name\":\"Comment\",\"target\":[\"https:\\\/\\\/www.eltriangle.eu\\\/es\\\/2023\\\/01\\\/22\\\/sanchez-critica-a-los-manifestantes-movilizados-por-la-organizacion-fundada-por-vidal-quadras-defensores-de-una-espana-uniforme-y-excluyente\\\/#respond\"]}]},{\"@type\":\"WebPage\",\"@id\":\"https:\\\/\\\/www.eltriangle.eu\\\/es\\\/2023\\\/01\\\/22\\\/sanchez-critica-a-los-manifestantes-movilizados-por-la-organizacion-fundada-por-vidal-quadras-defensores-de-una-espana-uniforme-y-excluyente\\\/\",\"url\":\"https:\\\/\\\/www.eltriangle.eu\\\/es\\\/2023\\\/01\\\/22\\\/sanchez-critica-a-los-manifestantes-movilizados-por-la-organizacion-fundada-por-vidal-quadras-defensores-de-una-espana-uniforme-y-excluyente\\\/\",\"name\":\"S\u00e1nchez critica a los manifestantes movilizados por la organizaci\u00f3n fundada por Vidal-Quadras, defensores de una Espa\u00f1a \u201cuniforme y excluyente\u201d - El Triangle\",\"isPartOf\":{\"@id\":\"https:\\\/\\\/www.eltriangle.eu\\\/es\\\/#website\"},\"primaryImageOfPage\":{\"@id\":\"https:\\\/\\\/www.eltriangle.eu\\\/es\\\/2023\\\/01\\\/22\\\/sanchez-critica-a-los-manifestantes-movilizados-por-la-organizacion-fundada-por-vidal-quadras-defensores-de-una-espana-uniforme-y-excluyente\\\/#primaryimage\"},\"image\":{\"@id\":\"https:\\\/\\\/www.eltriangle.eu\\\/es\\\/2023\\\/01\\\/22\\\/sanchez-critica-a-los-manifestantes-movilizados-por-la-organizacion-fundada-por-vidal-quadras-defensores-de-una-espana-uniforme-y-excluyente\\\/#primaryimage\"},\"thumbnailUrl\":\"https:\\\/\\\/www.eltriangle.eu\\\/wp-content\\\/uploads\\\/2023\\\/01\\\/pedro-sanchez-presidente-del-gobierno-central-psoe.jpg\",\"datePublished\":\"2023-01-22T11:16:17+00:00\",\"dateModified\":\"2023-01-22T12:20:42+00:00\",\"description\":\"El presidente del Gobierno central, Pedro S\u00e1nchez, ha cargado contra los 31.000 manifestantes de la concentraci\u00f3n en la Plaza Cibeles, organizada por Foro\",\"breadcrumb\":{\"@id\":\"https:\\\/\\\/www.eltriangle.eu\\\/es\\\/2023\\\/01\\\/22\\\/sanchez-critica-a-los-manifestantes-movilizados-por-la-organizacion-fundada-por-vidal-quadras-defensores-de-una-espana-uniforme-y-excluyente\\\/#breadcrumb\"},\"inLanguage\":\"es\",\"potentialAction\":[{\"@type\":\"ReadAction\",\"target\":[\"https:\\\/\\\/www.eltriangle.eu\\\/es\\\/2023\\\/01\\\/22\\\/sanchez-critica-a-los-manifestantes-movilizados-por-la-organizacion-fundada-por-vidal-quadras-defensores-de-una-espana-uniforme-y-excluyente\\\/\"]}]},{\"@type\":\"ImageObject\",\"inLanguage\":\"es\",\"@id\":\"https:\\\/\\\/www.eltriangle.eu\\\/es\\\/2023\\\/01\\\/22\\\/sanchez-critica-a-los-manifestantes-movilizados-por-la-organizacion-fundada-por-vidal-quadras-defensores-de-una-espana-uniforme-y-excluyente\\\/#primaryimage\",\"url\":\"https:\\\/\\\/www.eltriangle.eu\\\/wp-content\\\/uploads\\\/2023\\\/01\\\/pedro-sanchez-presidente-del-gobierno-central-psoe.jpg\",\"contentUrl\":\"https:\\\/\\\/www.eltriangle.eu\\\/wp-content\\\/uploads\\\/2023\\\/01\\\/pedro-sanchez-presidente-del-gobierno-central-psoe.jpg\",\"width\":1200,\"height\":628,\"caption\":\"Pedro S\u00e1nchez, presidente del Gobierno central (PSOE).\"},{\"@type\":\"BreadcrumbList\",\"@id\":\"https:\\\/\\\/www.eltriangle.eu\\\/es\\\/2023\\\/01\\\/22\\\/sanchez-critica-a-los-manifestantes-movilizados-por-la-organizacion-fundada-por-vidal-quadras-defensores-de-una-espana-uniforme-y-excluyente\\\/#breadcrumb\",\"itemListElement\":[{\"@type\":\"ListItem\",\"position\":1,\"name\":\"Portada\",\"item\":\"https:\\\/\\\/www.eltriangle.eu\\\/es\\\/\"},{\"@type\":\"ListItem\",\"position\":2,\"name\":\"S\u00e1nchez critica a los manifestantes movilizados por la organizaci\u00f3n fundada por Vidal-Quadras, defensores de una Espa\u00f1a \u201cuniforme y excluyente\u201d\"}]},{\"@type\":\"WebSite\",\"@id\":\"https:\\\/\\\/www.eltriangle.eu\\\/es\\\/#website\",\"url\":\"https:\\\/\\\/www.eltriangle.eu\\\/es\\\/\",\"name\":\"El Triangle\",\"description\":\"El Triangle \u00e9s un Diari d&#039;informaci\u00f3 general, editat a Catalunya i escrit en llengua catalana, especialitzat en investigaci\u00f3 period\u00edstica\",\"publisher\":{\"@id\":\"https:\\\/\\\/www.eltriangle.eu\\\/es\\\/#organization\"},\"potentialAction\":[{\"@type\":\"SearchAction\",\"target\":{\"@type\":\"EntryPoint\",\"urlTemplate\":\"https:\\\/\\\/www.eltriangle.eu\\\/es\\\/?s={search_term_string}\"},\"query-input\":{\"@type\":\"PropertyValueSpecification\",\"valueRequired\":true,\"valueName\":\"search_term_string\"}}],\"inLanguage\":\"es\"},{\"@type\":[\"Organization\",\"NewsMediaOrganization\"],\"@id\":\"https:\\\/\\\/www.eltriangle.eu\\\/es\\\/#organization\",\"name\":\"El Triangle\",\"url\":\"https:\\\/\\\/www.eltriangle.eu\\\/es\\\/\",\"logo\":{\"@type\":\"ImageObject\",\"inLanguage\":\"es\",\"@id\":\"https:\\\/\\\/www.eltriangle.eu\\\/es\\\/#\\\/schema\\\/logo\\\/image\\\/\",\"url\":\"https:\\\/\\\/www.eltriangle.eu\\\/wp-content\\\/uploads\\\/2020\\\/11\\\/triangle_logo-ajustado.jpg\",\"contentUrl\":\"https:\\\/\\\/www.eltriangle.eu\\\/wp-content\\\/uploads\\\/2020\\\/11\\\/triangle_logo-ajustado.jpg\",\"width\":521,\"height\":92,\"caption\":\"El Triangle\"},\"image\":{\"@id\":\"https:\\\/\\\/www.eltriangle.eu\\\/es\\\/#\\\/schema\\\/logo\\\/image\\\/\"},\"sameAs\":[\"https:\\\/\\\/www.facebook.com\\\/El-Triangle-Diari-101787399020302\",\"https:\\\/\\\/x.com\\\/El_Triangle\",\"https:\\\/\\\/www.youtube.com\\\/channel\\\/UCTIjmYEMYSpdGonuAgNhbcg\"]},{\"@type\":\"Person\",\"@id\":\"https:\\\/\\\/www.eltriangle.eu\\\/es\\\/#\\\/schema\\\/person\\\/164a138451b4f28d35c3f5984dac8e18\",\"name\":\"Redacci\u00f3n\",\"image\":{\"@type\":\"ImageObject\",\"inLanguage\":\"es\",\"@id\":\"\\\/\\\/www.gravatar.com\\\/avatar\\\/147263d1a435839b8405c79279bb6558?s=96&#038;r=g&#038;d=mm\",\"url\":\"\\\/\\\/www.gravatar.com\\\/avatar\\\/147263d1a435839b8405c79279bb6558?s=96&#038;r=g&#038;d=mm\",\"contentUrl\":\"\\\/\\\/www.gravatar.com\\\/avatar\\\/147263d1a435839b8405c79279bb6558?s=96&#038;r=g&#038;d=mm\",\"caption\":\"Redacci\u00f3n\"},\"url\":\"https:\\\/\\\/www.eltriangle.eu\\\/es\\\/author\\\/autor-1\\\/\"},{\"@type\":\"SiteNavigationElement\",\"@id\":\"https:\\\/\\\/www.eltriangle.eu\\\/es\\\/#site-navigation\",\"cssSelector\":[\".cib-main-menu\"]},{\"@type\":\"WPHeader\",\"@id\":\"https:\\\/\\\/www.eltriangle.eu\\\/es\\\/#header\",\"cssSelector\":[\".cib-header\"]},{\"@type\":\"WPFooter\",\"@id\":\"https:\\\/\\\/www.eltriangle.eu\\\/es\\\/#footer\",\"cssSelector\":[\".cib-footer\"]}]}<\/script>\n<!-- \/ Yoast SEO plugin. -->","yoast_head_json":{"title":"S\u00e1nchez critica a los manifestantes movilizados por la organizaci\u00f3n fundada por Vidal-Quadras, defensores de una Espa\u00f1a \u201cuniforme y excluyente\u201d - El Triangle","description":"El presidente del Gobierno central, Pedro S\u00e1nchez, ha cargado contra los 31.000 manifestantes de la concentraci\u00f3n en la Plaza Cibeles, organizada por Foro","robots":{"index":"index","follow":"follow","max-snippet":"max-snippet:-1","max-image-preview":"max-image-preview:large","max-video-preview":"max-video-preview:-1"},"canonical":"https:\/\/www.eltriangle.eu\/es\/2023\/01\/22\/sanchez-critica-a-los-manifestantes-movilizados-por-la-organizacion-fundada-por-vidal-quadras-defensores-de-una-espana-uniforme-y-excluyente\/","og_locale":"es_ES","og_type":"article","og_title":"S\u00e1nchez critica a los manifestantes movilizados por la organizaci\u00f3n fundada por Vidal-Quadras, defensores de una Espa\u00f1a \u201cuniforme y excluyente\u201d - El Triangle","og_description":"El presidente del Gobierno central, Pedro S\u00e1nchez, ha cargado contra los 31.000 manifestantes de la concentraci\u00f3n en la Plaza Cibeles, organizada por Foro","og_url":"https:\/\/www.eltriangle.eu\/es\/2023\/01\/22\/sanchez-critica-a-los-manifestantes-movilizados-por-la-organizacion-fundada-por-vidal-quadras-defensores-de-una-espana-uniforme-y-excluyente\/","og_site_name":"El Triangle","article_publisher":"https:\/\/www.facebook.com\/El-Triangle-Diari-101787399020302","article_published_time":"2023-01-22T11:16:17+00:00","article_modified_time":"2023-01-22T12:20:42+00:00","og_image":[{"width":1200,"height":628,"url":"https:\/\/www.eltriangle.eu\/wp-content\/uploads\/2023\/01\/pedro-sanchez-presidente-del-gobierno-central-psoe.jpg","type":"image\/jpeg"}],"author":"Redacci\u00f3n","twitter_card":"summary_large_image","twitter_creator":"@El_Triangle","twitter_site":"@El_Triangle","twitter_misc":{"Escrito por":"Redacci\u00f3n","Tiempo de lectura":"1 minuto"},"schema":{"@context":"https:\/\/schema.org","@graph":[{"@type":"NewsArticle","@id":"https:\/\/www.eltriangle.eu\/es\/2023\/01\/22\/sanchez-critica-a-los-manifestantes-movilizados-por-la-organizacion-fundada-por-vidal-quadras-defensores-de-una-espana-uniforme-y-excluyente\/#article","isPartOf":{"@id":"https:\/\/www.eltriangle.eu\/es\/2023\/01\/22\/sanchez-critica-a-los-manifestantes-movilizados-por-la-organizacion-fundada-por-vidal-quadras-defensores-de-una-espana-uniforme-y-excluyente\/"},"author":{"name":"Redacci\u00f3n","@id":"https:\/\/www.eltriangle.eu\/es\/#\/schema\/person\/164a138451b4f28d35c3f5984dac8e18"},"headline":"S\u00e1nchez critica a los manifestantes movilizados por la organizaci\u00f3n fundada por Vidal-Quadras, defensores de una Espa\u00f1a \u201cuniforme y excluyente\u201d","datePublished":"2023-01-22T11:16:17+00:00","dateModified":"2023-01-22T12:20:42+00:00","mainEntityOfPage":{"@id":"https:\/\/www.eltriangle.eu\/es\/2023\/01\/22\/sanchez-critica-a-los-manifestantes-movilizados-por-la-organizacion-fundada-por-vidal-quadras-defensores-de-una-espana-uniforme-y-excluyente\/"},"wordCount":218,"commentCount":0,"publisher":{"@id":"https:\/\/www.eltriangle.eu\/es\/#organization"},"image":{"@id":"https:\/\/www.eltriangle.eu\/es\/2023\/01\/22\/sanchez-critica-a-los-manifestantes-movilizados-por-la-organizacion-fundada-por-vidal-quadras-defensores-de-una-espana-uniforme-y-excluyente\/#primaryimage"},"thumbnailUrl":"https:\/\/www.eltriangle.eu\/wp-content\/uploads\/2023\/01\/pedro-sanchez-presidente-del-gobierno-central-psoe.jpg","keywords":["Coalici\u00f3 de PP i Vox","Coalici\u00f3n de PP y Vox","Pedro S\u00e1nchez","PP","PSOE","Vox"],"articleSection":["Actualidad"],"inLanguage":"es","potentialAction":[{"@type":"CommentAction","name":"Comment","target":["https:\/\/www.eltriangle.eu\/es\/2023\/01\/22\/sanchez-critica-a-los-manifestantes-movilizados-por-la-organizacion-fundada-por-vidal-quadras-defensores-de-una-espana-uniforme-y-excluyente\/#respond"]}]},{"@type":"WebPage","@id":"https:\/\/www.eltriangle.eu\/es\/2023\/01\/22\/sanchez-critica-a-los-manifestantes-movilizados-por-la-organizacion-fundada-por-vidal-quadras-defensores-de-una-espana-uniforme-y-excluyente\/","url":"https:\/\/www.eltriangle.eu\/es\/2023\/01\/22\/sanchez-critica-a-los-manifestantes-movilizados-por-la-organizacion-fundada-por-vidal-quadras-defensores-de-una-espana-uniforme-y-excluyente\/","name":"S\u00e1nchez critica a los manifestantes movilizados por la organizaci\u00f3n fundada por Vidal-Quadras, defensores de una Espa\u00f1a \u201cuniforme y excluyente\u201d - El Triangle","isPartOf":{"@id":"https:\/\/www.eltriangle.eu\/es\/#website"},"primaryImageOfPage":{"@id":"https:\/\/www.eltriangle.eu\/es\/2023\/01\/22\/sanchez-critica-a-los-manifestantes-movilizados-por-la-organizacion-fundada-por-vidal-quadras-defensores-de-una-espana-uniforme-y-excluyente\/#primaryimage"},"image":{"@id":"https:\/\/www.eltriangle.eu\/es\/2023\/01\/22\/sanchez-critica-a-los-manifestantes-movilizados-por-la-organizacion-fundada-por-vidal-quadras-defensores-de-una-espana-uniforme-y-excluyente\/#primaryimage"},"thumbnailUrl":"https:\/\/www.eltriangle.eu\/wp-content\/uploads\/2023\/01\/pedro-sanchez-presidente-del-gobierno-central-psoe.jpg","datePublished":"2023-01-22T11:16:17+00:00","dateModified":"2023-01-22T12:20:42+00:00","description":"El presidente del Gobierno central, Pedro S\u00e1nchez, ha cargado contra los 31.000 manifestantes de la concentraci\u00f3n en la Plaza Cibeles, organizada por Foro","breadcrumb":{"@id":"https:\/\/www.eltriangle.eu\/es\/2023\/01\/22\/sanchez-critica-a-los-manifestantes-movilizados-por-la-organizacion-fundada-por-vidal-quadras-defensores-de-una-espana-uniforme-y-excluyente\/#breadcrumb"},"inLanguage":"es","potentialAction":[{"@type":"ReadAction","target":["https:\/\/www.eltriangle.eu\/es\/2023\/01\/22\/sanchez-critica-a-los-manifestantes-movilizados-por-la-organizacion-fundada-por-vidal-quadras-defensores-de-una-espana-uniforme-y-excluyente\/"]}]},{"@type":"ImageObject","inLanguage":"es","@id":"https:\/\/www.eltriangle.eu\/es\/2023\/01\/22\/sanchez-critica-a-los-manifestantes-movilizados-por-la-organizacion-fundada-por-vidal-quadras-defensores-de-una-espana-uniforme-y-excluyente\/#primaryimage","url":"https:\/\/www.eltriangle.eu\/wp-content\/uploads\/2023\/01\/pedro-sanchez-presidente-del-gobierno-central-psoe.jpg","contentUrl":"https:\/\/www.eltriangle.eu\/wp-content\/uploads\/2023\/01\/pedro-sanchez-presidente-del-gobierno-central-psoe.jpg","width":1200,"height":628,"caption":"Pedro S\u00e1nchez, presidente del Gobierno central (PSOE)."},{"@type":"BreadcrumbList","@id":"https:\/\/www.eltriangle.eu\/es\/2023\/01\/22\/sanchez-critica-a-los-manifestantes-movilizados-por-la-organizacion-fundada-por-vidal-quadras-defensores-de-una-espana-uniforme-y-excluyente\/#breadcrumb","itemListElement":[{"@type":"ListItem","position":1,"name":"Portada","item":"https:\/\/www.eltriangle.eu\/es\/"},{"@type":"ListItem","position":2,"name":"S\u00e1nchez critica a los manifestantes movilizados por la organizaci\u00f3n fundada por Vidal-Quadras, defensores de una Espa\u00f1a \u201cuniforme y excluyente\u201d"}]},{"@type":"WebSite","@id":"https:\/\/www.eltriangle.eu\/es\/#website","url":"https:\/\/www.eltriangle.eu\/es\/","name":"El Triangle","description":"El Triangle \u00e9s un Diari d&#039;informaci\u00f3 general, editat a Catalunya i escrit en llengua catalana, especialitzat en investigaci\u00f3 period\u00edstica","publisher":{"@id":"https:\/\/www.eltriangle.eu\/es\/#organization"},"potentialAction":[{"@type":"SearchAction","target":{"@type":"EntryPoint","urlTemplate":"https:\/\/www.eltriangle.eu\/es\/?s={search_term_string}"},"query-input":{"@type":"PropertyValueSpecification","valueRequired":true,"valueName":"search_term_string"}}],"inLanguage":"es"},{"@type":["Organization","NewsMediaOrganization"],"@id":"https:\/\/www.eltriangle.eu\/es\/#organization","name":"El Triangle","url":"https:\/\/www.eltriangle.eu\/es\/","logo":{"@type":"ImageObject","inLanguage":"es","@id":"https:\/\/www.eltriangle.eu\/es\/#\/schema\/logo\/image\/","url":"https:\/\/www.eltriangle.eu\/wp-content\/uploads\/2020\/11\/triangle_logo-ajustado.jpg","contentUrl":"https:\/\/www.eltriangle.eu\/wp-content\/uploads\/2020\/11\/triangle_logo-ajustado.jpg","width":521,"height":92,"caption":"El Triangle"},"image":{"@id":"https:\/\/www.eltriangle.eu\/es\/#\/schema\/logo\/image\/"},"sameAs":["https:\/\/www.facebook.com\/El-Triangle-Diari-101787399020302","https:\/\/x.com\/El_Triangle","https:\/\/www.youtube.com\/channel\/UCTIjmYEMYSpdGonuAgNhbcg"]},{"@type":"Person","@id":"https:\/\/www.eltriangle.eu\/es\/#\/schema\/person\/164a138451b4f28d35c3f5984dac8e18","name":"Redacci\u00f3n","image":{"@type":"ImageObject","inLanguage":"es","@id":"\/\/www.gravatar.com\/avatar\/147263d1a435839b8405c79279bb6558?s=96&#038;r=g&#038;d=mm","url":"\/\/www.gravatar.com\/avatar\/147263d1a435839b8405c79279bb6558?s=96&#038;r=g&#038;d=mm","contentUrl":"\/\/www.gravatar.com\/avatar\/147263d1a435839b8405c79279bb6558?s=96&#038;r=g&#038;d=mm","caption":"Redacci\u00f3n"},"url":"https:\/\/www.eltriangle.eu\/es\/author\/autor-1\/"},{"@type":"SiteNavigationElement","@id":"https:\/\/www.eltriangle.eu\/es\/#site-navigation","cssSelector":[".cib-main-menu"]},{"@type":"WPHeader","@id":"https:\/\/www.eltriangle.eu\/es\/#header","cssSelector":[".cib-header"]},{"@type":"WPFooter","@id":"https:\/\/www.eltriangle.eu\/es\/#footer","cssSelector":[".cib-footer"]}]}},"amp_enabled":true,"_links":{"self":[{"href":"https:\/\/www.eltriangle.eu\/es\/wp-json\/wp\/v2\/posts\/172450","targetHints":{"allow":["GET"]}}],"collection":[{"href":"https:\/\/www.eltriangle.eu\/es\/wp-json\/wp\/v2\/posts"}],"about":[{"href":"https:\/\/www.eltriangle.eu\/es\/wp-json\/wp\/v2\/types\/post"}],"author":[{"embeddable":true,"href":"https:\/\/www.eltriangle.eu\/es\/wp-json\/wp\/v2\/users\/2"}],"replies":[{"embeddable":true,"href":"https:\/\/www.eltriangle.eu\/es\/wp-json\/wp\/v2\/comments?post=172450"}],"version-history":[{"count":0,"href":"https:\/\/www.eltriangle.eu\/es\/wp-json\/wp\/v2\/posts\/172450\/revisions"}],"wp:featuredmedia":[{"embeddable":true,"href":"https:\/\/www.eltriangle.eu\/es\/wp-json\/wp\/v2\/media\/172448"}],"wp:attachment":[{"href":"https:\/\/www.eltriangle.eu\/es\/wp-json\/wp\/v2\/media?parent=172450"}],"wp:term":[{"taxonomy":"category","embeddable":true,"href":"https:\/\/www.eltriangle.eu\/es\/wp-json\/wp\/v2\/categories?post=172450"},{"taxonomy":"post_tag","embeddable":true,"href":"https:\/\/www.eltriangle.eu\/es\/wp-json\/wp\/v2\/tags?post=172450"}],"curies":[{"name":"wp","href":"https:\/\/api.w.org\/{rel}","templated":true}]}}