{"id":172384,"date":"2023-01-21T16:16:34","date_gmt":"2023-01-21T15:16:34","guid":{"rendered":null},"modified":"2023-01-21T16:18:03","modified_gmt":"2023-01-21T15:18:03","slug":"31000-manifestantes-protestan-en-madrid-contra-el-plan-oculto-de-sanchez-para-la-mutacion-constitucional","status":"publish","type":"post","link":"https:\/\/www.eltriangle.eu\/es\/2023\/01\/21\/31000-manifestantes-protestan-en-madrid-contra-el-plan-oculto-de-sanchez-para-la-mutacion-constitucional\/","title":{"rendered":"31.000 manifestantes protestan en Madrid contra el \u201cplan oculto\u201d de S\u00e1nchez para la \u201cmutaci\u00f3n constitucional\u201d"},"content":{"rendered":"<p><strong>31.000 personas<\/strong> han participado en una concentraci\u00f3n breve en la <strong>Plaza de Cibeles de Madrid<\/strong> hoy, s\u00e1bado 21 de enero, seg\u00fan datos de la Delegaci\u00f3n del Gobierno. Con el lema \u201cEspa\u00f1a, la democracia y la Constituci\u00f3n\u201d, han protestado <strong>contra el supuesto \u201cplan oculto\u201d del ejecutivo de Pedro S\u00e1nchez para una \u201cmutaci\u00f3n constitucional\u201d<\/strong> que supondr\u00eda el fin de la naci\u00f3n tras un acuerdo ileg\u00edtimo entre el presidente del Gobierno central y \u201clos enemigos de la patria\u201d.<\/p>\n<p>La organizaci\u00f3n que ha impulsado la manifestaci\u00f3n es <strong><a href=\"https:\/\/twitter.com\/forolibertadal\/\" target=\"_blank\" rel=\"noopener\">Foro Libertad y Alternativa<\/a><\/strong>, que fue fundada por <strong>el expol\u00edtico del PP y de Vox <a href=\"https:\/\/twitter.com\/VidalQuadras\" target=\"_blank\" rel=\"noopener\">Alejo Vidal-Quadras<\/a><\/strong> para oponerse al independentismo en Catalu\u00f1a.<\/p>\n<p>Ha basado sus sospechas en la coincidencia de decisiones pol\u00edticas contrarias a los intereses de sus simpatizantes, como <strong>los ceses y los nombramientos de cargos de libre designaci\u00f3n<\/strong> realizados por el Gobierno y <strong><a href=\"https:\/\/www.eltriangle.eu\/es\/2022\/12\/29\/el-constitucional-avala-por-unanimidad-los-nuevos-magistrados-del-tribunal\/\" target=\"_blank\" rel=\"noopener\">el relevo en el Tribunal Constitucional<\/a><\/strong>, donde los juristas apoyados por el PP han perdido la mayor\u00eda.<\/p>\n","protected":false},"excerpt":{"rendered":"<p>31.000 personas han participado en una concentraci\u00f3n breve en la Plaza de Cibeles de Madrid hoy, s\u00e1bado 21 de enero, seg\u00fan datos de la Delegaci\u00f3n del Gobierno. Con el lema \u201cEspa\u00f1a, la democracia y la Constituci\u00f3n\u201d, han protestado contra el supuesto \u201cplan oculto\u201d del ejecutivo de Pedro S\u00e1nchez para una \u201cmutaci\u00f3n constitucional\u201d que supondr\u00eda el &#8230; <a title=\"31.000 manifestantes protestan en Madrid contra el \u201cplan oculto\u201d de S\u00e1nchez para la \u201cmutaci\u00f3n constitucional\u201d\" class=\"read-more\" href=\"https:\/\/www.eltriangle.eu\/es\/2023\/01\/21\/31000-manifestantes-protestan-en-madrid-contra-el-plan-oculto-de-sanchez-para-la-mutacion-constitucional\/\" aria-label=\"Leer m\u00e1s sobre 31.000 manifestantes protestan en Madrid contra el \u201cplan oculto\u201d de S\u00e1nchez para la \u201cmutaci\u00f3n constitucional\u201d\">Leer m\u00e1s<\/a><\/p>\n","protected":false},"author":2,"featured_media":172383,"comment_status":"open","ping_status":"closed","sticky":false,"template":"","format":"standard","meta":{"_acf_changed":false,"pmpro_default_level":"","footnotes":""},"categories":[24],"tags":[],"class_list":["post-172384","post","type-post","status-publish","format-standard","has-post-thumbnail","hentry","category-actualidad","lh_instant_articles-syndicate-yes","pmpro-has-access"],"acf":[],"yoast_head":"<!-- This site is optimized with the Yoast SEO plugin v27.4 - https:\/\/yoast.com\/product\/yoast-seo-wordpress\/ -->\n<title>31.000 manifestantes protestan en Madrid contra el \u201cplan oculto\u201d de S\u00e1nchez para la \u201cmutaci\u00f3n constitucional\u201d - El Triangle<\/title>\n<meta name=\"description\" content=\"31.000 personas han participado en una concentraci\u00f3n breve en la Plaza de Cibeles de Madrid hoy, s\u00e1bado 21 de enero, seg\u00fan datos de la Delegaci\u00f3n del\" class=\"yoast-seo-meta-tag\" \/>\n<meta name=\"robots\" content=\"index, follow, max-snippet:-1, max-image-preview:large, max-video-preview:-1\" \/>\n<link rel=\"canonical\" href=\"https:\/\/www.eltriangle.eu\/es\/2023\/01\/21\/31000-manifestantes-protestan-en-madrid-contra-el-plan-oculto-de-sanchez-para-la-mutacion-constitucional\/\" class=\"yoast-seo-meta-tag\" \/>\n<meta property=\"og:locale\" content=\"es_ES\" class=\"yoast-seo-meta-tag\" \/>\n<meta property=\"og:type\" content=\"article\" class=\"yoast-seo-meta-tag\" \/>\n<meta property=\"og:title\" content=\"31.000 manifestantes protestan en Madrid contra el \u201cplan oculto\u201d de S\u00e1nchez para la \u201cmutaci\u00f3n constitucional\u201d - El Triangle\" class=\"yoast-seo-meta-tag\" \/>\n<meta property=\"og:description\" content=\"31.000 personas han participado en una concentraci\u00f3n breve en la Plaza de Cibeles de Madrid hoy, s\u00e1bado 21 de enero, seg\u00fan datos de la Delegaci\u00f3n del\" class=\"yoast-seo-meta-tag\" \/>\n<meta property=\"og:url\" content=\"https:\/\/www.eltriangle.eu\/es\/2023\/01\/21\/31000-manifestantes-protestan-en-madrid-contra-el-plan-oculto-de-sanchez-para-la-mutacion-constitucional\/\" class=\"yoast-seo-meta-tag\" \/>\n<meta property=\"og:site_name\" content=\"El Triangle\" class=\"yoast-seo-meta-tag\" \/>\n<meta property=\"article:publisher\" content=\"https:\/\/www.facebook.com\/El-Triangle-Diari-101787399020302\" class=\"yoast-seo-meta-tag\" \/>\n<meta property=\"article:published_time\" content=\"2023-01-21T15:16:34+00:00\" class=\"yoast-seo-meta-tag\" \/>\n<meta property=\"article:modified_time\" content=\"2023-01-21T15:18:03+00:00\" class=\"yoast-seo-meta-tag\" \/>\n<meta property=\"og:image\" content=\"https:\/\/www.eltriangle.eu\/wp-content\/uploads\/2023\/01\/manifestacion-en-la-plaza-de-cibeles-en-madrid-contra-el-plan-oculto-de-sanchez-para-la-mutacion-constitucional-foro-libertad-y-alternativa.jpg\" class=\"yoast-seo-meta-tag\" \/>\n\t<meta property=\"og:image:width\" content=\"1200\" class=\"yoast-seo-meta-tag\" \/>\n\t<meta property=\"og:image:height\" content=\"628\" class=\"yoast-seo-meta-tag\" \/>\n\t<meta property=\"og:image:type\" content=\"image\/jpeg\" class=\"yoast-seo-meta-tag\" \/>\n<meta name=\"author\" content=\"Redacci\u00f3n\" class=\"yoast-seo-meta-tag\" \/>\n<meta name=\"twitter:card\" content=\"summary_large_image\" class=\"yoast-seo-meta-tag\" \/>\n<meta name=\"twitter:creator\" content=\"@El_Triangle\" class=\"yoast-seo-meta-tag\" \/>\n<meta name=\"twitter:site\" content=\"@El_Triangle\" class=\"yoast-seo-meta-tag\" \/>\n<meta name=\"twitter:label1\" content=\"Escrito por\" class=\"yoast-seo-meta-tag\" \/>\n\t<meta name=\"twitter:data1\" content=\"Redacci\u00f3n\" class=\"yoast-seo-meta-tag\" \/>\n\t<meta name=\"twitter:label2\" content=\"Tiempo de lectura\" class=\"yoast-seo-meta-tag\" \/>\n\t<meta name=\"twitter:data2\" content=\"1 minuto\" class=\"yoast-seo-meta-tag\" \/>\n<script type=\"application\/ld+json\" class=\"yoast-schema-graph\">{\"@context\":\"https:\\\/\\\/schema.org\",\"@graph\":[{\"@type\":\"NewsArticle\",\"@id\":\"https:\\\/\\\/www.eltriangle.eu\\\/es\\\/2023\\\/01\\\/21\\\/31000-manifestantes-protestan-en-madrid-contra-el-plan-oculto-de-sanchez-para-la-mutacion-constitucional\\\/#article\",\"isPartOf\":{\"@id\":\"https:\\\/\\\/www.eltriangle.eu\\\/es\\\/2023\\\/01\\\/21\\\/31000-manifestantes-protestan-en-madrid-contra-el-plan-oculto-de-sanchez-para-la-mutacion-constitucional\\\/\"},\"author\":{\"name\":\"Redacci\u00f3n\",\"@id\":\"https:\\\/\\\/www.eltriangle.eu\\\/es\\\/#\\\/schema\\\/person\\\/164a138451b4f28d35c3f5984dac8e18\"},\"headline\":\"31.000 manifestantes protestan en Madrid contra el \u201cplan oculto\u201d de S\u00e1nchez para la \u201cmutaci\u00f3n constitucional\u201d\",\"datePublished\":\"2023-01-21T15:16:34+00:00\",\"dateModified\":\"2023-01-21T15:18:03+00:00\",\"mainEntityOfPage\":{\"@id\":\"https:\\\/\\\/www.eltriangle.eu\\\/es\\\/2023\\\/01\\\/21\\\/31000-manifestantes-protestan-en-madrid-contra-el-plan-oculto-de-sanchez-para-la-mutacion-constitucional\\\/\"},\"wordCount\":188,\"commentCount\":0,\"publisher\":{\"@id\":\"https:\\\/\\\/www.eltriangle.eu\\\/es\\\/#organization\"},\"image\":{\"@id\":\"https:\\\/\\\/www.eltriangle.eu\\\/es\\\/2023\\\/01\\\/21\\\/31000-manifestantes-protestan-en-madrid-contra-el-plan-oculto-de-sanchez-para-la-mutacion-constitucional\\\/#primaryimage\"},\"thumbnailUrl\":\"https:\\\/\\\/www.eltriangle.eu\\\/wp-content\\\/uploads\\\/2023\\\/01\\\/manifestacion-en-la-plaza-de-cibeles-en-madrid-contra-el-plan-oculto-de-sanchez-para-la-mutacion-constitucional-foro-libertad-y-alternativa.jpg\",\"articleSection\":[\"Actualidad\"],\"inLanguage\":\"es\",\"potentialAction\":[{\"@type\":\"CommentAction\",\"name\":\"Comment\",\"target\":[\"https:\\\/\\\/www.eltriangle.eu\\\/es\\\/2023\\\/01\\\/21\\\/31000-manifestantes-protestan-en-madrid-contra-el-plan-oculto-de-sanchez-para-la-mutacion-constitucional\\\/#respond\"]}]},{\"@type\":\"WebPage\",\"@id\":\"https:\\\/\\\/www.eltriangle.eu\\\/es\\\/2023\\\/01\\\/21\\\/31000-manifestantes-protestan-en-madrid-contra-el-plan-oculto-de-sanchez-para-la-mutacion-constitucional\\\/\",\"url\":\"https:\\\/\\\/www.eltriangle.eu\\\/es\\\/2023\\\/01\\\/21\\\/31000-manifestantes-protestan-en-madrid-contra-el-plan-oculto-de-sanchez-para-la-mutacion-constitucional\\\/\",\"name\":\"31.000 manifestantes protestan en Madrid contra el \u201cplan oculto\u201d de S\u00e1nchez para la \u201cmutaci\u00f3n constitucional\u201d - El Triangle\",\"isPartOf\":{\"@id\":\"https:\\\/\\\/www.eltriangle.eu\\\/es\\\/#website\"},\"primaryImageOfPage\":{\"@id\":\"https:\\\/\\\/www.eltriangle.eu\\\/es\\\/2023\\\/01\\\/21\\\/31000-manifestantes-protestan-en-madrid-contra-el-plan-oculto-de-sanchez-para-la-mutacion-constitucional\\\/#primaryimage\"},\"image\":{\"@id\":\"https:\\\/\\\/www.eltriangle.eu\\\/es\\\/2023\\\/01\\\/21\\\/31000-manifestantes-protestan-en-madrid-contra-el-plan-oculto-de-sanchez-para-la-mutacion-constitucional\\\/#primaryimage\"},\"thumbnailUrl\":\"https:\\\/\\\/www.eltriangle.eu\\\/wp-content\\\/uploads\\\/2023\\\/01\\\/manifestacion-en-la-plaza-de-cibeles-en-madrid-contra-el-plan-oculto-de-sanchez-para-la-mutacion-constitucional-foro-libertad-y-alternativa.jpg\",\"datePublished\":\"2023-01-21T15:16:34+00:00\",\"dateModified\":\"2023-01-21T15:18:03+00:00\",\"description\":\"31.000 personas han participado en una concentraci\u00f3n breve en la Plaza de Cibeles de Madrid hoy, s\u00e1bado 21 de enero, seg\u00fan datos de la Delegaci\u00f3n del\",\"breadcrumb\":{\"@id\":\"https:\\\/\\\/www.eltriangle.eu\\\/es\\\/2023\\\/01\\\/21\\\/31000-manifestantes-protestan-en-madrid-contra-el-plan-oculto-de-sanchez-para-la-mutacion-constitucional\\\/#breadcrumb\"},\"inLanguage\":\"es\",\"potentialAction\":[{\"@type\":\"ReadAction\",\"target\":[\"https:\\\/\\\/www.eltriangle.eu\\\/es\\\/2023\\\/01\\\/21\\\/31000-manifestantes-protestan-en-madrid-contra-el-plan-oculto-de-sanchez-para-la-mutacion-constitucional\\\/\"]}]},{\"@type\":\"ImageObject\",\"inLanguage\":\"es\",\"@id\":\"https:\\\/\\\/www.eltriangle.eu\\\/es\\\/2023\\\/01\\\/21\\\/31000-manifestantes-protestan-en-madrid-contra-el-plan-oculto-de-sanchez-para-la-mutacion-constitucional\\\/#primaryimage\",\"url\":\"https:\\\/\\\/www.eltriangle.eu\\\/wp-content\\\/uploads\\\/2023\\\/01\\\/manifestacion-en-la-plaza-de-cibeles-en-madrid-contra-el-plan-oculto-de-sanchez-para-la-mutacion-constitucional-foro-libertad-y-alternativa.jpg\",\"contentUrl\":\"https:\\\/\\\/www.eltriangle.eu\\\/wp-content\\\/uploads\\\/2023\\\/01\\\/manifestacion-en-la-plaza-de-cibeles-en-madrid-contra-el-plan-oculto-de-sanchez-para-la-mutacion-constitucional-foro-libertad-y-alternativa.jpg\",\"width\":1200,\"height\":628,\"caption\":\"Manifestaci\u00f3n en la Plaza de Cibeles en Madrid contra el \u201cplan oculto\u201d de S\u00e1nchez para la \u201cmutaci\u00f3n constitucional\u201d (Foro Libertad y Alternativa).\"},{\"@type\":\"BreadcrumbList\",\"@id\":\"https:\\\/\\\/www.eltriangle.eu\\\/es\\\/2023\\\/01\\\/21\\\/31000-manifestantes-protestan-en-madrid-contra-el-plan-oculto-de-sanchez-para-la-mutacion-constitucional\\\/#breadcrumb\",\"itemListElement\":[{\"@type\":\"ListItem\",\"position\":1,\"name\":\"Portada\",\"item\":\"https:\\\/\\\/www.eltriangle.eu\\\/es\\\/\"},{\"@type\":\"ListItem\",\"position\":2,\"name\":\"31.000 manifestantes protestan en Madrid contra el \u201cplan oculto\u201d de S\u00e1nchez para la \u201cmutaci\u00f3n constitucional\u201d\"}]},{\"@type\":\"WebSite\",\"@id\":\"https:\\\/\\\/www.eltriangle.eu\\\/es\\\/#website\",\"url\":\"https:\\\/\\\/www.eltriangle.eu\\\/es\\\/\",\"name\":\"El Triangle\",\"description\":\"El Triangle \u00e9s un Diari d&#039;informaci\u00f3 general, editat a Catalunya i escrit en llengua catalana, especialitzat en investigaci\u00f3 period\u00edstica\",\"publisher\":{\"@id\":\"https:\\\/\\\/www.eltriangle.eu\\\/es\\\/#organization\"},\"potentialAction\":[{\"@type\":\"SearchAction\",\"target\":{\"@type\":\"EntryPoint\",\"urlTemplate\":\"https:\\\/\\\/www.eltriangle.eu\\\/es\\\/?s={search_term_string}\"},\"query-input\":{\"@type\":\"PropertyValueSpecification\",\"valueRequired\":true,\"valueName\":\"search_term_string\"}}],\"inLanguage\":\"es\"},{\"@type\":[\"Organization\",\"NewsMediaOrganization\"],\"@id\":\"https:\\\/\\\/www.eltriangle.eu\\\/es\\\/#organization\",\"name\":\"El Triangle\",\"url\":\"https:\\\/\\\/www.eltriangle.eu\\\/es\\\/\",\"logo\":{\"@type\":\"ImageObject\",\"inLanguage\":\"es\",\"@id\":\"https:\\\/\\\/www.eltriangle.eu\\\/es\\\/#\\\/schema\\\/logo\\\/image\\\/\",\"url\":\"https:\\\/\\\/www.eltriangle.eu\\\/wp-content\\\/uploads\\\/2020\\\/11\\\/triangle_logo-ajustado.jpg\",\"contentUrl\":\"https:\\\/\\\/www.eltriangle.eu\\\/wp-content\\\/uploads\\\/2020\\\/11\\\/triangle_logo-ajustado.jpg\",\"width\":521,\"height\":92,\"caption\":\"El Triangle\"},\"image\":{\"@id\":\"https:\\\/\\\/www.eltriangle.eu\\\/es\\\/#\\\/schema\\\/logo\\\/image\\\/\"},\"sameAs\":[\"https:\\\/\\\/www.facebook.com\\\/El-Triangle-Diari-101787399020302\",\"https:\\\/\\\/x.com\\\/El_Triangle\",\"https:\\\/\\\/www.youtube.com\\\/channel\\\/UCTIjmYEMYSpdGonuAgNhbcg\"]},{\"@type\":\"Person\",\"@id\":\"https:\\\/\\\/www.eltriangle.eu\\\/es\\\/#\\\/schema\\\/person\\\/164a138451b4f28d35c3f5984dac8e18\",\"name\":\"Redacci\u00f3n\",\"image\":{\"@type\":\"ImageObject\",\"inLanguage\":\"es\",\"@id\":\"\\\/\\\/www.gravatar.com\\\/avatar\\\/147263d1a435839b8405c79279bb6558?s=96&#038;r=g&#038;d=mm\",\"url\":\"\\\/\\\/www.gravatar.com\\\/avatar\\\/147263d1a435839b8405c79279bb6558?s=96&#038;r=g&#038;d=mm\",\"contentUrl\":\"\\\/\\\/www.gravatar.com\\\/avatar\\\/147263d1a435839b8405c79279bb6558?s=96&#038;r=g&#038;d=mm\",\"caption\":\"Redacci\u00f3n\"},\"url\":\"https:\\\/\\\/www.eltriangle.eu\\\/es\\\/author\\\/autor-1\\\/\"},{\"@type\":\"SiteNavigationElement\",\"@id\":\"https:\\\/\\\/www.eltriangle.eu\\\/es\\\/#site-navigation\",\"cssSelector\":[\".cib-main-menu\"]},{\"@type\":\"WPHeader\",\"@id\":\"https:\\\/\\\/www.eltriangle.eu\\\/es\\\/#header\",\"cssSelector\":[\".cib-header\"]},{\"@type\":\"WPFooter\",\"@id\":\"https:\\\/\\\/www.eltriangle.eu\\\/es\\\/#footer\",\"cssSelector\":[\".cib-footer\"]}]}<\/script>\n<!-- \/ Yoast SEO plugin. -->","yoast_head_json":{"title":"31.000 manifestantes protestan en Madrid contra el \u201cplan oculto\u201d de S\u00e1nchez para la \u201cmutaci\u00f3n constitucional\u201d - El Triangle","description":"31.000 personas han participado en una concentraci\u00f3n breve en la Plaza de Cibeles de Madrid hoy, s\u00e1bado 21 de enero, seg\u00fan datos de la Delegaci\u00f3n del","robots":{"index":"index","follow":"follow","max-snippet":"max-snippet:-1","max-image-preview":"max-image-preview:large","max-video-preview":"max-video-preview:-1"},"canonical":"https:\/\/www.eltriangle.eu\/es\/2023\/01\/21\/31000-manifestantes-protestan-en-madrid-contra-el-plan-oculto-de-sanchez-para-la-mutacion-constitucional\/","og_locale":"es_ES","og_type":"article","og_title":"31.000 manifestantes protestan en Madrid contra el \u201cplan oculto\u201d de S\u00e1nchez para la \u201cmutaci\u00f3n constitucional\u201d - El Triangle","og_description":"31.000 personas han participado en una concentraci\u00f3n breve en la Plaza de Cibeles de Madrid hoy, s\u00e1bado 21 de enero, seg\u00fan datos de la Delegaci\u00f3n del","og_url":"https:\/\/www.eltriangle.eu\/es\/2023\/01\/21\/31000-manifestantes-protestan-en-madrid-contra-el-plan-oculto-de-sanchez-para-la-mutacion-constitucional\/","og_site_name":"El Triangle","article_publisher":"https:\/\/www.facebook.com\/El-Triangle-Diari-101787399020302","article_published_time":"2023-01-21T15:16:34+00:00","article_modified_time":"2023-01-21T15:18:03+00:00","og_image":[{"width":1200,"height":628,"url":"https:\/\/www.eltriangle.eu\/wp-content\/uploads\/2023\/01\/manifestacion-en-la-plaza-de-cibeles-en-madrid-contra-el-plan-oculto-de-sanchez-para-la-mutacion-constitucional-foro-libertad-y-alternativa.jpg","type":"image\/jpeg"}],"author":"Redacci\u00f3n","twitter_card":"summary_large_image","twitter_creator":"@El_Triangle","twitter_site":"@El_Triangle","twitter_misc":{"Escrito por":"Redacci\u00f3n","Tiempo de lectura":"1 minuto"},"schema":{"@context":"https:\/\/schema.org","@graph":[{"@type":"NewsArticle","@id":"https:\/\/www.eltriangle.eu\/es\/2023\/01\/21\/31000-manifestantes-protestan-en-madrid-contra-el-plan-oculto-de-sanchez-para-la-mutacion-constitucional\/#article","isPartOf":{"@id":"https:\/\/www.eltriangle.eu\/es\/2023\/01\/21\/31000-manifestantes-protestan-en-madrid-contra-el-plan-oculto-de-sanchez-para-la-mutacion-constitucional\/"},"author":{"name":"Redacci\u00f3n","@id":"https:\/\/www.eltriangle.eu\/es\/#\/schema\/person\/164a138451b4f28d35c3f5984dac8e18"},"headline":"31.000 manifestantes protestan en Madrid contra el \u201cplan oculto\u201d de S\u00e1nchez para la \u201cmutaci\u00f3n constitucional\u201d","datePublished":"2023-01-21T15:16:34+00:00","dateModified":"2023-01-21T15:18:03+00:00","mainEntityOfPage":{"@id":"https:\/\/www.eltriangle.eu\/es\/2023\/01\/21\/31000-manifestantes-protestan-en-madrid-contra-el-plan-oculto-de-sanchez-para-la-mutacion-constitucional\/"},"wordCount":188,"commentCount":0,"publisher":{"@id":"https:\/\/www.eltriangle.eu\/es\/#organization"},"image":{"@id":"https:\/\/www.eltriangle.eu\/es\/2023\/01\/21\/31000-manifestantes-protestan-en-madrid-contra-el-plan-oculto-de-sanchez-para-la-mutacion-constitucional\/#primaryimage"},"thumbnailUrl":"https:\/\/www.eltriangle.eu\/wp-content\/uploads\/2023\/01\/manifestacion-en-la-plaza-de-cibeles-en-madrid-contra-el-plan-oculto-de-sanchez-para-la-mutacion-constitucional-foro-libertad-y-alternativa.jpg","articleSection":["Actualidad"],"inLanguage":"es","potentialAction":[{"@type":"CommentAction","name":"Comment","target":["https:\/\/www.eltriangle.eu\/es\/2023\/01\/21\/31000-manifestantes-protestan-en-madrid-contra-el-plan-oculto-de-sanchez-para-la-mutacion-constitucional\/#respond"]}]},{"@type":"WebPage","@id":"https:\/\/www.eltriangle.eu\/es\/2023\/01\/21\/31000-manifestantes-protestan-en-madrid-contra-el-plan-oculto-de-sanchez-para-la-mutacion-constitucional\/","url":"https:\/\/www.eltriangle.eu\/es\/2023\/01\/21\/31000-manifestantes-protestan-en-madrid-contra-el-plan-oculto-de-sanchez-para-la-mutacion-constitucional\/","name":"31.000 manifestantes protestan en Madrid contra el \u201cplan oculto\u201d de S\u00e1nchez para la \u201cmutaci\u00f3n constitucional\u201d - El Triangle","isPartOf":{"@id":"https:\/\/www.eltriangle.eu\/es\/#website"},"primaryImageOfPage":{"@id":"https:\/\/www.eltriangle.eu\/es\/2023\/01\/21\/31000-manifestantes-protestan-en-madrid-contra-el-plan-oculto-de-sanchez-para-la-mutacion-constitucional\/#primaryimage"},"image":{"@id":"https:\/\/www.eltriangle.eu\/es\/2023\/01\/21\/31000-manifestantes-protestan-en-madrid-contra-el-plan-oculto-de-sanchez-para-la-mutacion-constitucional\/#primaryimage"},"thumbnailUrl":"https:\/\/www.eltriangle.eu\/wp-content\/uploads\/2023\/01\/manifestacion-en-la-plaza-de-cibeles-en-madrid-contra-el-plan-oculto-de-sanchez-para-la-mutacion-constitucional-foro-libertad-y-alternativa.jpg","datePublished":"2023-01-21T15:16:34+00:00","dateModified":"2023-01-21T15:18:03+00:00","description":"31.000 personas han participado en una concentraci\u00f3n breve en la Plaza de Cibeles de Madrid hoy, s\u00e1bado 21 de enero, seg\u00fan datos de la Delegaci\u00f3n del","breadcrumb":{"@id":"https:\/\/www.eltriangle.eu\/es\/2023\/01\/21\/31000-manifestantes-protestan-en-madrid-contra-el-plan-oculto-de-sanchez-para-la-mutacion-constitucional\/#breadcrumb"},"inLanguage":"es","potentialAction":[{"@type":"ReadAction","target":["https:\/\/www.eltriangle.eu\/es\/2023\/01\/21\/31000-manifestantes-protestan-en-madrid-contra-el-plan-oculto-de-sanchez-para-la-mutacion-constitucional\/"]}]},{"@type":"ImageObject","inLanguage":"es","@id":"https:\/\/www.eltriangle.eu\/es\/2023\/01\/21\/31000-manifestantes-protestan-en-madrid-contra-el-plan-oculto-de-sanchez-para-la-mutacion-constitucional\/#primaryimage","url":"https:\/\/www.eltriangle.eu\/wp-content\/uploads\/2023\/01\/manifestacion-en-la-plaza-de-cibeles-en-madrid-contra-el-plan-oculto-de-sanchez-para-la-mutacion-constitucional-foro-libertad-y-alternativa.jpg","contentUrl":"https:\/\/www.eltriangle.eu\/wp-content\/uploads\/2023\/01\/manifestacion-en-la-plaza-de-cibeles-en-madrid-contra-el-plan-oculto-de-sanchez-para-la-mutacion-constitucional-foro-libertad-y-alternativa.jpg","width":1200,"height":628,"caption":"Manifestaci\u00f3n en la Plaza de Cibeles en Madrid contra el \u201cplan oculto\u201d de S\u00e1nchez para la \u201cmutaci\u00f3n constitucional\u201d (Foro Libertad y Alternativa)."},{"@type":"BreadcrumbList","@id":"https:\/\/www.eltriangle.eu\/es\/2023\/01\/21\/31000-manifestantes-protestan-en-madrid-contra-el-plan-oculto-de-sanchez-para-la-mutacion-constitucional\/#breadcrumb","itemListElement":[{"@type":"ListItem","position":1,"name":"Portada","item":"https:\/\/www.eltriangle.eu\/es\/"},{"@type":"ListItem","position":2,"name":"31.000 manifestantes protestan en Madrid contra el \u201cplan oculto\u201d de S\u00e1nchez para la \u201cmutaci\u00f3n constitucional\u201d"}]},{"@type":"WebSite","@id":"https:\/\/www.eltriangle.eu\/es\/#website","url":"https:\/\/www.eltriangle.eu\/es\/","name":"El Triangle","description":"El Triangle \u00e9s un Diari d&#039;informaci\u00f3 general, editat a Catalunya i escrit en llengua catalana, especialitzat en investigaci\u00f3 period\u00edstica","publisher":{"@id":"https:\/\/www.eltriangle.eu\/es\/#organization"},"potentialAction":[{"@type":"SearchAction","target":{"@type":"EntryPoint","urlTemplate":"https:\/\/www.eltriangle.eu\/es\/?s={search_term_string}"},"query-input":{"@type":"PropertyValueSpecification","valueRequired":true,"valueName":"search_term_string"}}],"inLanguage":"es"},{"@type":["Organization","NewsMediaOrganization"],"@id":"https:\/\/www.eltriangle.eu\/es\/#organization","name":"El Triangle","url":"https:\/\/www.eltriangle.eu\/es\/","logo":{"@type":"ImageObject","inLanguage":"es","@id":"https:\/\/www.eltriangle.eu\/es\/#\/schema\/logo\/image\/","url":"https:\/\/www.eltriangle.eu\/wp-content\/uploads\/2020\/11\/triangle_logo-ajustado.jpg","contentUrl":"https:\/\/www.eltriangle.eu\/wp-content\/uploads\/2020\/11\/triangle_logo-ajustado.jpg","width":521,"height":92,"caption":"El Triangle"},"image":{"@id":"https:\/\/www.eltriangle.eu\/es\/#\/schema\/logo\/image\/"},"sameAs":["https:\/\/www.facebook.com\/El-Triangle-Diari-101787399020302","https:\/\/x.com\/El_Triangle","https:\/\/www.youtube.com\/channel\/UCTIjmYEMYSpdGonuAgNhbcg"]},{"@type":"Person","@id":"https:\/\/www.eltriangle.eu\/es\/#\/schema\/person\/164a138451b4f28d35c3f5984dac8e18","name":"Redacci\u00f3n","image":{"@type":"ImageObject","inLanguage":"es","@id":"\/\/www.gravatar.com\/avatar\/147263d1a435839b8405c79279bb6558?s=96&#038;r=g&#038;d=mm","url":"\/\/www.gravatar.com\/avatar\/147263d1a435839b8405c79279bb6558?s=96&#038;r=g&#038;d=mm","contentUrl":"\/\/www.gravatar.com\/avatar\/147263d1a435839b8405c79279bb6558?s=96&#038;r=g&#038;d=mm","caption":"Redacci\u00f3n"},"url":"https:\/\/www.eltriangle.eu\/es\/author\/autor-1\/"},{"@type":"SiteNavigationElement","@id":"https:\/\/www.eltriangle.eu\/es\/#site-navigation","cssSelector":[".cib-main-menu"]},{"@type":"WPHeader","@id":"https:\/\/www.eltriangle.eu\/es\/#header","cssSelector":[".cib-header"]},{"@type":"WPFooter","@id":"https:\/\/www.eltriangle.eu\/es\/#footer","cssSelector":[".cib-footer"]}]}},"amp_enabled":true,"_links":{"self":[{"href":"https:\/\/www.eltriangle.eu\/es\/wp-json\/wp\/v2\/posts\/172384","targetHints":{"allow":["GET"]}}],"collection":[{"href":"https:\/\/www.eltriangle.eu\/es\/wp-json\/wp\/v2\/posts"}],"about":[{"href":"https:\/\/www.eltriangle.eu\/es\/wp-json\/wp\/v2\/types\/post"}],"author":[{"embeddable":true,"href":"https:\/\/www.eltriangle.eu\/es\/wp-json\/wp\/v2\/users\/2"}],"replies":[{"embeddable":true,"href":"https:\/\/www.eltriangle.eu\/es\/wp-json\/wp\/v2\/comments?post=172384"}],"version-history":[{"count":0,"href":"https:\/\/www.eltriangle.eu\/es\/wp-json\/wp\/v2\/posts\/172384\/revisions"}],"wp:featuredmedia":[{"embeddable":true,"href":"https:\/\/www.eltriangle.eu\/es\/wp-json\/wp\/v2\/media\/172383"}],"wp:attachment":[{"href":"https:\/\/www.eltriangle.eu\/es\/wp-json\/wp\/v2\/media?parent=172384"}],"wp:term":[{"taxonomy":"category","embeddable":true,"href":"https:\/\/www.eltriangle.eu\/es\/wp-json\/wp\/v2\/categories?post=172384"},{"taxonomy":"post_tag","embeddable":true,"href":"https:\/\/www.eltriangle.eu\/es\/wp-json\/wp\/v2\/tags?post=172384"}],"curies":[{"name":"wp","href":"https:\/\/api.w.org\/{rel}","templated":true}]}}