{"id":160680,"date":"2022-10-20T18:45:50","date_gmt":"2022-10-20T16:45:50","guid":{"rendered":null},"modified":"2022-10-20T21:28:26","modified_gmt":"2022-10-20T19:28:26","slug":"defensa-admite-el-mal-estado-de-unidades-del-ejercito-espanol","status":"publish","type":"post","link":"https:\/\/www.eltriangle.eu\/es\/2022\/10\/20\/defensa-admite-el-mal-estado-de-unidades-del-ejercito-espanol\/","title":{"rendered":"Defensa admite el mal estado de unidades del ej\u00e9rcito espa\u00f1ol"},"content":{"rendered":"<p>En plena guerra en Ucrania, el Jefe de Estado Mayor de la Defensa (Jemad), almirante general <strong>Teodoro L\u00f3pez Calder\u00f3n<\/strong>, ha reconocido este jueves en una comparecencia en la comisi\u00f3n de presupuestos del Congreso <strong>el mal estado del ej\u00e9rcito espa\u00f1ol<\/strong>.<\/p>\n<p><strong>\u00abHay unidades que no pueden desplegarse porque se han quedado tan obsoletas que no se pueden utilizar\u00bb<\/strong>, admiti\u00f3 ante los diputados. <strong>Remarc\u00f3 especialmente problemas en la Armada<\/strong>, y apunt\u00f3 que sufren \u00abuna carencia en el n\u00famero de fragatas para combate de alta intensidad\u00bb, algo que a su entender pide paciencia porque no se resolver\u00e1 a corto plazo.<\/p>\n<p>Tambi\u00e9n ha explicado que las Fuerzas Armadas se encuentran en un proceso de especializaci\u00f3n debido a la transformaci\u00f3n digital y evoluci\u00f3n tecnol\u00f3gica, lo que requiere una cantidad de personal militar y civil superior a la actual, que adem\u00e1s tendr\u00e1 que recibir una formaci\u00f3n muy espec\u00edfica.<\/p>\n<p>En el proyecto de Presupuestos para 2023, el cap\u00edtulo de personal supera los 5.000 millones de euros y supone un 41,9% de la dotaci\u00f3n total del Ministerio de Defensa. Son 313 millones adicionales respecto al pasado a\u00f1o, un 6,20% m\u00e1s.<\/p>\n","protected":false},"excerpt":{"rendered":"<p>En plena guerra en Ucrania, el Jefe de Estado Mayor de la Defensa (Jemad), almirante general Teodoro L\u00f3pez Calder\u00f3n, ha reconocido este jueves en una comparecencia en la comisi\u00f3n de presupuestos del Congreso el mal estado del ej\u00e9rcito espa\u00f1ol. \u00abHay unidades que no pueden desplegarse porque se han quedado tan obsoletas que no se pueden &#8230; <a title=\"Defensa admite el mal estado de unidades del ej\u00e9rcito espa\u00f1ol\" class=\"read-more\" href=\"https:\/\/www.eltriangle.eu\/es\/2022\/10\/20\/defensa-admite-el-mal-estado-de-unidades-del-ejercito-espanol\/\" aria-label=\"Leer m\u00e1s sobre Defensa admite el mal estado de unidades del ej\u00e9rcito espa\u00f1ol\">Leer m\u00e1s<\/a><\/p>\n","protected":false},"author":97,"featured_media":160674,"comment_status":"open","ping_status":"closed","sticky":false,"template":"","format":"standard","meta":{"_acf_changed":false,"pmpro_default_level":"","footnotes":""},"categories":[24,74],"tags":[474],"class_list":["post-160680","post","type-post","status-publish","format-standard","has-post-thumbnail","hentry","category-actualidad","category-poderes","tag-ejercito","lh_instant_articles-syndicate-yes","pmpro-has-access"],"acf":[],"yoast_head":"<!-- This site is optimized with the Yoast SEO plugin v27.4 - https:\/\/yoast.com\/product\/yoast-seo-wordpress\/ -->\n<title>Defensa admite el mal estado de unidades del ej\u00e9rcito espa\u00f1ol - El Triangle<\/title>\n<meta name=\"description\" content=\"En plena guerra en Ucrania, el Jefe de Estado Mayor de la Defensa (Jemad), almirante general Teodoro L\u00f3pez Calder\u00f3n, ha reconocido este jueves en una\" class=\"yoast-seo-meta-tag\" \/>\n<meta name=\"robots\" content=\"index, follow, max-snippet:-1, max-image-preview:large, max-video-preview:-1\" \/>\n<link rel=\"canonical\" href=\"https:\/\/www.eltriangle.eu\/es\/2022\/10\/20\/defensa-admite-el-mal-estado-de-unidades-del-ejercito-espanol\/\" class=\"yoast-seo-meta-tag\" \/>\n<meta property=\"og:locale\" content=\"es_ES\" class=\"yoast-seo-meta-tag\" \/>\n<meta property=\"og:type\" content=\"article\" class=\"yoast-seo-meta-tag\" \/>\n<meta property=\"og:title\" content=\"Defensa admite el mal estado de unidades del ej\u00e9rcito espa\u00f1ol - El Triangle\" class=\"yoast-seo-meta-tag\" \/>\n<meta property=\"og:description\" content=\"En plena guerra en Ucrania, el Jefe de Estado Mayor de la Defensa (Jemad), almirante general Teodoro L\u00f3pez Calder\u00f3n, ha reconocido este jueves en una\" class=\"yoast-seo-meta-tag\" \/>\n<meta property=\"og:url\" content=\"https:\/\/www.eltriangle.eu\/es\/2022\/10\/20\/defensa-admite-el-mal-estado-de-unidades-del-ejercito-espanol\/\" class=\"yoast-seo-meta-tag\" \/>\n<meta property=\"og:site_name\" content=\"El Triangle\" class=\"yoast-seo-meta-tag\" \/>\n<meta property=\"article:publisher\" content=\"https:\/\/www.facebook.com\/El-Triangle-Diari-101787399020302\" class=\"yoast-seo-meta-tag\" \/>\n<meta property=\"article:published_time\" content=\"2022-10-20T16:45:50+00:00\" class=\"yoast-seo-meta-tag\" \/>\n<meta property=\"article:modified_time\" content=\"2022-10-20T19:28:26+00:00\" class=\"yoast-seo-meta-tag\" \/>\n<meta property=\"og:image\" content=\"https:\/\/www.eltriangle.eu\/wp-content\/uploads\/2022\/10\/lalmirall-general-teodoro-lopez-calderon.jpeg\" class=\"yoast-seo-meta-tag\" \/>\n\t<meta property=\"og:image:width\" content=\"1200\" class=\"yoast-seo-meta-tag\" \/>\n\t<meta property=\"og:image:height\" content=\"757\" class=\"yoast-seo-meta-tag\" \/>\n\t<meta property=\"og:image:type\" content=\"image\/jpeg\" class=\"yoast-seo-meta-tag\" \/>\n<meta name=\"author\" content=\"xavier\" class=\"yoast-seo-meta-tag\" \/>\n<meta name=\"twitter:card\" content=\"summary_large_image\" class=\"yoast-seo-meta-tag\" \/>\n<meta name=\"twitter:creator\" content=\"@El_Triangle\" class=\"yoast-seo-meta-tag\" \/>\n<meta name=\"twitter:site\" content=\"@El_Triangle\" class=\"yoast-seo-meta-tag\" \/>\n<meta name=\"twitter:label1\" content=\"Escrito por\" class=\"yoast-seo-meta-tag\" \/>\n\t<meta name=\"twitter:data1\" content=\"xavier\" class=\"yoast-seo-meta-tag\" \/>\n\t<meta name=\"twitter:label2\" content=\"Tiempo de lectura\" class=\"yoast-seo-meta-tag\" \/>\n\t<meta name=\"twitter:data2\" content=\"1 minuto\" class=\"yoast-seo-meta-tag\" \/>\n<script type=\"application\/ld+json\" class=\"yoast-schema-graph\">{\"@context\":\"https:\\\/\\\/schema.org\",\"@graph\":[{\"@type\":\"NewsArticle\",\"@id\":\"https:\\\/\\\/www.eltriangle.eu\\\/es\\\/2022\\\/10\\\/20\\\/defensa-admite-el-mal-estado-de-unidades-del-ejercito-espanol\\\/#article\",\"isPartOf\":{\"@id\":\"https:\\\/\\\/www.eltriangle.eu\\\/es\\\/2022\\\/10\\\/20\\\/defensa-admite-el-mal-estado-de-unidades-del-ejercito-espanol\\\/\"},\"author\":{\"name\":\"xavier\",\"@id\":\"https:\\\/\\\/www.eltriangle.eu\\\/es\\\/#\\\/schema\\\/person\\\/df9cb61ef0b061092c35cf7a8636dfc6\"},\"headline\":\"Defensa admite el mal estado de unidades del ej\u00e9rcito espa\u00f1ol\",\"datePublished\":\"2022-10-20T16:45:50+00:00\",\"dateModified\":\"2022-10-20T19:28:26+00:00\",\"mainEntityOfPage\":{\"@id\":\"https:\\\/\\\/www.eltriangle.eu\\\/es\\\/2022\\\/10\\\/20\\\/defensa-admite-el-mal-estado-de-unidades-del-ejercito-espanol\\\/\"},\"wordCount\":206,\"commentCount\":0,\"publisher\":{\"@id\":\"https:\\\/\\\/www.eltriangle.eu\\\/es\\\/#organization\"},\"image\":{\"@id\":\"https:\\\/\\\/www.eltriangle.eu\\\/es\\\/2022\\\/10\\\/20\\\/defensa-admite-el-mal-estado-de-unidades-del-ejercito-espanol\\\/#primaryimage\"},\"thumbnailUrl\":\"https:\\\/\\\/www.eltriangle.eu\\\/wp-content\\\/uploads\\\/2022\\\/10\\\/lalmirall-general-teodoro-lopez-calderon.jpeg\",\"keywords\":[\"Ej\u00e9rcito\"],\"articleSection\":[\"Actualidad\",\"Poderes\"],\"inLanguage\":\"es\",\"potentialAction\":[{\"@type\":\"CommentAction\",\"name\":\"Comment\",\"target\":[\"https:\\\/\\\/www.eltriangle.eu\\\/es\\\/2022\\\/10\\\/20\\\/defensa-admite-el-mal-estado-de-unidades-del-ejercito-espanol\\\/#respond\"]}]},{\"@type\":\"WebPage\",\"@id\":\"https:\\\/\\\/www.eltriangle.eu\\\/es\\\/2022\\\/10\\\/20\\\/defensa-admite-el-mal-estado-de-unidades-del-ejercito-espanol\\\/\",\"url\":\"https:\\\/\\\/www.eltriangle.eu\\\/es\\\/2022\\\/10\\\/20\\\/defensa-admite-el-mal-estado-de-unidades-del-ejercito-espanol\\\/\",\"name\":\"Defensa admite el mal estado de unidades del ej\u00e9rcito espa\u00f1ol - El Triangle\",\"isPartOf\":{\"@id\":\"https:\\\/\\\/www.eltriangle.eu\\\/es\\\/#website\"},\"primaryImageOfPage\":{\"@id\":\"https:\\\/\\\/www.eltriangle.eu\\\/es\\\/2022\\\/10\\\/20\\\/defensa-admite-el-mal-estado-de-unidades-del-ejercito-espanol\\\/#primaryimage\"},\"image\":{\"@id\":\"https:\\\/\\\/www.eltriangle.eu\\\/es\\\/2022\\\/10\\\/20\\\/defensa-admite-el-mal-estado-de-unidades-del-ejercito-espanol\\\/#primaryimage\"},\"thumbnailUrl\":\"https:\\\/\\\/www.eltriangle.eu\\\/wp-content\\\/uploads\\\/2022\\\/10\\\/lalmirall-general-teodoro-lopez-calderon.jpeg\",\"datePublished\":\"2022-10-20T16:45:50+00:00\",\"dateModified\":\"2022-10-20T19:28:26+00:00\",\"description\":\"En plena guerra en Ucrania, el Jefe de Estado Mayor de la Defensa (Jemad), almirante general Teodoro L\u00f3pez Calder\u00f3n, ha reconocido este jueves en una\",\"breadcrumb\":{\"@id\":\"https:\\\/\\\/www.eltriangle.eu\\\/es\\\/2022\\\/10\\\/20\\\/defensa-admite-el-mal-estado-de-unidades-del-ejercito-espanol\\\/#breadcrumb\"},\"inLanguage\":\"es\",\"potentialAction\":[{\"@type\":\"ReadAction\",\"target\":[\"https:\\\/\\\/www.eltriangle.eu\\\/es\\\/2022\\\/10\\\/20\\\/defensa-admite-el-mal-estado-de-unidades-del-ejercito-espanol\\\/\"]}]},{\"@type\":\"ImageObject\",\"inLanguage\":\"es\",\"@id\":\"https:\\\/\\\/www.eltriangle.eu\\\/es\\\/2022\\\/10\\\/20\\\/defensa-admite-el-mal-estado-de-unidades-del-ejercito-espanol\\\/#primaryimage\",\"url\":\"https:\\\/\\\/www.eltriangle.eu\\\/wp-content\\\/uploads\\\/2022\\\/10\\\/lalmirall-general-teodoro-lopez-calderon.jpeg\",\"contentUrl\":\"https:\\\/\\\/www.eltriangle.eu\\\/wp-content\\\/uploads\\\/2022\\\/10\\\/lalmirall-general-teodoro-lopez-calderon.jpeg\",\"width\":1200,\"height\":757,\"caption\":\"L'almirall general Teodoro L\u00f3pez Calder\u00f3n\"},{\"@type\":\"BreadcrumbList\",\"@id\":\"https:\\\/\\\/www.eltriangle.eu\\\/es\\\/2022\\\/10\\\/20\\\/defensa-admite-el-mal-estado-de-unidades-del-ejercito-espanol\\\/#breadcrumb\",\"itemListElement\":[{\"@type\":\"ListItem\",\"position\":1,\"name\":\"Portada\",\"item\":\"https:\\\/\\\/www.eltriangle.eu\\\/es\\\/\"},{\"@type\":\"ListItem\",\"position\":2,\"name\":\"Defensa admite el mal estado de unidades del ej\u00e9rcito espa\u00f1ol\"}]},{\"@type\":\"WebSite\",\"@id\":\"https:\\\/\\\/www.eltriangle.eu\\\/es\\\/#website\",\"url\":\"https:\\\/\\\/www.eltriangle.eu\\\/es\\\/\",\"name\":\"El Triangle\",\"description\":\"El Triangle \u00e9s un Diari d&#039;informaci\u00f3 general, editat a Catalunya i escrit en llengua catalana, especialitzat en investigaci\u00f3 period\u00edstica\",\"publisher\":{\"@id\":\"https:\\\/\\\/www.eltriangle.eu\\\/es\\\/#organization\"},\"potentialAction\":[{\"@type\":\"SearchAction\",\"target\":{\"@type\":\"EntryPoint\",\"urlTemplate\":\"https:\\\/\\\/www.eltriangle.eu\\\/es\\\/?s={search_term_string}\"},\"query-input\":{\"@type\":\"PropertyValueSpecification\",\"valueRequired\":true,\"valueName\":\"search_term_string\"}}],\"inLanguage\":\"es\"},{\"@type\":[\"Organization\",\"NewsMediaOrganization\"],\"@id\":\"https:\\\/\\\/www.eltriangle.eu\\\/es\\\/#organization\",\"name\":\"El Triangle\",\"url\":\"https:\\\/\\\/www.eltriangle.eu\\\/es\\\/\",\"logo\":{\"@type\":\"ImageObject\",\"inLanguage\":\"es\",\"@id\":\"https:\\\/\\\/www.eltriangle.eu\\\/es\\\/#\\\/schema\\\/logo\\\/image\\\/\",\"url\":\"https:\\\/\\\/www.eltriangle.eu\\\/wp-content\\\/uploads\\\/2020\\\/11\\\/triangle_logo-ajustado.jpg\",\"contentUrl\":\"https:\\\/\\\/www.eltriangle.eu\\\/wp-content\\\/uploads\\\/2020\\\/11\\\/triangle_logo-ajustado.jpg\",\"width\":521,\"height\":92,\"caption\":\"El Triangle\"},\"image\":{\"@id\":\"https:\\\/\\\/www.eltriangle.eu\\\/es\\\/#\\\/schema\\\/logo\\\/image\\\/\"},\"sameAs\":[\"https:\\\/\\\/www.facebook.com\\\/El-Triangle-Diari-101787399020302\",\"https:\\\/\\\/x.com\\\/El_Triangle\",\"https:\\\/\\\/www.youtube.com\\\/channel\\\/UCTIjmYEMYSpdGonuAgNhbcg\"]},{\"@type\":\"Person\",\"@id\":\"https:\\\/\\\/www.eltriangle.eu\\\/es\\\/#\\\/schema\\\/person\\\/df9cb61ef0b061092c35cf7a8636dfc6\",\"name\":\"xavier\",\"image\":{\"@type\":\"ImageObject\",\"inLanguage\":\"es\",\"@id\":\"\\\/\\\/www.gravatar.com\\\/avatar\\\/70cc50ebe4287089b363a6a3c8fa3e72?s=96&#038;r=g&#038;d=mm\",\"url\":\"\\\/\\\/www.gravatar.com\\\/avatar\\\/70cc50ebe4287089b363a6a3c8fa3e72?s=96&#038;r=g&#038;d=mm\",\"contentUrl\":\"\\\/\\\/www.gravatar.com\\\/avatar\\\/70cc50ebe4287089b363a6a3c8fa3e72?s=96&#038;r=g&#038;d=mm\",\"caption\":\"xavier\"},\"url\":\"https:\\\/\\\/www.eltriangle.eu\\\/es\\\/author\\\/xavier\\\/\"},{\"@type\":\"SiteNavigationElement\",\"@id\":\"https:\\\/\\\/www.eltriangle.eu\\\/es\\\/#site-navigation\",\"cssSelector\":[\".cib-main-menu\"]},{\"@type\":\"WPHeader\",\"@id\":\"https:\\\/\\\/www.eltriangle.eu\\\/es\\\/#header\",\"cssSelector\":[\".cib-header\"]},{\"@type\":\"WPFooter\",\"@id\":\"https:\\\/\\\/www.eltriangle.eu\\\/es\\\/#footer\",\"cssSelector\":[\".cib-footer\"]}]}<\/script>\n<!-- \/ Yoast SEO plugin. -->","yoast_head_json":{"title":"Defensa admite el mal estado de unidades del ej\u00e9rcito espa\u00f1ol - El Triangle","description":"En plena guerra en Ucrania, el Jefe de Estado Mayor de la Defensa (Jemad), almirante general Teodoro L\u00f3pez Calder\u00f3n, ha reconocido este jueves en una","robots":{"index":"index","follow":"follow","max-snippet":"max-snippet:-1","max-image-preview":"max-image-preview:large","max-video-preview":"max-video-preview:-1"},"canonical":"https:\/\/www.eltriangle.eu\/es\/2022\/10\/20\/defensa-admite-el-mal-estado-de-unidades-del-ejercito-espanol\/","og_locale":"es_ES","og_type":"article","og_title":"Defensa admite el mal estado de unidades del ej\u00e9rcito espa\u00f1ol - El Triangle","og_description":"En plena guerra en Ucrania, el Jefe de Estado Mayor de la Defensa (Jemad), almirante general Teodoro L\u00f3pez Calder\u00f3n, ha reconocido este jueves en una","og_url":"https:\/\/www.eltriangle.eu\/es\/2022\/10\/20\/defensa-admite-el-mal-estado-de-unidades-del-ejercito-espanol\/","og_site_name":"El Triangle","article_publisher":"https:\/\/www.facebook.com\/El-Triangle-Diari-101787399020302","article_published_time":"2022-10-20T16:45:50+00:00","article_modified_time":"2022-10-20T19:28:26+00:00","og_image":[{"width":1200,"height":757,"url":"https:\/\/www.eltriangle.eu\/wp-content\/uploads\/2022\/10\/lalmirall-general-teodoro-lopez-calderon.jpeg","type":"image\/jpeg"}],"author":"xavier","twitter_card":"summary_large_image","twitter_creator":"@El_Triangle","twitter_site":"@El_Triangle","twitter_misc":{"Escrito por":"xavier","Tiempo de lectura":"1 minuto"},"schema":{"@context":"https:\/\/schema.org","@graph":[{"@type":"NewsArticle","@id":"https:\/\/www.eltriangle.eu\/es\/2022\/10\/20\/defensa-admite-el-mal-estado-de-unidades-del-ejercito-espanol\/#article","isPartOf":{"@id":"https:\/\/www.eltriangle.eu\/es\/2022\/10\/20\/defensa-admite-el-mal-estado-de-unidades-del-ejercito-espanol\/"},"author":{"name":"xavier","@id":"https:\/\/www.eltriangle.eu\/es\/#\/schema\/person\/df9cb61ef0b061092c35cf7a8636dfc6"},"headline":"Defensa admite el mal estado de unidades del ej\u00e9rcito espa\u00f1ol","datePublished":"2022-10-20T16:45:50+00:00","dateModified":"2022-10-20T19:28:26+00:00","mainEntityOfPage":{"@id":"https:\/\/www.eltriangle.eu\/es\/2022\/10\/20\/defensa-admite-el-mal-estado-de-unidades-del-ejercito-espanol\/"},"wordCount":206,"commentCount":0,"publisher":{"@id":"https:\/\/www.eltriangle.eu\/es\/#organization"},"image":{"@id":"https:\/\/www.eltriangle.eu\/es\/2022\/10\/20\/defensa-admite-el-mal-estado-de-unidades-del-ejercito-espanol\/#primaryimage"},"thumbnailUrl":"https:\/\/www.eltriangle.eu\/wp-content\/uploads\/2022\/10\/lalmirall-general-teodoro-lopez-calderon.jpeg","keywords":["Ej\u00e9rcito"],"articleSection":["Actualidad","Poderes"],"inLanguage":"es","potentialAction":[{"@type":"CommentAction","name":"Comment","target":["https:\/\/www.eltriangle.eu\/es\/2022\/10\/20\/defensa-admite-el-mal-estado-de-unidades-del-ejercito-espanol\/#respond"]}]},{"@type":"WebPage","@id":"https:\/\/www.eltriangle.eu\/es\/2022\/10\/20\/defensa-admite-el-mal-estado-de-unidades-del-ejercito-espanol\/","url":"https:\/\/www.eltriangle.eu\/es\/2022\/10\/20\/defensa-admite-el-mal-estado-de-unidades-del-ejercito-espanol\/","name":"Defensa admite el mal estado de unidades del ej\u00e9rcito espa\u00f1ol - El Triangle","isPartOf":{"@id":"https:\/\/www.eltriangle.eu\/es\/#website"},"primaryImageOfPage":{"@id":"https:\/\/www.eltriangle.eu\/es\/2022\/10\/20\/defensa-admite-el-mal-estado-de-unidades-del-ejercito-espanol\/#primaryimage"},"image":{"@id":"https:\/\/www.eltriangle.eu\/es\/2022\/10\/20\/defensa-admite-el-mal-estado-de-unidades-del-ejercito-espanol\/#primaryimage"},"thumbnailUrl":"https:\/\/www.eltriangle.eu\/wp-content\/uploads\/2022\/10\/lalmirall-general-teodoro-lopez-calderon.jpeg","datePublished":"2022-10-20T16:45:50+00:00","dateModified":"2022-10-20T19:28:26+00:00","description":"En plena guerra en Ucrania, el Jefe de Estado Mayor de la Defensa (Jemad), almirante general Teodoro L\u00f3pez Calder\u00f3n, ha reconocido este jueves en una","breadcrumb":{"@id":"https:\/\/www.eltriangle.eu\/es\/2022\/10\/20\/defensa-admite-el-mal-estado-de-unidades-del-ejercito-espanol\/#breadcrumb"},"inLanguage":"es","potentialAction":[{"@type":"ReadAction","target":["https:\/\/www.eltriangle.eu\/es\/2022\/10\/20\/defensa-admite-el-mal-estado-de-unidades-del-ejercito-espanol\/"]}]},{"@type":"ImageObject","inLanguage":"es","@id":"https:\/\/www.eltriangle.eu\/es\/2022\/10\/20\/defensa-admite-el-mal-estado-de-unidades-del-ejercito-espanol\/#primaryimage","url":"https:\/\/www.eltriangle.eu\/wp-content\/uploads\/2022\/10\/lalmirall-general-teodoro-lopez-calderon.jpeg","contentUrl":"https:\/\/www.eltriangle.eu\/wp-content\/uploads\/2022\/10\/lalmirall-general-teodoro-lopez-calderon.jpeg","width":1200,"height":757,"caption":"L'almirall general Teodoro L\u00f3pez Calder\u00f3n"},{"@type":"BreadcrumbList","@id":"https:\/\/www.eltriangle.eu\/es\/2022\/10\/20\/defensa-admite-el-mal-estado-de-unidades-del-ejercito-espanol\/#breadcrumb","itemListElement":[{"@type":"ListItem","position":1,"name":"Portada","item":"https:\/\/www.eltriangle.eu\/es\/"},{"@type":"ListItem","position":2,"name":"Defensa admite el mal estado de unidades del ej\u00e9rcito espa\u00f1ol"}]},{"@type":"WebSite","@id":"https:\/\/www.eltriangle.eu\/es\/#website","url":"https:\/\/www.eltriangle.eu\/es\/","name":"El Triangle","description":"El Triangle \u00e9s un Diari d&#039;informaci\u00f3 general, editat a Catalunya i escrit en llengua catalana, especialitzat en investigaci\u00f3 period\u00edstica","publisher":{"@id":"https:\/\/www.eltriangle.eu\/es\/#organization"},"potentialAction":[{"@type":"SearchAction","target":{"@type":"EntryPoint","urlTemplate":"https:\/\/www.eltriangle.eu\/es\/?s={search_term_string}"},"query-input":{"@type":"PropertyValueSpecification","valueRequired":true,"valueName":"search_term_string"}}],"inLanguage":"es"},{"@type":["Organization","NewsMediaOrganization"],"@id":"https:\/\/www.eltriangle.eu\/es\/#organization","name":"El Triangle","url":"https:\/\/www.eltriangle.eu\/es\/","logo":{"@type":"ImageObject","inLanguage":"es","@id":"https:\/\/www.eltriangle.eu\/es\/#\/schema\/logo\/image\/","url":"https:\/\/www.eltriangle.eu\/wp-content\/uploads\/2020\/11\/triangle_logo-ajustado.jpg","contentUrl":"https:\/\/www.eltriangle.eu\/wp-content\/uploads\/2020\/11\/triangle_logo-ajustado.jpg","width":521,"height":92,"caption":"El Triangle"},"image":{"@id":"https:\/\/www.eltriangle.eu\/es\/#\/schema\/logo\/image\/"},"sameAs":["https:\/\/www.facebook.com\/El-Triangle-Diari-101787399020302","https:\/\/x.com\/El_Triangle","https:\/\/www.youtube.com\/channel\/UCTIjmYEMYSpdGonuAgNhbcg"]},{"@type":"Person","@id":"https:\/\/www.eltriangle.eu\/es\/#\/schema\/person\/df9cb61ef0b061092c35cf7a8636dfc6","name":"xavier","image":{"@type":"ImageObject","inLanguage":"es","@id":"\/\/www.gravatar.com\/avatar\/70cc50ebe4287089b363a6a3c8fa3e72?s=96&#038;r=g&#038;d=mm","url":"\/\/www.gravatar.com\/avatar\/70cc50ebe4287089b363a6a3c8fa3e72?s=96&#038;r=g&#038;d=mm","contentUrl":"\/\/www.gravatar.com\/avatar\/70cc50ebe4287089b363a6a3c8fa3e72?s=96&#038;r=g&#038;d=mm","caption":"xavier"},"url":"https:\/\/www.eltriangle.eu\/es\/author\/xavier\/"},{"@type":"SiteNavigationElement","@id":"https:\/\/www.eltriangle.eu\/es\/#site-navigation","cssSelector":[".cib-main-menu"]},{"@type":"WPHeader","@id":"https:\/\/www.eltriangle.eu\/es\/#header","cssSelector":[".cib-header"]},{"@type":"WPFooter","@id":"https:\/\/www.eltriangle.eu\/es\/#footer","cssSelector":[".cib-footer"]}]}},"amp_enabled":true,"_links":{"self":[{"href":"https:\/\/www.eltriangle.eu\/es\/wp-json\/wp\/v2\/posts\/160680","targetHints":{"allow":["GET"]}}],"collection":[{"href":"https:\/\/www.eltriangle.eu\/es\/wp-json\/wp\/v2\/posts"}],"about":[{"href":"https:\/\/www.eltriangle.eu\/es\/wp-json\/wp\/v2\/types\/post"}],"author":[{"embeddable":true,"href":"https:\/\/www.eltriangle.eu\/es\/wp-json\/wp\/v2\/users\/97"}],"replies":[{"embeddable":true,"href":"https:\/\/www.eltriangle.eu\/es\/wp-json\/wp\/v2\/comments?post=160680"}],"version-history":[{"count":0,"href":"https:\/\/www.eltriangle.eu\/es\/wp-json\/wp\/v2\/posts\/160680\/revisions"}],"wp:featuredmedia":[{"embeddable":true,"href":"https:\/\/www.eltriangle.eu\/es\/wp-json\/wp\/v2\/media\/160674"}],"wp:attachment":[{"href":"https:\/\/www.eltriangle.eu\/es\/wp-json\/wp\/v2\/media?parent=160680"}],"wp:term":[{"taxonomy":"category","embeddable":true,"href":"https:\/\/www.eltriangle.eu\/es\/wp-json\/wp\/v2\/categories?post=160680"},{"taxonomy":"post_tag","embeddable":true,"href":"https:\/\/www.eltriangle.eu\/es\/wp-json\/wp\/v2\/tags?post=160680"}],"curies":[{"name":"wp","href":"https:\/\/api.w.org\/{rel}","templated":true}]}}