{"id":158180,"date":"2022-10-03T12:40:37","date_gmt":"2022-10-03T10:40:37","guid":{"rendered":null},"modified":"2022-10-03T12:47:14","modified_gmt":"2022-10-03T10:47:14","slug":"puignero-sobre-erc-no-quiere-a-junts-en-el-govern","status":"publish","type":"post","link":"https:\/\/www.eltriangle.eu\/es\/2022\/10\/03\/puignero-sobre-erc-no-quiere-a-junts-en-el-govern\/","title":{"rendered":"Puigner\u00f3, sobre ERC: \u00abNo quiere a Junts en el Govern\u00bb"},"content":{"rendered":"<p>El exvicepresidente de la Generalitat, <strong>Jordi<\/strong> <strong>Puigner\u00f3<\/strong>, ha criticado la actitud de <strong>ERC<\/strong> y ha considerado que el partido est\u00e1 \u00abenrocado\u00bb, lo que \u00abhace muy dif\u00edcil continuar en el Govern\u00bb. En una entrevista en RAC1, el vicepresidente cesado ha lamentado que los republicanos les digan \u00abque no a todo\u00bb y ha concluido que el socio de gobierno de los posconvergentes<strong> \u00abno quiere a Junts\u00bb en el ejecutivo catal\u00e1n<\/strong>.<\/p>\n<p>Puigner\u00f3 ha negado que fuera \u00abdesleal\u00bb al presidente de la Generalitat, <strong>Pere<\/strong> <strong>Aragon\u00e8s<\/strong>, o al Govern, y se ha defendido argumentando que \u00abno pod\u00eda explicarle la estrategia de mi partido\u00bb. El exvicepresidente de la Generalitat ha pedido \u00abno confundir lealtad con sumisi\u00f3n\u00bb y ha subrayado que <strong>un gobierno de coalici\u00f3n tambi\u00e9n requiere \u00abgenerosidad\u00bb<\/strong> y que \u00ab<strong>ha faltado por parte de ERC y del president<\/strong>, porque en un gobierno de 33 a 32 no puedes pretender que tus pol\u00edticas sean las \u00fanicas que valgan\u00bb.<\/p>\n<p>Respecto a la <a href=\"https:\/\/www.eltriangle.eu\/es\/2022\/10\/03\/junts-aparca-la-peticion-de-restituir-a-puignero-como-vicepresidente\/\" target=\"_blank\" rel=\"noopener\">renuncia de Junts a pedir su restituci\u00f3n<\/a> como n\u00famero dos del ejecutivo catal\u00e1n, Puigner\u00f3 ha considerado que \u00ablo importante es avanzar en la hoja de ruta\u00bb acordada por ambos partidos. En un principio, no ten\u00eda \u00abning\u00fan inconveniente\u00bb que Junts exigiera su restituci\u00f3n, pero cambi\u00f3 de opini\u00f3n tras ver las <a href=\"https:\/\/www.eltriangle.eu\/es\/2022\/10\/01\/aragones-rechaza-restituir-puignero\/\" target=\"_blank\" rel=\"noopener\">reticencias de ERC<\/a> al respecto, trasladando al equipo negociador su voluntad de dejarlo correr y centrarse en que \u00abse cumplieran los otros tres acuerdos\u00bb que hacen referencia a la definici\u00f3n de una estrategia conjunta en el Congreso, al replanteamiento de la mesa de di\u00e1logo y a la definici\u00f3n de una nueva direcci\u00f3n del independentismo.<\/p>\n","protected":false},"excerpt":{"rendered":"<p>El exvicepresidente de la Generalitat, Jordi Puigner\u00f3, ha criticado la actitud de ERC y ha considerado que el partido est\u00e1 \u00abenrocado\u00bb, lo que \u00abhace muy dif\u00edcil continuar en el Govern\u00bb. En una entrevista en RAC1, el vicepresidente cesado ha lamentado que los republicanos les digan \u00abque no a todo\u00bb y ha concluido que el socio &#8230; <a title=\"Puigner\u00f3, sobre ERC: \u00abNo quiere a Junts en el Govern\u00bb\" class=\"read-more\" href=\"https:\/\/www.eltriangle.eu\/es\/2022\/10\/03\/puignero-sobre-erc-no-quiere-a-junts-en-el-govern\/\" aria-label=\"Leer m\u00e1s sobre Puigner\u00f3, sobre ERC: \u00abNo quiere a Junts en el Govern\u00bb\">Leer m\u00e1s<\/a><\/p>\n","protected":false},"author":93,"featured_media":158178,"comment_status":"open","ping_status":"closed","sticky":false,"template":"","format":"standard","meta":{"_acf_changed":false,"pmpro_default_level":"","footnotes":""},"categories":[24,74],"tags":[322,182],"class_list":["post-158180","post","type-post","status-publish","format-standard","has-post-thumbnail","hentry","category-actualidad","category-poderes","tag-jordi-puignero-es","tag-pere-aragones-es","lh_instant_articles-syndicate-yes","pmpro-has-access"],"acf":[],"yoast_head":"<!-- This site is optimized with the Yoast SEO plugin v27.4 - https:\/\/yoast.com\/product\/yoast-seo-wordpress\/ -->\n<title>Puigner\u00f3, sobre ERC: &quot;No quiere a Junts en el Govern&quot; - El Triangle<\/title>\n<meta name=\"description\" content=\"El exvicepresidente de la Generalitat, Jordi Puigner\u00f3, ha criticado la actitud de ERC y ha considerado que el partido est\u00e1 &quot;enrocado&quot;, lo que &quot;hace muy\" class=\"yoast-seo-meta-tag\" \/>\n<meta name=\"robots\" content=\"index, follow, max-snippet:-1, max-image-preview:large, max-video-preview:-1\" \/>\n<link rel=\"canonical\" href=\"https:\/\/www.eltriangle.eu\/es\/2022\/10\/03\/puignero-sobre-erc-no-quiere-a-junts-en-el-govern\/\" class=\"yoast-seo-meta-tag\" \/>\n<meta property=\"og:locale\" content=\"es_ES\" class=\"yoast-seo-meta-tag\" \/>\n<meta property=\"og:type\" content=\"article\" class=\"yoast-seo-meta-tag\" \/>\n<meta property=\"og:title\" content=\"Puigner\u00f3, sobre ERC: &quot;No quiere a Junts en el Govern&quot; - El Triangle\" class=\"yoast-seo-meta-tag\" \/>\n<meta property=\"og:description\" content=\"El exvicepresidente de la Generalitat, Jordi Puigner\u00f3, ha criticado la actitud de ERC y ha considerado que el partido est\u00e1 &quot;enrocado&quot;, lo que &quot;hace muy\" class=\"yoast-seo-meta-tag\" \/>\n<meta property=\"og:url\" content=\"https:\/\/www.eltriangle.eu\/es\/2022\/10\/03\/puignero-sobre-erc-no-quiere-a-junts-en-el-govern\/\" class=\"yoast-seo-meta-tag\" \/>\n<meta property=\"og:site_name\" content=\"El Triangle\" class=\"yoast-seo-meta-tag\" \/>\n<meta property=\"article:publisher\" content=\"https:\/\/www.facebook.com\/El-Triangle-Diari-101787399020302\" class=\"yoast-seo-meta-tag\" \/>\n<meta property=\"article:published_time\" content=\"2022-10-03T10:40:37+00:00\" class=\"yoast-seo-meta-tag\" \/>\n<meta property=\"article:modified_time\" content=\"2022-10-03T10:47:14+00:00\" class=\"yoast-seo-meta-tag\" \/>\n<meta property=\"og:image\" content=\"https:\/\/www.eltriangle.eu\/wp-content\/uploads\/2022\/10\/lexvicepresident-de-la-generalitat-jordi-puignero-a-rac1-e1664793350543.jpg\" class=\"yoast-seo-meta-tag\" \/>\n\t<meta property=\"og:image:width\" content=\"1024\" class=\"yoast-seo-meta-tag\" \/>\n\t<meta property=\"og:image:height\" content=\"768\" class=\"yoast-seo-meta-tag\" \/>\n\t<meta property=\"og:image:type\" content=\"image\/jpeg\" class=\"yoast-seo-meta-tag\" \/>\n<meta name=\"author\" content=\"redaccio\" class=\"yoast-seo-meta-tag\" \/>\n<meta name=\"twitter:card\" content=\"summary_large_image\" class=\"yoast-seo-meta-tag\" \/>\n<meta name=\"twitter:creator\" content=\"@El_Triangle\" class=\"yoast-seo-meta-tag\" \/>\n<meta name=\"twitter:site\" content=\"@El_Triangle\" class=\"yoast-seo-meta-tag\" \/>\n<meta name=\"twitter:label1\" content=\"Escrito por\" class=\"yoast-seo-meta-tag\" \/>\n\t<meta name=\"twitter:data1\" content=\"redaccio\" class=\"yoast-seo-meta-tag\" \/>\n\t<meta name=\"twitter:label2\" content=\"Tiempo de lectura\" class=\"yoast-seo-meta-tag\" \/>\n\t<meta name=\"twitter:data2\" content=\"1 minuto\" class=\"yoast-seo-meta-tag\" \/>\n<script type=\"application\/ld+json\" class=\"yoast-schema-graph\">{\"@context\":\"https:\\\/\\\/schema.org\",\"@graph\":[{\"@type\":\"NewsArticle\",\"@id\":\"https:\\\/\\\/www.eltriangle.eu\\\/es\\\/2022\\\/10\\\/03\\\/puignero-sobre-erc-no-quiere-a-junts-en-el-govern\\\/#article\",\"isPartOf\":{\"@id\":\"https:\\\/\\\/www.eltriangle.eu\\\/es\\\/2022\\\/10\\\/03\\\/puignero-sobre-erc-no-quiere-a-junts-en-el-govern\\\/\"},\"author\":{\"name\":\"redaccio\",\"@id\":\"https:\\\/\\\/www.eltriangle.eu\\\/es\\\/#\\\/schema\\\/person\\\/7e5bff7fe0202e362b26fcec2bd6f383\"},\"headline\":\"Puigner\u00f3, sobre ERC: \u00abNo quiere a Junts en el Govern\u00bb\",\"datePublished\":\"2022-10-03T10:40:37+00:00\",\"dateModified\":\"2022-10-03T10:47:14+00:00\",\"mainEntityOfPage\":{\"@id\":\"https:\\\/\\\/www.eltriangle.eu\\\/es\\\/2022\\\/10\\\/03\\\/puignero-sobre-erc-no-quiere-a-junts-en-el-govern\\\/\"},\"wordCount\":284,\"commentCount\":0,\"publisher\":{\"@id\":\"https:\\\/\\\/www.eltriangle.eu\\\/es\\\/#organization\"},\"image\":{\"@id\":\"https:\\\/\\\/www.eltriangle.eu\\\/es\\\/2022\\\/10\\\/03\\\/puignero-sobre-erc-no-quiere-a-junts-en-el-govern\\\/#primaryimage\"},\"thumbnailUrl\":\"https:\\\/\\\/www.eltriangle.eu\\\/wp-content\\\/uploads\\\/2022\\\/10\\\/lexvicepresident-de-la-generalitat-jordi-puignero-a-rac1-e1664793350543.jpg\",\"keywords\":[\"Jordi Puigner\u00f3\",\"Pere Aragon\u00e8s\"],\"articleSection\":[\"Actualidad\",\"Poderes\"],\"inLanguage\":\"es\",\"potentialAction\":[{\"@type\":\"CommentAction\",\"name\":\"Comment\",\"target\":[\"https:\\\/\\\/www.eltriangle.eu\\\/es\\\/2022\\\/10\\\/03\\\/puignero-sobre-erc-no-quiere-a-junts-en-el-govern\\\/#respond\"]}]},{\"@type\":\"WebPage\",\"@id\":\"https:\\\/\\\/www.eltriangle.eu\\\/es\\\/2022\\\/10\\\/03\\\/puignero-sobre-erc-no-quiere-a-junts-en-el-govern\\\/\",\"url\":\"https:\\\/\\\/www.eltriangle.eu\\\/es\\\/2022\\\/10\\\/03\\\/puignero-sobre-erc-no-quiere-a-junts-en-el-govern\\\/\",\"name\":\"Puigner\u00f3, sobre ERC: \\\"No quiere a Junts en el Govern\\\" - El Triangle\",\"isPartOf\":{\"@id\":\"https:\\\/\\\/www.eltriangle.eu\\\/es\\\/#website\"},\"primaryImageOfPage\":{\"@id\":\"https:\\\/\\\/www.eltriangle.eu\\\/es\\\/2022\\\/10\\\/03\\\/puignero-sobre-erc-no-quiere-a-junts-en-el-govern\\\/#primaryimage\"},\"image\":{\"@id\":\"https:\\\/\\\/www.eltriangle.eu\\\/es\\\/2022\\\/10\\\/03\\\/puignero-sobre-erc-no-quiere-a-junts-en-el-govern\\\/#primaryimage\"},\"thumbnailUrl\":\"https:\\\/\\\/www.eltriangle.eu\\\/wp-content\\\/uploads\\\/2022\\\/10\\\/lexvicepresident-de-la-generalitat-jordi-puignero-a-rac1-e1664793350543.jpg\",\"datePublished\":\"2022-10-03T10:40:37+00:00\",\"dateModified\":\"2022-10-03T10:47:14+00:00\",\"description\":\"El exvicepresidente de la Generalitat, Jordi Puigner\u00f3, ha criticado la actitud de ERC y ha considerado que el partido est\u00e1 \\\"enrocado\\\", lo que \\\"hace muy\",\"breadcrumb\":{\"@id\":\"https:\\\/\\\/www.eltriangle.eu\\\/es\\\/2022\\\/10\\\/03\\\/puignero-sobre-erc-no-quiere-a-junts-en-el-govern\\\/#breadcrumb\"},\"inLanguage\":\"es\",\"potentialAction\":[{\"@type\":\"ReadAction\",\"target\":[\"https:\\\/\\\/www.eltriangle.eu\\\/es\\\/2022\\\/10\\\/03\\\/puignero-sobre-erc-no-quiere-a-junts-en-el-govern\\\/\"]}]},{\"@type\":\"ImageObject\",\"inLanguage\":\"es\",\"@id\":\"https:\\\/\\\/www.eltriangle.eu\\\/es\\\/2022\\\/10\\\/03\\\/puignero-sobre-erc-no-quiere-a-junts-en-el-govern\\\/#primaryimage\",\"url\":\"https:\\\/\\\/www.eltriangle.eu\\\/wp-content\\\/uploads\\\/2022\\\/10\\\/lexvicepresident-de-la-generalitat-jordi-puignero-a-rac1-e1664793350543.jpg\",\"contentUrl\":\"https:\\\/\\\/www.eltriangle.eu\\\/wp-content\\\/uploads\\\/2022\\\/10\\\/lexvicepresident-de-la-generalitat-jordi-puignero-a-rac1-e1664793350543.jpg\",\"width\":1024,\"height\":768,\"caption\":\"El exvicepresidente de la Generalitat, Jordi Puigner\u00f3, en RAC1\"},{\"@type\":\"BreadcrumbList\",\"@id\":\"https:\\\/\\\/www.eltriangle.eu\\\/es\\\/2022\\\/10\\\/03\\\/puignero-sobre-erc-no-quiere-a-junts-en-el-govern\\\/#breadcrumb\",\"itemListElement\":[{\"@type\":\"ListItem\",\"position\":1,\"name\":\"Portada\",\"item\":\"https:\\\/\\\/www.eltriangle.eu\\\/es\\\/\"},{\"@type\":\"ListItem\",\"position\":2,\"name\":\"Puigner\u00f3, sobre ERC: \u00abNo quiere a Junts en el Govern\u00bb\"}]},{\"@type\":\"WebSite\",\"@id\":\"https:\\\/\\\/www.eltriangle.eu\\\/es\\\/#website\",\"url\":\"https:\\\/\\\/www.eltriangle.eu\\\/es\\\/\",\"name\":\"El Triangle\",\"description\":\"El Triangle \u00e9s un Diari d&#039;informaci\u00f3 general, editat a Catalunya i escrit en llengua catalana, especialitzat en investigaci\u00f3 period\u00edstica\",\"publisher\":{\"@id\":\"https:\\\/\\\/www.eltriangle.eu\\\/es\\\/#organization\"},\"potentialAction\":[{\"@type\":\"SearchAction\",\"target\":{\"@type\":\"EntryPoint\",\"urlTemplate\":\"https:\\\/\\\/www.eltriangle.eu\\\/es\\\/?s={search_term_string}\"},\"query-input\":{\"@type\":\"PropertyValueSpecification\",\"valueRequired\":true,\"valueName\":\"search_term_string\"}}],\"inLanguage\":\"es\"},{\"@type\":[\"Organization\",\"NewsMediaOrganization\"],\"@id\":\"https:\\\/\\\/www.eltriangle.eu\\\/es\\\/#organization\",\"name\":\"El Triangle\",\"url\":\"https:\\\/\\\/www.eltriangle.eu\\\/es\\\/\",\"logo\":{\"@type\":\"ImageObject\",\"inLanguage\":\"es\",\"@id\":\"https:\\\/\\\/www.eltriangle.eu\\\/es\\\/#\\\/schema\\\/logo\\\/image\\\/\",\"url\":\"https:\\\/\\\/www.eltriangle.eu\\\/wp-content\\\/uploads\\\/2020\\\/11\\\/triangle_logo-ajustado.jpg\",\"contentUrl\":\"https:\\\/\\\/www.eltriangle.eu\\\/wp-content\\\/uploads\\\/2020\\\/11\\\/triangle_logo-ajustado.jpg\",\"width\":521,\"height\":92,\"caption\":\"El Triangle\"},\"image\":{\"@id\":\"https:\\\/\\\/www.eltriangle.eu\\\/es\\\/#\\\/schema\\\/logo\\\/image\\\/\"},\"sameAs\":[\"https:\\\/\\\/www.facebook.com\\\/El-Triangle-Diari-101787399020302\",\"https:\\\/\\\/x.com\\\/El_Triangle\",\"https:\\\/\\\/www.youtube.com\\\/channel\\\/UCTIjmYEMYSpdGonuAgNhbcg\"]},{\"@type\":\"Person\",\"@id\":\"https:\\\/\\\/www.eltriangle.eu\\\/es\\\/#\\\/schema\\\/person\\\/7e5bff7fe0202e362b26fcec2bd6f383\",\"name\":\"redaccio\",\"image\":{\"@type\":\"ImageObject\",\"inLanguage\":\"es\",\"@id\":\"\\\/\\\/www.gravatar.com\\\/avatar\\\/5661b3e51fe6027f31ed1f408d22a917?s=96&#038;r=g&#038;d=mm\",\"url\":\"\\\/\\\/www.gravatar.com\\\/avatar\\\/5661b3e51fe6027f31ed1f408d22a917?s=96&#038;r=g&#038;d=mm\",\"contentUrl\":\"\\\/\\\/www.gravatar.com\\\/avatar\\\/5661b3e51fe6027f31ed1f408d22a917?s=96&#038;r=g&#038;d=mm\",\"caption\":\"redaccio\"},\"url\":\"https:\\\/\\\/www.eltriangle.eu\\\/es\\\/author\\\/redaccio\\\/\"},{\"@type\":\"SiteNavigationElement\",\"@id\":\"https:\\\/\\\/www.eltriangle.eu\\\/es\\\/#site-navigation\",\"cssSelector\":[\".cib-main-menu\"]},{\"@type\":\"WPHeader\",\"@id\":\"https:\\\/\\\/www.eltriangle.eu\\\/es\\\/#header\",\"cssSelector\":[\".cib-header\"]},{\"@type\":\"WPFooter\",\"@id\":\"https:\\\/\\\/www.eltriangle.eu\\\/es\\\/#footer\",\"cssSelector\":[\".cib-footer\"]}]}<\/script>\n<!-- \/ Yoast SEO plugin. -->","yoast_head_json":{"title":"Puigner\u00f3, sobre ERC: \"No quiere a Junts en el Govern\" - El Triangle","description":"El exvicepresidente de la Generalitat, Jordi Puigner\u00f3, ha criticado la actitud de ERC y ha considerado que el partido est\u00e1 \"enrocado\", lo que \"hace muy","robots":{"index":"index","follow":"follow","max-snippet":"max-snippet:-1","max-image-preview":"max-image-preview:large","max-video-preview":"max-video-preview:-1"},"canonical":"https:\/\/www.eltriangle.eu\/es\/2022\/10\/03\/puignero-sobre-erc-no-quiere-a-junts-en-el-govern\/","og_locale":"es_ES","og_type":"article","og_title":"Puigner\u00f3, sobre ERC: \"No quiere a Junts en el Govern\" - El Triangle","og_description":"El exvicepresidente de la Generalitat, Jordi Puigner\u00f3, ha criticado la actitud de ERC y ha considerado que el partido est\u00e1 \"enrocado\", lo que \"hace muy","og_url":"https:\/\/www.eltriangle.eu\/es\/2022\/10\/03\/puignero-sobre-erc-no-quiere-a-junts-en-el-govern\/","og_site_name":"El Triangle","article_publisher":"https:\/\/www.facebook.com\/El-Triangle-Diari-101787399020302","article_published_time":"2022-10-03T10:40:37+00:00","article_modified_time":"2022-10-03T10:47:14+00:00","og_image":[{"width":1024,"height":768,"url":"https:\/\/www.eltriangle.eu\/wp-content\/uploads\/2022\/10\/lexvicepresident-de-la-generalitat-jordi-puignero-a-rac1-e1664793350543.jpg","type":"image\/jpeg"}],"author":"redaccio","twitter_card":"summary_large_image","twitter_creator":"@El_Triangle","twitter_site":"@El_Triangle","twitter_misc":{"Escrito por":"redaccio","Tiempo de lectura":"1 minuto"},"schema":{"@context":"https:\/\/schema.org","@graph":[{"@type":"NewsArticle","@id":"https:\/\/www.eltriangle.eu\/es\/2022\/10\/03\/puignero-sobre-erc-no-quiere-a-junts-en-el-govern\/#article","isPartOf":{"@id":"https:\/\/www.eltriangle.eu\/es\/2022\/10\/03\/puignero-sobre-erc-no-quiere-a-junts-en-el-govern\/"},"author":{"name":"redaccio","@id":"https:\/\/www.eltriangle.eu\/es\/#\/schema\/person\/7e5bff7fe0202e362b26fcec2bd6f383"},"headline":"Puigner\u00f3, sobre ERC: \u00abNo quiere a Junts en el Govern\u00bb","datePublished":"2022-10-03T10:40:37+00:00","dateModified":"2022-10-03T10:47:14+00:00","mainEntityOfPage":{"@id":"https:\/\/www.eltriangle.eu\/es\/2022\/10\/03\/puignero-sobre-erc-no-quiere-a-junts-en-el-govern\/"},"wordCount":284,"commentCount":0,"publisher":{"@id":"https:\/\/www.eltriangle.eu\/es\/#organization"},"image":{"@id":"https:\/\/www.eltriangle.eu\/es\/2022\/10\/03\/puignero-sobre-erc-no-quiere-a-junts-en-el-govern\/#primaryimage"},"thumbnailUrl":"https:\/\/www.eltriangle.eu\/wp-content\/uploads\/2022\/10\/lexvicepresident-de-la-generalitat-jordi-puignero-a-rac1-e1664793350543.jpg","keywords":["Jordi Puigner\u00f3","Pere Aragon\u00e8s"],"articleSection":["Actualidad","Poderes"],"inLanguage":"es","potentialAction":[{"@type":"CommentAction","name":"Comment","target":["https:\/\/www.eltriangle.eu\/es\/2022\/10\/03\/puignero-sobre-erc-no-quiere-a-junts-en-el-govern\/#respond"]}]},{"@type":"WebPage","@id":"https:\/\/www.eltriangle.eu\/es\/2022\/10\/03\/puignero-sobre-erc-no-quiere-a-junts-en-el-govern\/","url":"https:\/\/www.eltriangle.eu\/es\/2022\/10\/03\/puignero-sobre-erc-no-quiere-a-junts-en-el-govern\/","name":"Puigner\u00f3, sobre ERC: \"No quiere a Junts en el Govern\" - El Triangle","isPartOf":{"@id":"https:\/\/www.eltriangle.eu\/es\/#website"},"primaryImageOfPage":{"@id":"https:\/\/www.eltriangle.eu\/es\/2022\/10\/03\/puignero-sobre-erc-no-quiere-a-junts-en-el-govern\/#primaryimage"},"image":{"@id":"https:\/\/www.eltriangle.eu\/es\/2022\/10\/03\/puignero-sobre-erc-no-quiere-a-junts-en-el-govern\/#primaryimage"},"thumbnailUrl":"https:\/\/www.eltriangle.eu\/wp-content\/uploads\/2022\/10\/lexvicepresident-de-la-generalitat-jordi-puignero-a-rac1-e1664793350543.jpg","datePublished":"2022-10-03T10:40:37+00:00","dateModified":"2022-10-03T10:47:14+00:00","description":"El exvicepresidente de la Generalitat, Jordi Puigner\u00f3, ha criticado la actitud de ERC y ha considerado que el partido est\u00e1 \"enrocado\", lo que \"hace muy","breadcrumb":{"@id":"https:\/\/www.eltriangle.eu\/es\/2022\/10\/03\/puignero-sobre-erc-no-quiere-a-junts-en-el-govern\/#breadcrumb"},"inLanguage":"es","potentialAction":[{"@type":"ReadAction","target":["https:\/\/www.eltriangle.eu\/es\/2022\/10\/03\/puignero-sobre-erc-no-quiere-a-junts-en-el-govern\/"]}]},{"@type":"ImageObject","inLanguage":"es","@id":"https:\/\/www.eltriangle.eu\/es\/2022\/10\/03\/puignero-sobre-erc-no-quiere-a-junts-en-el-govern\/#primaryimage","url":"https:\/\/www.eltriangle.eu\/wp-content\/uploads\/2022\/10\/lexvicepresident-de-la-generalitat-jordi-puignero-a-rac1-e1664793350543.jpg","contentUrl":"https:\/\/www.eltriangle.eu\/wp-content\/uploads\/2022\/10\/lexvicepresident-de-la-generalitat-jordi-puignero-a-rac1-e1664793350543.jpg","width":1024,"height":768,"caption":"El exvicepresidente de la Generalitat, Jordi Puigner\u00f3, en RAC1"},{"@type":"BreadcrumbList","@id":"https:\/\/www.eltriangle.eu\/es\/2022\/10\/03\/puignero-sobre-erc-no-quiere-a-junts-en-el-govern\/#breadcrumb","itemListElement":[{"@type":"ListItem","position":1,"name":"Portada","item":"https:\/\/www.eltriangle.eu\/es\/"},{"@type":"ListItem","position":2,"name":"Puigner\u00f3, sobre ERC: \u00abNo quiere a Junts en el Govern\u00bb"}]},{"@type":"WebSite","@id":"https:\/\/www.eltriangle.eu\/es\/#website","url":"https:\/\/www.eltriangle.eu\/es\/","name":"El Triangle","description":"El Triangle \u00e9s un Diari d&#039;informaci\u00f3 general, editat a Catalunya i escrit en llengua catalana, especialitzat en investigaci\u00f3 period\u00edstica","publisher":{"@id":"https:\/\/www.eltriangle.eu\/es\/#organization"},"potentialAction":[{"@type":"SearchAction","target":{"@type":"EntryPoint","urlTemplate":"https:\/\/www.eltriangle.eu\/es\/?s={search_term_string}"},"query-input":{"@type":"PropertyValueSpecification","valueRequired":true,"valueName":"search_term_string"}}],"inLanguage":"es"},{"@type":["Organization","NewsMediaOrganization"],"@id":"https:\/\/www.eltriangle.eu\/es\/#organization","name":"El Triangle","url":"https:\/\/www.eltriangle.eu\/es\/","logo":{"@type":"ImageObject","inLanguage":"es","@id":"https:\/\/www.eltriangle.eu\/es\/#\/schema\/logo\/image\/","url":"https:\/\/www.eltriangle.eu\/wp-content\/uploads\/2020\/11\/triangle_logo-ajustado.jpg","contentUrl":"https:\/\/www.eltriangle.eu\/wp-content\/uploads\/2020\/11\/triangle_logo-ajustado.jpg","width":521,"height":92,"caption":"El Triangle"},"image":{"@id":"https:\/\/www.eltriangle.eu\/es\/#\/schema\/logo\/image\/"},"sameAs":["https:\/\/www.facebook.com\/El-Triangle-Diari-101787399020302","https:\/\/x.com\/El_Triangle","https:\/\/www.youtube.com\/channel\/UCTIjmYEMYSpdGonuAgNhbcg"]},{"@type":"Person","@id":"https:\/\/www.eltriangle.eu\/es\/#\/schema\/person\/7e5bff7fe0202e362b26fcec2bd6f383","name":"redaccio","image":{"@type":"ImageObject","inLanguage":"es","@id":"\/\/www.gravatar.com\/avatar\/5661b3e51fe6027f31ed1f408d22a917?s=96&#038;r=g&#038;d=mm","url":"\/\/www.gravatar.com\/avatar\/5661b3e51fe6027f31ed1f408d22a917?s=96&#038;r=g&#038;d=mm","contentUrl":"\/\/www.gravatar.com\/avatar\/5661b3e51fe6027f31ed1f408d22a917?s=96&#038;r=g&#038;d=mm","caption":"redaccio"},"url":"https:\/\/www.eltriangle.eu\/es\/author\/redaccio\/"},{"@type":"SiteNavigationElement","@id":"https:\/\/www.eltriangle.eu\/es\/#site-navigation","cssSelector":[".cib-main-menu"]},{"@type":"WPHeader","@id":"https:\/\/www.eltriangle.eu\/es\/#header","cssSelector":[".cib-header"]},{"@type":"WPFooter","@id":"https:\/\/www.eltriangle.eu\/es\/#footer","cssSelector":[".cib-footer"]}]}},"amp_enabled":true,"_links":{"self":[{"href":"https:\/\/www.eltriangle.eu\/es\/wp-json\/wp\/v2\/posts\/158180","targetHints":{"allow":["GET"]}}],"collection":[{"href":"https:\/\/www.eltriangle.eu\/es\/wp-json\/wp\/v2\/posts"}],"about":[{"href":"https:\/\/www.eltriangle.eu\/es\/wp-json\/wp\/v2\/types\/post"}],"author":[{"embeddable":true,"href":"https:\/\/www.eltriangle.eu\/es\/wp-json\/wp\/v2\/users\/93"}],"replies":[{"embeddable":true,"href":"https:\/\/www.eltriangle.eu\/es\/wp-json\/wp\/v2\/comments?post=158180"}],"version-history":[{"count":0,"href":"https:\/\/www.eltriangle.eu\/es\/wp-json\/wp\/v2\/posts\/158180\/revisions"}],"wp:featuredmedia":[{"embeddable":true,"href":"https:\/\/www.eltriangle.eu\/es\/wp-json\/wp\/v2\/media\/158178"}],"wp:attachment":[{"href":"https:\/\/www.eltriangle.eu\/es\/wp-json\/wp\/v2\/media?parent=158180"}],"wp:term":[{"taxonomy":"category","embeddable":true,"href":"https:\/\/www.eltriangle.eu\/es\/wp-json\/wp\/v2\/categories?post=158180"},{"taxonomy":"post_tag","embeddable":true,"href":"https:\/\/www.eltriangle.eu\/es\/wp-json\/wp\/v2\/tags?post=158180"}],"curies":[{"name":"wp","href":"https:\/\/api.w.org\/{rel}","templated":true}]}}