{"id":154199,"date":"2022-09-01T08:25:54","date_gmt":"2022-09-01T06:25:54","guid":{"rendered":null},"modified":"2022-09-01T12:38:55","modified_gmt":"2022-09-01T10:38:55","slug":"puignero-reclama-peajes-al-gobierno-central-tras-considerarlos-un-saqueo","status":"publish","type":"post","link":"https:\/\/www.eltriangle.eu\/es\/2022\/09\/01\/puignero-reclama-peajes-al-gobierno-central-tras-considerarlos-un-saqueo\/","title":{"rendered":"Puigner\u00f3 reclama peajes al gobierno central tras considerarlos un expolio"},"content":{"rendered":"<p>El vicepresidente y consejero de Pol\u00edticas Digitales y Territorio de la Generalitat, <strong>Jordi Puigner\u00f3<\/strong>, ha reclamado este mi\u00e9rcoles al gobierno de Espa\u00f1a que aplique en las autopistas <strong>sistemas de pago por uso<\/strong> y que \u00abquien contamine m\u00e1s pague m\u00e1s\u00bb. De hecho, ha llamado al ejecutivo central a \u00absentarse en una mesa\u00bb y a definir, as\u00ed, un modelo de financiaci\u00f3n justo.<\/p>\n<p>Puigner\u00f3 he hecho estas declaraciones en una rueda de prensa sobre el primer aniversario de la supresi\u00f3n de los peajes de las autopistas catalanas. El a\u00f1o pasado, precisamente, el vicepresidente catal\u00e1n hab\u00eda considerado un \u00abteleatraco\u00bb y un \u00abexpolio\u00bb de 50 a\u00f1os cifrado en 752 millones de euros anuales los peajes en Catalunya, y hab\u00eda dicho que el Estado central \u00abtendr\u00eda que pedirnos perd\u00f3n\u00bb.<\/p>\n<p>El gobierno de Espa\u00f1a, por boca del secretario general de Infraestructuras del Ministerio de Transportes, Movilidad y Agenda Urbana, <strong>Xavier Flores<\/strong>, ha respondido a la petici\u00f3n de un sistema de pago por uso planteado por Puigner\u00f3 que \u201cahora no es el momento\u201d de abordarlo, y ha manifestado que el ministerio est\u00e1 estudiando \u201calternativas\u201d sobre mecanismos de pago. El estudio de estas posibilidades, seg\u00fan ha a\u00f1adido, tendr\u00e1 una duraci\u00f3n aproximada de un a\u00f1o. Por eso, la previsi\u00f3n es que no se aplique ning\u00fan sistema de pago en la AP-2 y la AP-7 antes de 2025.<\/p>\n<p>Hace un a\u00f1o, <strong>556 kil\u00f3metros de v\u00edas r\u00e1pidas<\/strong> de las que son titulares el gobierno central y el de la Generalitat quedaron libres de peajes. Desde entonces, el ahorro para los usuarios ha sido de unos 600 millones de euros, seg\u00fan el Ministerio de Transportes, y el tr\u00e1fico en AP-2 y AP-7 se ha incrementado en un 122% y un 40%, respectivamente.<\/p>\n","protected":false},"excerpt":{"rendered":"<p>El vicepresidente y consejero de Pol\u00edticas Digitales y Territorio de la Generalitat, Jordi Puigner\u00f3, ha reclamado este mi\u00e9rcoles al gobierno de Espa\u00f1a que aplique en las autopistas sistemas de pago por uso y que \u00abquien contamine m\u00e1s pague m\u00e1s\u00bb. De hecho, ha llamado al ejecutivo central a \u00absentarse en una mesa\u00bb y a definir, as\u00ed, &#8230; <a title=\"Puigner\u00f3 reclama peajes al gobierno central tras considerarlos un expolio\" class=\"read-more\" href=\"https:\/\/www.eltriangle.eu\/es\/2022\/09\/01\/puignero-reclama-peajes-al-gobierno-central-tras-considerarlos-un-saqueo\/\" aria-label=\"Leer m\u00e1s sobre Puigner\u00f3 reclama peajes al gobierno central tras considerarlos un expolio\">Leer m\u00e1s<\/a><\/p>\n","protected":false},"author":2,"featured_media":138085,"comment_status":"open","ping_status":"closed","sticky":false,"template":"","format":"standard","meta":{"_acf_changed":false,"pmpro_default_level":"","footnotes":""},"categories":[24,74],"tags":[322],"class_list":["post-154199","post","type-post","status-publish","format-standard","has-post-thumbnail","hentry","category-actualidad","category-poderes","tag-jordi-puignero-es","lh_instant_articles-syndicate-yes","pmpro-has-access"],"acf":[],"yoast_head":"<!-- This site is optimized with the Yoast SEO plugin v27.4 - https:\/\/yoast.com\/product\/yoast-seo-wordpress\/ -->\n<title>Puigner\u00f3 reclama peajes al gobierno central tras considerarlos un expolio - El Triangle<\/title>\n<meta name=\"description\" content=\"El vicepresidente y consejero de Pol\u00edticas Digitales y Territorio de la Generalitat, Jordi Puigner\u00f3, ha reclamado este mi\u00e9rcoles al gobierno de Espa\u00f1a que\" class=\"yoast-seo-meta-tag\" \/>\n<meta name=\"robots\" content=\"index, follow, max-snippet:-1, max-image-preview:large, max-video-preview:-1\" \/>\n<link rel=\"canonical\" href=\"https:\/\/www.eltriangle.eu\/es\/2022\/09\/01\/puignero-reclama-peajes-al-gobierno-central-tras-considerarlos-un-saqueo\/\" class=\"yoast-seo-meta-tag\" \/>\n<meta property=\"og:locale\" content=\"es_ES\" class=\"yoast-seo-meta-tag\" \/>\n<meta property=\"og:type\" content=\"article\" class=\"yoast-seo-meta-tag\" \/>\n<meta property=\"og:title\" content=\"Puigner\u00f3 reclama peajes al gobierno central tras considerarlos un expolio - El Triangle\" class=\"yoast-seo-meta-tag\" \/>\n<meta property=\"og:description\" content=\"El vicepresidente y consejero de Pol\u00edticas Digitales y Territorio de la Generalitat, Jordi Puigner\u00f3, ha reclamado este mi\u00e9rcoles al gobierno de Espa\u00f1a que\" class=\"yoast-seo-meta-tag\" \/>\n<meta property=\"og:url\" content=\"https:\/\/www.eltriangle.eu\/es\/2022\/09\/01\/puignero-reclama-peajes-al-gobierno-central-tras-considerarlos-un-saqueo\/\" class=\"yoast-seo-meta-tag\" \/>\n<meta property=\"og:site_name\" content=\"El Triangle\" class=\"yoast-seo-meta-tag\" \/>\n<meta property=\"article:publisher\" content=\"https:\/\/www.facebook.com\/El-Triangle-Diari-101787399020302\" class=\"yoast-seo-meta-tag\" \/>\n<meta property=\"article:published_time\" content=\"2022-09-01T06:25:54+00:00\" class=\"yoast-seo-meta-tag\" \/>\n<meta property=\"article:modified_time\" content=\"2022-09-01T10:38:55+00:00\" class=\"yoast-seo-meta-tag\" \/>\n<meta property=\"og:image\" content=\"https:\/\/www.eltriangle.eu\/wp-content\/uploads\/2022\/04\/jordi-puignero.jpg\" class=\"yoast-seo-meta-tag\" \/>\n\t<meta property=\"og:image:width\" content=\"1200\" class=\"yoast-seo-meta-tag\" \/>\n\t<meta property=\"og:image:height\" content=\"800\" class=\"yoast-seo-meta-tag\" \/>\n\t<meta property=\"og:image:type\" content=\"image\/jpeg\" class=\"yoast-seo-meta-tag\" \/>\n<meta name=\"author\" content=\"Redacci\u00f3n\" class=\"yoast-seo-meta-tag\" \/>\n<meta name=\"twitter:card\" content=\"summary_large_image\" class=\"yoast-seo-meta-tag\" \/>\n<meta name=\"twitter:creator\" content=\"@El_Triangle\" class=\"yoast-seo-meta-tag\" \/>\n<meta name=\"twitter:site\" content=\"@El_Triangle\" class=\"yoast-seo-meta-tag\" \/>\n<meta name=\"twitter:label1\" content=\"Escrito por\" class=\"yoast-seo-meta-tag\" \/>\n\t<meta name=\"twitter:data1\" content=\"Redacci\u00f3n\" class=\"yoast-seo-meta-tag\" \/>\n\t<meta name=\"twitter:label2\" content=\"Tiempo de lectura\" class=\"yoast-seo-meta-tag\" \/>\n\t<meta name=\"twitter:data2\" content=\"2 minutos\" class=\"yoast-seo-meta-tag\" \/>\n<script type=\"application\/ld+json\" class=\"yoast-schema-graph\">{\"@context\":\"https:\\\/\\\/schema.org\",\"@graph\":[{\"@type\":\"NewsArticle\",\"@id\":\"https:\\\/\\\/www.eltriangle.eu\\\/es\\\/2022\\\/09\\\/01\\\/puignero-reclama-peajes-al-gobierno-central-tras-considerarlos-un-saqueo\\\/#article\",\"isPartOf\":{\"@id\":\"https:\\\/\\\/www.eltriangle.eu\\\/es\\\/2022\\\/09\\\/01\\\/puignero-reclama-peajes-al-gobierno-central-tras-considerarlos-un-saqueo\\\/\"},\"author\":{\"name\":\"Redacci\u00f3n\",\"@id\":\"https:\\\/\\\/www.eltriangle.eu\\\/es\\\/#\\\/schema\\\/person\\\/164a138451b4f28d35c3f5984dac8e18\"},\"headline\":\"Puigner\u00f3 reclama peajes al gobierno central tras considerarlos un expolio\",\"datePublished\":\"2022-09-01T06:25:54+00:00\",\"dateModified\":\"2022-09-01T10:38:55+00:00\",\"mainEntityOfPage\":{\"@id\":\"https:\\\/\\\/www.eltriangle.eu\\\/es\\\/2022\\\/09\\\/01\\\/puignero-reclama-peajes-al-gobierno-central-tras-considerarlos-un-saqueo\\\/\"},\"wordCount\":310,\"commentCount\":0,\"publisher\":{\"@id\":\"https:\\\/\\\/www.eltriangle.eu\\\/es\\\/#organization\"},\"image\":{\"@id\":\"https:\\\/\\\/www.eltriangle.eu\\\/es\\\/2022\\\/09\\\/01\\\/puignero-reclama-peajes-al-gobierno-central-tras-considerarlos-un-saqueo\\\/#primaryimage\"},\"thumbnailUrl\":\"https:\\\/\\\/www.eltriangle.eu\\\/wp-content\\\/uploads\\\/2022\\\/04\\\/jordi-puignero-e1664789578416.jpg\",\"keywords\":[\"Jordi Puigner\u00f3\"],\"articleSection\":[\"Actualidad\",\"Poderes\"],\"inLanguage\":\"es\",\"potentialAction\":[{\"@type\":\"CommentAction\",\"name\":\"Comment\",\"target\":[\"https:\\\/\\\/www.eltriangle.eu\\\/es\\\/2022\\\/09\\\/01\\\/puignero-reclama-peajes-al-gobierno-central-tras-considerarlos-un-saqueo\\\/#respond\"]}]},{\"@type\":\"WebPage\",\"@id\":\"https:\\\/\\\/www.eltriangle.eu\\\/es\\\/2022\\\/09\\\/01\\\/puignero-reclama-peajes-al-gobierno-central-tras-considerarlos-un-saqueo\\\/\",\"url\":\"https:\\\/\\\/www.eltriangle.eu\\\/es\\\/2022\\\/09\\\/01\\\/puignero-reclama-peajes-al-gobierno-central-tras-considerarlos-un-saqueo\\\/\",\"name\":\"Puigner\u00f3 reclama peajes al gobierno central tras considerarlos un expolio - El Triangle\",\"isPartOf\":{\"@id\":\"https:\\\/\\\/www.eltriangle.eu\\\/es\\\/#website\"},\"primaryImageOfPage\":{\"@id\":\"https:\\\/\\\/www.eltriangle.eu\\\/es\\\/2022\\\/09\\\/01\\\/puignero-reclama-peajes-al-gobierno-central-tras-considerarlos-un-saqueo\\\/#primaryimage\"},\"image\":{\"@id\":\"https:\\\/\\\/www.eltriangle.eu\\\/es\\\/2022\\\/09\\\/01\\\/puignero-reclama-peajes-al-gobierno-central-tras-considerarlos-un-saqueo\\\/#primaryimage\"},\"thumbnailUrl\":\"https:\\\/\\\/www.eltriangle.eu\\\/wp-content\\\/uploads\\\/2022\\\/04\\\/jordi-puignero-e1664789578416.jpg\",\"datePublished\":\"2022-09-01T06:25:54+00:00\",\"dateModified\":\"2022-09-01T10:38:55+00:00\",\"description\":\"El vicepresidente y consejero de Pol\u00edticas Digitales y Territorio de la Generalitat, Jordi Puigner\u00f3, ha reclamado este mi\u00e9rcoles al gobierno de Espa\u00f1a que\",\"breadcrumb\":{\"@id\":\"https:\\\/\\\/www.eltriangle.eu\\\/es\\\/2022\\\/09\\\/01\\\/puignero-reclama-peajes-al-gobierno-central-tras-considerarlos-un-saqueo\\\/#breadcrumb\"},\"inLanguage\":\"es\",\"potentialAction\":[{\"@type\":\"ReadAction\",\"target\":[\"https:\\\/\\\/www.eltriangle.eu\\\/es\\\/2022\\\/09\\\/01\\\/puignero-reclama-peajes-al-gobierno-central-tras-considerarlos-un-saqueo\\\/\"]}]},{\"@type\":\"ImageObject\",\"inLanguage\":\"es\",\"@id\":\"https:\\\/\\\/www.eltriangle.eu\\\/es\\\/2022\\\/09\\\/01\\\/puignero-reclama-peajes-al-gobierno-central-tras-considerarlos-un-saqueo\\\/#primaryimage\",\"url\":\"https:\\\/\\\/www.eltriangle.eu\\\/wp-content\\\/uploads\\\/2022\\\/04\\\/jordi-puignero-e1664789578416.jpg\",\"contentUrl\":\"https:\\\/\\\/www.eltriangle.eu\\\/wp-content\\\/uploads\\\/2022\\\/04\\\/jordi-puignero-e1664789578416.jpg\",\"width\":1200,\"height\":800,\"caption\":\"Jordi Puigner\u00f3\"},{\"@type\":\"BreadcrumbList\",\"@id\":\"https:\\\/\\\/www.eltriangle.eu\\\/es\\\/2022\\\/09\\\/01\\\/puignero-reclama-peajes-al-gobierno-central-tras-considerarlos-un-saqueo\\\/#breadcrumb\",\"itemListElement\":[{\"@type\":\"ListItem\",\"position\":1,\"name\":\"Portada\",\"item\":\"https:\\\/\\\/www.eltriangle.eu\\\/es\\\/\"},{\"@type\":\"ListItem\",\"position\":2,\"name\":\"Puigner\u00f3 reclama peajes al gobierno central tras considerarlos un expolio\"}]},{\"@type\":\"WebSite\",\"@id\":\"https:\\\/\\\/www.eltriangle.eu\\\/es\\\/#website\",\"url\":\"https:\\\/\\\/www.eltriangle.eu\\\/es\\\/\",\"name\":\"El Triangle\",\"description\":\"El Triangle \u00e9s un Diari d&#039;informaci\u00f3 general, editat a Catalunya i escrit en llengua catalana, especialitzat en investigaci\u00f3 period\u00edstica\",\"publisher\":{\"@id\":\"https:\\\/\\\/www.eltriangle.eu\\\/es\\\/#organization\"},\"potentialAction\":[{\"@type\":\"SearchAction\",\"target\":{\"@type\":\"EntryPoint\",\"urlTemplate\":\"https:\\\/\\\/www.eltriangle.eu\\\/es\\\/?s={search_term_string}\"},\"query-input\":{\"@type\":\"PropertyValueSpecification\",\"valueRequired\":true,\"valueName\":\"search_term_string\"}}],\"inLanguage\":\"es\"},{\"@type\":[\"Organization\",\"NewsMediaOrganization\"],\"@id\":\"https:\\\/\\\/www.eltriangle.eu\\\/es\\\/#organization\",\"name\":\"El Triangle\",\"url\":\"https:\\\/\\\/www.eltriangle.eu\\\/es\\\/\",\"logo\":{\"@type\":\"ImageObject\",\"inLanguage\":\"es\",\"@id\":\"https:\\\/\\\/www.eltriangle.eu\\\/es\\\/#\\\/schema\\\/logo\\\/image\\\/\",\"url\":\"https:\\\/\\\/www.eltriangle.eu\\\/wp-content\\\/uploads\\\/2020\\\/11\\\/triangle_logo-ajustado.jpg\",\"contentUrl\":\"https:\\\/\\\/www.eltriangle.eu\\\/wp-content\\\/uploads\\\/2020\\\/11\\\/triangle_logo-ajustado.jpg\",\"width\":521,\"height\":92,\"caption\":\"El Triangle\"},\"image\":{\"@id\":\"https:\\\/\\\/www.eltriangle.eu\\\/es\\\/#\\\/schema\\\/logo\\\/image\\\/\"},\"sameAs\":[\"https:\\\/\\\/www.facebook.com\\\/El-Triangle-Diari-101787399020302\",\"https:\\\/\\\/x.com\\\/El_Triangle\",\"https:\\\/\\\/www.youtube.com\\\/channel\\\/UCTIjmYEMYSpdGonuAgNhbcg\"]},{\"@type\":\"Person\",\"@id\":\"https:\\\/\\\/www.eltriangle.eu\\\/es\\\/#\\\/schema\\\/person\\\/164a138451b4f28d35c3f5984dac8e18\",\"name\":\"Redacci\u00f3n\",\"image\":{\"@type\":\"ImageObject\",\"inLanguage\":\"es\",\"@id\":\"\\\/\\\/www.gravatar.com\\\/avatar\\\/147263d1a435839b8405c79279bb6558?s=96&#038;r=g&#038;d=mm\",\"url\":\"\\\/\\\/www.gravatar.com\\\/avatar\\\/147263d1a435839b8405c79279bb6558?s=96&#038;r=g&#038;d=mm\",\"contentUrl\":\"\\\/\\\/www.gravatar.com\\\/avatar\\\/147263d1a435839b8405c79279bb6558?s=96&#038;r=g&#038;d=mm\",\"caption\":\"Redacci\u00f3n\"},\"url\":\"https:\\\/\\\/www.eltriangle.eu\\\/es\\\/author\\\/autor-1\\\/\"},{\"@type\":\"SiteNavigationElement\",\"@id\":\"https:\\\/\\\/www.eltriangle.eu\\\/es\\\/#site-navigation\",\"cssSelector\":[\".cib-main-menu\"]},{\"@type\":\"WPHeader\",\"@id\":\"https:\\\/\\\/www.eltriangle.eu\\\/es\\\/#header\",\"cssSelector\":[\".cib-header\"]},{\"@type\":\"WPFooter\",\"@id\":\"https:\\\/\\\/www.eltriangle.eu\\\/es\\\/#footer\",\"cssSelector\":[\".cib-footer\"]}]}<\/script>\n<!-- \/ Yoast SEO plugin. -->","yoast_head_json":{"title":"Puigner\u00f3 reclama peajes al gobierno central tras considerarlos un expolio - El Triangle","description":"El vicepresidente y consejero de Pol\u00edticas Digitales y Territorio de la Generalitat, Jordi Puigner\u00f3, ha reclamado este mi\u00e9rcoles al gobierno de Espa\u00f1a que","robots":{"index":"index","follow":"follow","max-snippet":"max-snippet:-1","max-image-preview":"max-image-preview:large","max-video-preview":"max-video-preview:-1"},"canonical":"https:\/\/www.eltriangle.eu\/es\/2022\/09\/01\/puignero-reclama-peajes-al-gobierno-central-tras-considerarlos-un-saqueo\/","og_locale":"es_ES","og_type":"article","og_title":"Puigner\u00f3 reclama peajes al gobierno central tras considerarlos un expolio - El Triangle","og_description":"El vicepresidente y consejero de Pol\u00edticas Digitales y Territorio de la Generalitat, Jordi Puigner\u00f3, ha reclamado este mi\u00e9rcoles al gobierno de Espa\u00f1a que","og_url":"https:\/\/www.eltriangle.eu\/es\/2022\/09\/01\/puignero-reclama-peajes-al-gobierno-central-tras-considerarlos-un-saqueo\/","og_site_name":"El Triangle","article_publisher":"https:\/\/www.facebook.com\/El-Triangle-Diari-101787399020302","article_published_time":"2022-09-01T06:25:54+00:00","article_modified_time":"2022-09-01T10:38:55+00:00","og_image":[{"width":1200,"height":800,"url":"https:\/\/www.eltriangle.eu\/wp-content\/uploads\/2022\/04\/jordi-puignero.jpg","type":"image\/jpeg"}],"author":"Redacci\u00f3n","twitter_card":"summary_large_image","twitter_creator":"@El_Triangle","twitter_site":"@El_Triangle","twitter_misc":{"Escrito por":"Redacci\u00f3n","Tiempo de lectura":"2 minutos"},"schema":{"@context":"https:\/\/schema.org","@graph":[{"@type":"NewsArticle","@id":"https:\/\/www.eltriangle.eu\/es\/2022\/09\/01\/puignero-reclama-peajes-al-gobierno-central-tras-considerarlos-un-saqueo\/#article","isPartOf":{"@id":"https:\/\/www.eltriangle.eu\/es\/2022\/09\/01\/puignero-reclama-peajes-al-gobierno-central-tras-considerarlos-un-saqueo\/"},"author":{"name":"Redacci\u00f3n","@id":"https:\/\/www.eltriangle.eu\/es\/#\/schema\/person\/164a138451b4f28d35c3f5984dac8e18"},"headline":"Puigner\u00f3 reclama peajes al gobierno central tras considerarlos un expolio","datePublished":"2022-09-01T06:25:54+00:00","dateModified":"2022-09-01T10:38:55+00:00","mainEntityOfPage":{"@id":"https:\/\/www.eltriangle.eu\/es\/2022\/09\/01\/puignero-reclama-peajes-al-gobierno-central-tras-considerarlos-un-saqueo\/"},"wordCount":310,"commentCount":0,"publisher":{"@id":"https:\/\/www.eltriangle.eu\/es\/#organization"},"image":{"@id":"https:\/\/www.eltriangle.eu\/es\/2022\/09\/01\/puignero-reclama-peajes-al-gobierno-central-tras-considerarlos-un-saqueo\/#primaryimage"},"thumbnailUrl":"https:\/\/www.eltriangle.eu\/wp-content\/uploads\/2022\/04\/jordi-puignero-e1664789578416.jpg","keywords":["Jordi Puigner\u00f3"],"articleSection":["Actualidad","Poderes"],"inLanguage":"es","potentialAction":[{"@type":"CommentAction","name":"Comment","target":["https:\/\/www.eltriangle.eu\/es\/2022\/09\/01\/puignero-reclama-peajes-al-gobierno-central-tras-considerarlos-un-saqueo\/#respond"]}]},{"@type":"WebPage","@id":"https:\/\/www.eltriangle.eu\/es\/2022\/09\/01\/puignero-reclama-peajes-al-gobierno-central-tras-considerarlos-un-saqueo\/","url":"https:\/\/www.eltriangle.eu\/es\/2022\/09\/01\/puignero-reclama-peajes-al-gobierno-central-tras-considerarlos-un-saqueo\/","name":"Puigner\u00f3 reclama peajes al gobierno central tras considerarlos un expolio - El Triangle","isPartOf":{"@id":"https:\/\/www.eltriangle.eu\/es\/#website"},"primaryImageOfPage":{"@id":"https:\/\/www.eltriangle.eu\/es\/2022\/09\/01\/puignero-reclama-peajes-al-gobierno-central-tras-considerarlos-un-saqueo\/#primaryimage"},"image":{"@id":"https:\/\/www.eltriangle.eu\/es\/2022\/09\/01\/puignero-reclama-peajes-al-gobierno-central-tras-considerarlos-un-saqueo\/#primaryimage"},"thumbnailUrl":"https:\/\/www.eltriangle.eu\/wp-content\/uploads\/2022\/04\/jordi-puignero-e1664789578416.jpg","datePublished":"2022-09-01T06:25:54+00:00","dateModified":"2022-09-01T10:38:55+00:00","description":"El vicepresidente y consejero de Pol\u00edticas Digitales y Territorio de la Generalitat, Jordi Puigner\u00f3, ha reclamado este mi\u00e9rcoles al gobierno de Espa\u00f1a que","breadcrumb":{"@id":"https:\/\/www.eltriangle.eu\/es\/2022\/09\/01\/puignero-reclama-peajes-al-gobierno-central-tras-considerarlos-un-saqueo\/#breadcrumb"},"inLanguage":"es","potentialAction":[{"@type":"ReadAction","target":["https:\/\/www.eltriangle.eu\/es\/2022\/09\/01\/puignero-reclama-peajes-al-gobierno-central-tras-considerarlos-un-saqueo\/"]}]},{"@type":"ImageObject","inLanguage":"es","@id":"https:\/\/www.eltriangle.eu\/es\/2022\/09\/01\/puignero-reclama-peajes-al-gobierno-central-tras-considerarlos-un-saqueo\/#primaryimage","url":"https:\/\/www.eltriangle.eu\/wp-content\/uploads\/2022\/04\/jordi-puignero-e1664789578416.jpg","contentUrl":"https:\/\/www.eltriangle.eu\/wp-content\/uploads\/2022\/04\/jordi-puignero-e1664789578416.jpg","width":1200,"height":800,"caption":"Jordi Puigner\u00f3"},{"@type":"BreadcrumbList","@id":"https:\/\/www.eltriangle.eu\/es\/2022\/09\/01\/puignero-reclama-peajes-al-gobierno-central-tras-considerarlos-un-saqueo\/#breadcrumb","itemListElement":[{"@type":"ListItem","position":1,"name":"Portada","item":"https:\/\/www.eltriangle.eu\/es\/"},{"@type":"ListItem","position":2,"name":"Puigner\u00f3 reclama peajes al gobierno central tras considerarlos un expolio"}]},{"@type":"WebSite","@id":"https:\/\/www.eltriangle.eu\/es\/#website","url":"https:\/\/www.eltriangle.eu\/es\/","name":"El Triangle","description":"El Triangle \u00e9s un Diari d&#039;informaci\u00f3 general, editat a Catalunya i escrit en llengua catalana, especialitzat en investigaci\u00f3 period\u00edstica","publisher":{"@id":"https:\/\/www.eltriangle.eu\/es\/#organization"},"potentialAction":[{"@type":"SearchAction","target":{"@type":"EntryPoint","urlTemplate":"https:\/\/www.eltriangle.eu\/es\/?s={search_term_string}"},"query-input":{"@type":"PropertyValueSpecification","valueRequired":true,"valueName":"search_term_string"}}],"inLanguage":"es"},{"@type":["Organization","NewsMediaOrganization"],"@id":"https:\/\/www.eltriangle.eu\/es\/#organization","name":"El Triangle","url":"https:\/\/www.eltriangle.eu\/es\/","logo":{"@type":"ImageObject","inLanguage":"es","@id":"https:\/\/www.eltriangle.eu\/es\/#\/schema\/logo\/image\/","url":"https:\/\/www.eltriangle.eu\/wp-content\/uploads\/2020\/11\/triangle_logo-ajustado.jpg","contentUrl":"https:\/\/www.eltriangle.eu\/wp-content\/uploads\/2020\/11\/triangle_logo-ajustado.jpg","width":521,"height":92,"caption":"El Triangle"},"image":{"@id":"https:\/\/www.eltriangle.eu\/es\/#\/schema\/logo\/image\/"},"sameAs":["https:\/\/www.facebook.com\/El-Triangle-Diari-101787399020302","https:\/\/x.com\/El_Triangle","https:\/\/www.youtube.com\/channel\/UCTIjmYEMYSpdGonuAgNhbcg"]},{"@type":"Person","@id":"https:\/\/www.eltriangle.eu\/es\/#\/schema\/person\/164a138451b4f28d35c3f5984dac8e18","name":"Redacci\u00f3n","image":{"@type":"ImageObject","inLanguage":"es","@id":"\/\/www.gravatar.com\/avatar\/147263d1a435839b8405c79279bb6558?s=96&#038;r=g&#038;d=mm","url":"\/\/www.gravatar.com\/avatar\/147263d1a435839b8405c79279bb6558?s=96&#038;r=g&#038;d=mm","contentUrl":"\/\/www.gravatar.com\/avatar\/147263d1a435839b8405c79279bb6558?s=96&#038;r=g&#038;d=mm","caption":"Redacci\u00f3n"},"url":"https:\/\/www.eltriangle.eu\/es\/author\/autor-1\/"},{"@type":"SiteNavigationElement","@id":"https:\/\/www.eltriangle.eu\/es\/#site-navigation","cssSelector":[".cib-main-menu"]},{"@type":"WPHeader","@id":"https:\/\/www.eltriangle.eu\/es\/#header","cssSelector":[".cib-header"]},{"@type":"WPFooter","@id":"https:\/\/www.eltriangle.eu\/es\/#footer","cssSelector":[".cib-footer"]}]}},"amp_enabled":true,"_links":{"self":[{"href":"https:\/\/www.eltriangle.eu\/es\/wp-json\/wp\/v2\/posts\/154199","targetHints":{"allow":["GET"]}}],"collection":[{"href":"https:\/\/www.eltriangle.eu\/es\/wp-json\/wp\/v2\/posts"}],"about":[{"href":"https:\/\/www.eltriangle.eu\/es\/wp-json\/wp\/v2\/types\/post"}],"author":[{"embeddable":true,"href":"https:\/\/www.eltriangle.eu\/es\/wp-json\/wp\/v2\/users\/2"}],"replies":[{"embeddable":true,"href":"https:\/\/www.eltriangle.eu\/es\/wp-json\/wp\/v2\/comments?post=154199"}],"version-history":[{"count":0,"href":"https:\/\/www.eltriangle.eu\/es\/wp-json\/wp\/v2\/posts\/154199\/revisions"}],"wp:featuredmedia":[{"embeddable":true,"href":"https:\/\/www.eltriangle.eu\/es\/wp-json\/wp\/v2\/media\/138085"}],"wp:attachment":[{"href":"https:\/\/www.eltriangle.eu\/es\/wp-json\/wp\/v2\/media?parent=154199"}],"wp:term":[{"taxonomy":"category","embeddable":true,"href":"https:\/\/www.eltriangle.eu\/es\/wp-json\/wp\/v2\/categories?post=154199"},{"taxonomy":"post_tag","embeddable":true,"href":"https:\/\/www.eltriangle.eu\/es\/wp-json\/wp\/v2\/tags?post=154199"}],"curies":[{"name":"wp","href":"https:\/\/api.w.org\/{rel}","templated":true}]}}