{"id":152845,"date":"2022-08-18T17:42:20","date_gmt":"2022-08-18T15:42:20","guid":{"rendered":null},"modified":"2022-08-18T17:51:02","modified_gmt":"2022-08-18T15:51:02","slug":"aviso-por-temporal-violento-en-barcelona-y-el-area-metropolitana","status":"publish","type":"post","link":"https:\/\/www.eltriangle.eu\/es\/2022\/08\/18\/aviso-por-temporal-violento-en-barcelona-y-el-area-metropolitana\/","title":{"rendered":"Aviso por temporal violento en Barcelona y el \u00e1rea metropolitana"},"content":{"rendered":"<p>El <strong>Servicio Meteorol\u00f3gico de Catalu\u00f1a<\/strong> (Meteocat) ha emitido un aviso por tiempo violento que afecta a las comarcas del Baix Llobregat, el Barcelon\u00e9s y el Vall\u00e9s Occidental. Seg\u00fan ha explicado a trav\u00e9s de una publicaci\u00f3n en Twitter, en estos territorios se podr\u00edan producir granizadas con un di\u00e1metro superior a los dos cent\u00edmetros, rachas de viento de m\u00e1s de 25 metros por segundo y chasquidos o tornados.<\/p>\n<p>Mientras que en el <strong>Baix<\/strong> <strong>Llobregat<\/strong> y el <strong>Barcelon\u00e9s<\/strong> el peligro es alto, la comarca del <strong>Vall\u00e9s<\/strong> <strong>Occidental<\/strong> est\u00e1 en el nivel m\u00e1ximo de peligro (muy alto). Seg\u00fan el Meteocat, el episodio tendr\u00e1 lugar la tarde de este jueves, por lo que <strong>Protecci\u00f3n<\/strong> <strong>Civil<\/strong> mantiene activada la prealerta del Plan Inuncat.<\/p>\n<p>Durante la noche de este mi\u00e9rcoles al jueves, el episodio de intensas lluvias ha motivado un total de <a href=\"https:\/\/www.eltriangle.eu\/es\/2022\/08\/18\/el-episodio-de-lluvias-intensas-registra-casi-400-llamadas-al-112-en-cataluna\/\" target=\"_blank\" rel=\"noopener\">398 llamadas<\/a> al tel\u00e9fono de emergencias 112 de Catalu\u00f1a, la mayor\u00eda relacionadas con inundaciones de bajos e incidencias de tr\u00e1fico, as\u00ed como por el riesgo o ca\u00edda de \u00e1rboles y ramas.<\/p>\n<blockquote class=\"twitter-tweet\" data-width=\"550\" data-dnt=\"true\">\n<p lang=\"ca\" dir=\"ltr\">\u26a0 El Servei Meteorol\u00f2gic de Catalunya emet un av\u00eds per temps violent (<a href=\"https:\/\/twitter.com\/hashtag\/avisosSMP?src=hash&amp;ref_src=twsrc%5Etfw\">#avisosSMP<\/a>) \u26a0<\/p>\n<p>\u27a1 Dj. 14:23 TU &#8211; 16:23 TU <\/p>\n<p>\u27a1 Possibilitat de pedra de di\u00e0metre &gt; 2 cm, ratxes de vent &gt; 25 m\/s, esclafits i\/o tornados. <a href=\"https:\/\/t.co\/D3yada0yIW\">pic.twitter.com\/D3yada0yIW<\/a><\/p>\n<p>&mdash; Meteocat (@meteocat) <a href=\"https:\/\/twitter.com\/meteocat\/status\/1560272581881520128?ref_src=twsrc%5Etfw\">August 18, 2022<\/a><\/p><\/blockquote>\n<p><script async src=\"https:\/\/platform.twitter.com\/widgets.js\" charset=\"utf-8\"><\/script><\/p>\n","protected":false},"excerpt":{"rendered":"<p>El Servicio Meteorol\u00f3gico de Catalu\u00f1a (Meteocat) ha emitido un aviso por tiempo violento que afecta a las comarcas del Baix Llobregat, el Barcelon\u00e9s y el Vall\u00e9s Occidental. Seg\u00fan ha explicado a trav\u00e9s de una publicaci\u00f3n en Twitter, en estos territorios se podr\u00edan producir granizadas con un di\u00e1metro superior a los dos cent\u00edmetros, rachas de viento &#8230; <a title=\"Aviso por temporal violento en Barcelona y el \u00e1rea metropolitana\" class=\"read-more\" href=\"https:\/\/www.eltriangle.eu\/es\/2022\/08\/18\/aviso-por-temporal-violento-en-barcelona-y-el-area-metropolitana\/\" aria-label=\"Leer m\u00e1s sobre Aviso por temporal violento en Barcelona y el \u00e1rea metropolitana\">Leer m\u00e1s<\/a><\/p>\n","protected":false},"author":93,"featured_media":133030,"comment_status":"open","ping_status":"closed","sticky":false,"template":"","format":"standard","meta":{"_acf_changed":false,"pmpro_default_level":"","footnotes":""},"categories":[24],"tags":[1990],"class_list":["post-152845","post","type-post","status-publish","format-standard","has-post-thumbnail","hentry","category-actualidad","tag-meteocat-es","lh_instant_articles-syndicate-yes","pmpro-has-access"],"acf":[],"yoast_head":"<!-- This site is optimized with the Yoast SEO plugin v27.4 - https:\/\/yoast.com\/product\/yoast-seo-wordpress\/ -->\n<title>Aviso por temporal violento en Barcelona y el \u00e1rea metropolitana - El Triangle<\/title>\n<meta name=\"description\" content=\"El Servicio Meteorol\u00f3gico de Catalu\u00f1a (Meteocat) ha emitido un aviso por tiempo violento que afecta a las comarcas del Baix Llobregat, el Barcelon\u00e9s y el\" class=\"yoast-seo-meta-tag\" \/>\n<meta name=\"robots\" content=\"index, follow, max-snippet:-1, max-image-preview:large, max-video-preview:-1\" \/>\n<link rel=\"canonical\" href=\"https:\/\/www.eltriangle.eu\/es\/2022\/08\/18\/aviso-por-temporal-violento-en-barcelona-y-el-area-metropolitana\/\" class=\"yoast-seo-meta-tag\" \/>\n<meta property=\"og:locale\" content=\"es_ES\" class=\"yoast-seo-meta-tag\" \/>\n<meta property=\"og:type\" content=\"article\" class=\"yoast-seo-meta-tag\" \/>\n<meta property=\"og:title\" content=\"Aviso por temporal violento en Barcelona y el \u00e1rea metropolitana - El Triangle\" class=\"yoast-seo-meta-tag\" \/>\n<meta property=\"og:description\" content=\"El Servicio Meteorol\u00f3gico de Catalu\u00f1a (Meteocat) ha emitido un aviso por tiempo violento que afecta a las comarcas del Baix Llobregat, el Barcelon\u00e9s y el\" class=\"yoast-seo-meta-tag\" \/>\n<meta property=\"og:url\" content=\"https:\/\/www.eltriangle.eu\/es\/2022\/08\/18\/aviso-por-temporal-violento-en-barcelona-y-el-area-metropolitana\/\" class=\"yoast-seo-meta-tag\" \/>\n<meta property=\"og:site_name\" content=\"El Triangle\" class=\"yoast-seo-meta-tag\" \/>\n<meta property=\"article:publisher\" content=\"https:\/\/www.facebook.com\/El-Triangle-Diari-101787399020302\" class=\"yoast-seo-meta-tag\" \/>\n<meta property=\"article:published_time\" content=\"2022-08-18T15:42:20+00:00\" class=\"yoast-seo-meta-tag\" \/>\n<meta property=\"article:modified_time\" content=\"2022-08-18T15:51:02+00:00\" class=\"yoast-seo-meta-tag\" \/>\n<meta property=\"og:image\" content=\"https:\/\/www.eltriangle.eu\/wp-content\/uploads\/2022\/03\/lluvia-twitter-1.jpg\" class=\"yoast-seo-meta-tag\" \/>\n\t<meta property=\"og:image:width\" content=\"540\" class=\"yoast-seo-meta-tag\" \/>\n\t<meta property=\"og:image:height\" content=\"295\" class=\"yoast-seo-meta-tag\" \/>\n\t<meta property=\"og:image:type\" content=\"image\/jpeg\" class=\"yoast-seo-meta-tag\" \/>\n<meta name=\"author\" content=\"redaccio\" class=\"yoast-seo-meta-tag\" \/>\n<meta name=\"twitter:card\" content=\"summary_large_image\" class=\"yoast-seo-meta-tag\" \/>\n<meta name=\"twitter:creator\" content=\"@El_Triangle\" class=\"yoast-seo-meta-tag\" \/>\n<meta name=\"twitter:site\" content=\"@El_Triangle\" class=\"yoast-seo-meta-tag\" \/>\n<meta name=\"twitter:label1\" content=\"Escrito por\" class=\"yoast-seo-meta-tag\" \/>\n\t<meta name=\"twitter:data1\" content=\"redaccio\" class=\"yoast-seo-meta-tag\" \/>\n\t<meta name=\"twitter:label2\" content=\"Tiempo de lectura\" class=\"yoast-seo-meta-tag\" \/>\n\t<meta name=\"twitter:data2\" content=\"1 minuto\" class=\"yoast-seo-meta-tag\" \/>\n<script type=\"application\/ld+json\" class=\"yoast-schema-graph\">{\"@context\":\"https:\\\/\\\/schema.org\",\"@graph\":[{\"@type\":\"NewsArticle\",\"@id\":\"https:\\\/\\\/www.eltriangle.eu\\\/es\\\/2022\\\/08\\\/18\\\/aviso-por-temporal-violento-en-barcelona-y-el-area-metropolitana\\\/#article\",\"isPartOf\":{\"@id\":\"https:\\\/\\\/www.eltriangle.eu\\\/es\\\/2022\\\/08\\\/18\\\/aviso-por-temporal-violento-en-barcelona-y-el-area-metropolitana\\\/\"},\"author\":{\"name\":\"redaccio\",\"@id\":\"https:\\\/\\\/www.eltriangle.eu\\\/es\\\/#\\\/schema\\\/person\\\/7e5bff7fe0202e362b26fcec2bd6f383\"},\"headline\":\"Aviso por temporal violento en Barcelona y el \u00e1rea metropolitana\",\"datePublished\":\"2022-08-18T15:42:20+00:00\",\"dateModified\":\"2022-08-18T15:51:02+00:00\",\"mainEntityOfPage\":{\"@id\":\"https:\\\/\\\/www.eltriangle.eu\\\/es\\\/2022\\\/08\\\/18\\\/aviso-por-temporal-violento-en-barcelona-y-el-area-metropolitana\\\/\"},\"wordCount\":202,\"commentCount\":0,\"publisher\":{\"@id\":\"https:\\\/\\\/www.eltriangle.eu\\\/es\\\/#organization\"},\"image\":{\"@id\":\"https:\\\/\\\/www.eltriangle.eu\\\/es\\\/2022\\\/08\\\/18\\\/aviso-por-temporal-violento-en-barcelona-y-el-area-metropolitana\\\/#primaryimage\"},\"thumbnailUrl\":\"https:\\\/\\\/www.eltriangle.eu\\\/wp-content\\\/uploads\\\/2022\\\/03\\\/lluvia-twitter-1.jpg\",\"keywords\":[\"Meteocat\"],\"articleSection\":[\"Actualidad\"],\"inLanguage\":\"es\",\"potentialAction\":[{\"@type\":\"CommentAction\",\"name\":\"Comment\",\"target\":[\"https:\\\/\\\/www.eltriangle.eu\\\/es\\\/2022\\\/08\\\/18\\\/aviso-por-temporal-violento-en-barcelona-y-el-area-metropolitana\\\/#respond\"]}]},{\"@type\":\"WebPage\",\"@id\":\"https:\\\/\\\/www.eltriangle.eu\\\/es\\\/2022\\\/08\\\/18\\\/aviso-por-temporal-violento-en-barcelona-y-el-area-metropolitana\\\/\",\"url\":\"https:\\\/\\\/www.eltriangle.eu\\\/es\\\/2022\\\/08\\\/18\\\/aviso-por-temporal-violento-en-barcelona-y-el-area-metropolitana\\\/\",\"name\":\"Aviso por temporal violento en Barcelona y el \u00e1rea metropolitana - El Triangle\",\"isPartOf\":{\"@id\":\"https:\\\/\\\/www.eltriangle.eu\\\/es\\\/#website\"},\"primaryImageOfPage\":{\"@id\":\"https:\\\/\\\/www.eltriangle.eu\\\/es\\\/2022\\\/08\\\/18\\\/aviso-por-temporal-violento-en-barcelona-y-el-area-metropolitana\\\/#primaryimage\"},\"image\":{\"@id\":\"https:\\\/\\\/www.eltriangle.eu\\\/es\\\/2022\\\/08\\\/18\\\/aviso-por-temporal-violento-en-barcelona-y-el-area-metropolitana\\\/#primaryimage\"},\"thumbnailUrl\":\"https:\\\/\\\/www.eltriangle.eu\\\/wp-content\\\/uploads\\\/2022\\\/03\\\/lluvia-twitter-1.jpg\",\"datePublished\":\"2022-08-18T15:42:20+00:00\",\"dateModified\":\"2022-08-18T15:51:02+00:00\",\"description\":\"El Servicio Meteorol\u00f3gico de Catalu\u00f1a (Meteocat) ha emitido un aviso por tiempo violento que afecta a las comarcas del Baix Llobregat, el Barcelon\u00e9s y el\",\"breadcrumb\":{\"@id\":\"https:\\\/\\\/www.eltriangle.eu\\\/es\\\/2022\\\/08\\\/18\\\/aviso-por-temporal-violento-en-barcelona-y-el-area-metropolitana\\\/#breadcrumb\"},\"inLanguage\":\"es\",\"potentialAction\":[{\"@type\":\"ReadAction\",\"target\":[\"https:\\\/\\\/www.eltriangle.eu\\\/es\\\/2022\\\/08\\\/18\\\/aviso-por-temporal-violento-en-barcelona-y-el-area-metropolitana\\\/\"]}]},{\"@type\":\"ImageObject\",\"inLanguage\":\"es\",\"@id\":\"https:\\\/\\\/www.eltriangle.eu\\\/es\\\/2022\\\/08\\\/18\\\/aviso-por-temporal-violento-en-barcelona-y-el-area-metropolitana\\\/#primaryimage\",\"url\":\"https:\\\/\\\/www.eltriangle.eu\\\/wp-content\\\/uploads\\\/2022\\\/03\\\/lluvia-twitter-1.jpg\",\"contentUrl\":\"https:\\\/\\\/www.eltriangle.eu\\\/wp-content\\\/uploads\\\/2022\\\/03\\\/lluvia-twitter-1.jpg\",\"width\":540,\"height\":295,\"caption\":\"Lluvias intensas en Catalu\u00f1a\"},{\"@type\":\"BreadcrumbList\",\"@id\":\"https:\\\/\\\/www.eltriangle.eu\\\/es\\\/2022\\\/08\\\/18\\\/aviso-por-temporal-violento-en-barcelona-y-el-area-metropolitana\\\/#breadcrumb\",\"itemListElement\":[{\"@type\":\"ListItem\",\"position\":1,\"name\":\"Portada\",\"item\":\"https:\\\/\\\/www.eltriangle.eu\\\/es\\\/\"},{\"@type\":\"ListItem\",\"position\":2,\"name\":\"Aviso por temporal violento en Barcelona y el \u00e1rea metropolitana\"}]},{\"@type\":\"WebSite\",\"@id\":\"https:\\\/\\\/www.eltriangle.eu\\\/es\\\/#website\",\"url\":\"https:\\\/\\\/www.eltriangle.eu\\\/es\\\/\",\"name\":\"El Triangle\",\"description\":\"El Triangle \u00e9s un Diari d&#039;informaci\u00f3 general, editat a Catalunya i escrit en llengua catalana, especialitzat en investigaci\u00f3 period\u00edstica\",\"publisher\":{\"@id\":\"https:\\\/\\\/www.eltriangle.eu\\\/es\\\/#organization\"},\"potentialAction\":[{\"@type\":\"SearchAction\",\"target\":{\"@type\":\"EntryPoint\",\"urlTemplate\":\"https:\\\/\\\/www.eltriangle.eu\\\/es\\\/?s={search_term_string}\"},\"query-input\":{\"@type\":\"PropertyValueSpecification\",\"valueRequired\":true,\"valueName\":\"search_term_string\"}}],\"inLanguage\":\"es\"},{\"@type\":[\"Organization\",\"NewsMediaOrganization\"],\"@id\":\"https:\\\/\\\/www.eltriangle.eu\\\/es\\\/#organization\",\"name\":\"El Triangle\",\"url\":\"https:\\\/\\\/www.eltriangle.eu\\\/es\\\/\",\"logo\":{\"@type\":\"ImageObject\",\"inLanguage\":\"es\",\"@id\":\"https:\\\/\\\/www.eltriangle.eu\\\/es\\\/#\\\/schema\\\/logo\\\/image\\\/\",\"url\":\"https:\\\/\\\/www.eltriangle.eu\\\/wp-content\\\/uploads\\\/2020\\\/11\\\/triangle_logo-ajustado.jpg\",\"contentUrl\":\"https:\\\/\\\/www.eltriangle.eu\\\/wp-content\\\/uploads\\\/2020\\\/11\\\/triangle_logo-ajustado.jpg\",\"width\":521,\"height\":92,\"caption\":\"El Triangle\"},\"image\":{\"@id\":\"https:\\\/\\\/www.eltriangle.eu\\\/es\\\/#\\\/schema\\\/logo\\\/image\\\/\"},\"sameAs\":[\"https:\\\/\\\/www.facebook.com\\\/El-Triangle-Diari-101787399020302\",\"https:\\\/\\\/x.com\\\/El_Triangle\",\"https:\\\/\\\/www.youtube.com\\\/channel\\\/UCTIjmYEMYSpdGonuAgNhbcg\"]},{\"@type\":\"Person\",\"@id\":\"https:\\\/\\\/www.eltriangle.eu\\\/es\\\/#\\\/schema\\\/person\\\/7e5bff7fe0202e362b26fcec2bd6f383\",\"name\":\"redaccio\",\"image\":{\"@type\":\"ImageObject\",\"inLanguage\":\"es\",\"@id\":\"\\\/\\\/www.gravatar.com\\\/avatar\\\/5661b3e51fe6027f31ed1f408d22a917?s=96&#038;r=g&#038;d=mm\",\"url\":\"\\\/\\\/www.gravatar.com\\\/avatar\\\/5661b3e51fe6027f31ed1f408d22a917?s=96&#038;r=g&#038;d=mm\",\"contentUrl\":\"\\\/\\\/www.gravatar.com\\\/avatar\\\/5661b3e51fe6027f31ed1f408d22a917?s=96&#038;r=g&#038;d=mm\",\"caption\":\"redaccio\"},\"url\":\"https:\\\/\\\/www.eltriangle.eu\\\/es\\\/author\\\/redaccio\\\/\"},{\"@type\":\"SiteNavigationElement\",\"@id\":\"https:\\\/\\\/www.eltriangle.eu\\\/es\\\/#site-navigation\",\"cssSelector\":[\".cib-main-menu\"]},{\"@type\":\"WPHeader\",\"@id\":\"https:\\\/\\\/www.eltriangle.eu\\\/es\\\/#header\",\"cssSelector\":[\".cib-header\"]},{\"@type\":\"WPFooter\",\"@id\":\"https:\\\/\\\/www.eltriangle.eu\\\/es\\\/#footer\",\"cssSelector\":[\".cib-footer\"]}]}<\/script>\n<!-- \/ Yoast SEO plugin. -->","yoast_head_json":{"title":"Aviso por temporal violento en Barcelona y el \u00e1rea metropolitana - El Triangle","description":"El Servicio Meteorol\u00f3gico de Catalu\u00f1a (Meteocat) ha emitido un aviso por tiempo violento que afecta a las comarcas del Baix Llobregat, el Barcelon\u00e9s y el","robots":{"index":"index","follow":"follow","max-snippet":"max-snippet:-1","max-image-preview":"max-image-preview:large","max-video-preview":"max-video-preview:-1"},"canonical":"https:\/\/www.eltriangle.eu\/es\/2022\/08\/18\/aviso-por-temporal-violento-en-barcelona-y-el-area-metropolitana\/","og_locale":"es_ES","og_type":"article","og_title":"Aviso por temporal violento en Barcelona y el \u00e1rea metropolitana - El Triangle","og_description":"El Servicio Meteorol\u00f3gico de Catalu\u00f1a (Meteocat) ha emitido un aviso por tiempo violento que afecta a las comarcas del Baix Llobregat, el Barcelon\u00e9s y el","og_url":"https:\/\/www.eltriangle.eu\/es\/2022\/08\/18\/aviso-por-temporal-violento-en-barcelona-y-el-area-metropolitana\/","og_site_name":"El Triangle","article_publisher":"https:\/\/www.facebook.com\/El-Triangle-Diari-101787399020302","article_published_time":"2022-08-18T15:42:20+00:00","article_modified_time":"2022-08-18T15:51:02+00:00","og_image":[{"width":540,"height":295,"url":"https:\/\/www.eltriangle.eu\/wp-content\/uploads\/2022\/03\/lluvia-twitter-1.jpg","type":"image\/jpeg"}],"author":"redaccio","twitter_card":"summary_large_image","twitter_creator":"@El_Triangle","twitter_site":"@El_Triangle","twitter_misc":{"Escrito por":"redaccio","Tiempo de lectura":"1 minuto"},"schema":{"@context":"https:\/\/schema.org","@graph":[{"@type":"NewsArticle","@id":"https:\/\/www.eltriangle.eu\/es\/2022\/08\/18\/aviso-por-temporal-violento-en-barcelona-y-el-area-metropolitana\/#article","isPartOf":{"@id":"https:\/\/www.eltriangle.eu\/es\/2022\/08\/18\/aviso-por-temporal-violento-en-barcelona-y-el-area-metropolitana\/"},"author":{"name":"redaccio","@id":"https:\/\/www.eltriangle.eu\/es\/#\/schema\/person\/7e5bff7fe0202e362b26fcec2bd6f383"},"headline":"Aviso por temporal violento en Barcelona y el \u00e1rea metropolitana","datePublished":"2022-08-18T15:42:20+00:00","dateModified":"2022-08-18T15:51:02+00:00","mainEntityOfPage":{"@id":"https:\/\/www.eltriangle.eu\/es\/2022\/08\/18\/aviso-por-temporal-violento-en-barcelona-y-el-area-metropolitana\/"},"wordCount":202,"commentCount":0,"publisher":{"@id":"https:\/\/www.eltriangle.eu\/es\/#organization"},"image":{"@id":"https:\/\/www.eltriangle.eu\/es\/2022\/08\/18\/aviso-por-temporal-violento-en-barcelona-y-el-area-metropolitana\/#primaryimage"},"thumbnailUrl":"https:\/\/www.eltriangle.eu\/wp-content\/uploads\/2022\/03\/lluvia-twitter-1.jpg","keywords":["Meteocat"],"articleSection":["Actualidad"],"inLanguage":"es","potentialAction":[{"@type":"CommentAction","name":"Comment","target":["https:\/\/www.eltriangle.eu\/es\/2022\/08\/18\/aviso-por-temporal-violento-en-barcelona-y-el-area-metropolitana\/#respond"]}]},{"@type":"WebPage","@id":"https:\/\/www.eltriangle.eu\/es\/2022\/08\/18\/aviso-por-temporal-violento-en-barcelona-y-el-area-metropolitana\/","url":"https:\/\/www.eltriangle.eu\/es\/2022\/08\/18\/aviso-por-temporal-violento-en-barcelona-y-el-area-metropolitana\/","name":"Aviso por temporal violento en Barcelona y el \u00e1rea metropolitana - El Triangle","isPartOf":{"@id":"https:\/\/www.eltriangle.eu\/es\/#website"},"primaryImageOfPage":{"@id":"https:\/\/www.eltriangle.eu\/es\/2022\/08\/18\/aviso-por-temporal-violento-en-barcelona-y-el-area-metropolitana\/#primaryimage"},"image":{"@id":"https:\/\/www.eltriangle.eu\/es\/2022\/08\/18\/aviso-por-temporal-violento-en-barcelona-y-el-area-metropolitana\/#primaryimage"},"thumbnailUrl":"https:\/\/www.eltriangle.eu\/wp-content\/uploads\/2022\/03\/lluvia-twitter-1.jpg","datePublished":"2022-08-18T15:42:20+00:00","dateModified":"2022-08-18T15:51:02+00:00","description":"El Servicio Meteorol\u00f3gico de Catalu\u00f1a (Meteocat) ha emitido un aviso por tiempo violento que afecta a las comarcas del Baix Llobregat, el Barcelon\u00e9s y el","breadcrumb":{"@id":"https:\/\/www.eltriangle.eu\/es\/2022\/08\/18\/aviso-por-temporal-violento-en-barcelona-y-el-area-metropolitana\/#breadcrumb"},"inLanguage":"es","potentialAction":[{"@type":"ReadAction","target":["https:\/\/www.eltriangle.eu\/es\/2022\/08\/18\/aviso-por-temporal-violento-en-barcelona-y-el-area-metropolitana\/"]}]},{"@type":"ImageObject","inLanguage":"es","@id":"https:\/\/www.eltriangle.eu\/es\/2022\/08\/18\/aviso-por-temporal-violento-en-barcelona-y-el-area-metropolitana\/#primaryimage","url":"https:\/\/www.eltriangle.eu\/wp-content\/uploads\/2022\/03\/lluvia-twitter-1.jpg","contentUrl":"https:\/\/www.eltriangle.eu\/wp-content\/uploads\/2022\/03\/lluvia-twitter-1.jpg","width":540,"height":295,"caption":"Lluvias intensas en Catalu\u00f1a"},{"@type":"BreadcrumbList","@id":"https:\/\/www.eltriangle.eu\/es\/2022\/08\/18\/aviso-por-temporal-violento-en-barcelona-y-el-area-metropolitana\/#breadcrumb","itemListElement":[{"@type":"ListItem","position":1,"name":"Portada","item":"https:\/\/www.eltriangle.eu\/es\/"},{"@type":"ListItem","position":2,"name":"Aviso por temporal violento en Barcelona y el \u00e1rea metropolitana"}]},{"@type":"WebSite","@id":"https:\/\/www.eltriangle.eu\/es\/#website","url":"https:\/\/www.eltriangle.eu\/es\/","name":"El Triangle","description":"El Triangle \u00e9s un Diari d&#039;informaci\u00f3 general, editat a Catalunya i escrit en llengua catalana, especialitzat en investigaci\u00f3 period\u00edstica","publisher":{"@id":"https:\/\/www.eltriangle.eu\/es\/#organization"},"potentialAction":[{"@type":"SearchAction","target":{"@type":"EntryPoint","urlTemplate":"https:\/\/www.eltriangle.eu\/es\/?s={search_term_string}"},"query-input":{"@type":"PropertyValueSpecification","valueRequired":true,"valueName":"search_term_string"}}],"inLanguage":"es"},{"@type":["Organization","NewsMediaOrganization"],"@id":"https:\/\/www.eltriangle.eu\/es\/#organization","name":"El Triangle","url":"https:\/\/www.eltriangle.eu\/es\/","logo":{"@type":"ImageObject","inLanguage":"es","@id":"https:\/\/www.eltriangle.eu\/es\/#\/schema\/logo\/image\/","url":"https:\/\/www.eltriangle.eu\/wp-content\/uploads\/2020\/11\/triangle_logo-ajustado.jpg","contentUrl":"https:\/\/www.eltriangle.eu\/wp-content\/uploads\/2020\/11\/triangle_logo-ajustado.jpg","width":521,"height":92,"caption":"El Triangle"},"image":{"@id":"https:\/\/www.eltriangle.eu\/es\/#\/schema\/logo\/image\/"},"sameAs":["https:\/\/www.facebook.com\/El-Triangle-Diari-101787399020302","https:\/\/x.com\/El_Triangle","https:\/\/www.youtube.com\/channel\/UCTIjmYEMYSpdGonuAgNhbcg"]},{"@type":"Person","@id":"https:\/\/www.eltriangle.eu\/es\/#\/schema\/person\/7e5bff7fe0202e362b26fcec2bd6f383","name":"redaccio","image":{"@type":"ImageObject","inLanguage":"es","@id":"\/\/www.gravatar.com\/avatar\/5661b3e51fe6027f31ed1f408d22a917?s=96&#038;r=g&#038;d=mm","url":"\/\/www.gravatar.com\/avatar\/5661b3e51fe6027f31ed1f408d22a917?s=96&#038;r=g&#038;d=mm","contentUrl":"\/\/www.gravatar.com\/avatar\/5661b3e51fe6027f31ed1f408d22a917?s=96&#038;r=g&#038;d=mm","caption":"redaccio"},"url":"https:\/\/www.eltriangle.eu\/es\/author\/redaccio\/"},{"@type":"SiteNavigationElement","@id":"https:\/\/www.eltriangle.eu\/es\/#site-navigation","cssSelector":[".cib-main-menu"]},{"@type":"WPHeader","@id":"https:\/\/www.eltriangle.eu\/es\/#header","cssSelector":[".cib-header"]},{"@type":"WPFooter","@id":"https:\/\/www.eltriangle.eu\/es\/#footer","cssSelector":[".cib-footer"]}]}},"amp_enabled":true,"_links":{"self":[{"href":"https:\/\/www.eltriangle.eu\/es\/wp-json\/wp\/v2\/posts\/152845","targetHints":{"allow":["GET"]}}],"collection":[{"href":"https:\/\/www.eltriangle.eu\/es\/wp-json\/wp\/v2\/posts"}],"about":[{"href":"https:\/\/www.eltriangle.eu\/es\/wp-json\/wp\/v2\/types\/post"}],"author":[{"embeddable":true,"href":"https:\/\/www.eltriangle.eu\/es\/wp-json\/wp\/v2\/users\/93"}],"replies":[{"embeddable":true,"href":"https:\/\/www.eltriangle.eu\/es\/wp-json\/wp\/v2\/comments?post=152845"}],"version-history":[{"count":0,"href":"https:\/\/www.eltriangle.eu\/es\/wp-json\/wp\/v2\/posts\/152845\/revisions"}],"wp:featuredmedia":[{"embeddable":true,"href":"https:\/\/www.eltriangle.eu\/es\/wp-json\/wp\/v2\/media\/133030"}],"wp:attachment":[{"href":"https:\/\/www.eltriangle.eu\/es\/wp-json\/wp\/v2\/media?parent=152845"}],"wp:term":[{"taxonomy":"category","embeddable":true,"href":"https:\/\/www.eltriangle.eu\/es\/wp-json\/wp\/v2\/categories?post=152845"},{"taxonomy":"post_tag","embeddable":true,"href":"https:\/\/www.eltriangle.eu\/es\/wp-json\/wp\/v2\/tags?post=152845"}],"curies":[{"name":"wp","href":"https:\/\/api.w.org\/{rel}","templated":true}]}}