{"id":146643,"date":"2022-06-30T06:00:14","date_gmt":"2022-06-30T04:00:14","guid":{"rendered":null},"modified":"2022-06-28T13:10:19","modified_gmt":"2022-06-28T11:10:19","slug":"no-todo-es-economia-idiotas","status":"publish","type":"post","link":"https:\/\/www.eltriangle.eu\/es\/2022\/06\/30\/no-todo-es-economia-idiotas\/","title":{"rendered":"\u00a1No todo es econom\u00eda, idiotas!"},"content":{"rendered":"<p>Como seguramente muchos de los lectores saben, la frase \u201cEs la econom\u00eda, est\u00fapido\u201d, que en un principio puso en circulaci\u00f3n <strong>James Carville<\/strong>, estratega de la campa\u00f1a presidencial de <strong>Bill Clinton<\/strong> del a\u00f1o 1992, enseguida hizo fortuna entre los medios pol\u00edticos y period\u00edsticos de todo el mundo que, siempre dispuestos a dejarse deslumbrar por chistes agresivos de este tipo, la hicieron circular, de forma repetitiva, casi obsesiva, cada vez que quer\u00edan hacer referencia a determinadas cuestiones que ellos consideraban esenciales, como verbigracia la empresa, el d\u00e9ficit o las matem\u00e1ticas. Est\u00fapidos los que no vi\u00e9ramos claro su mensaje.<\/p>\n<p>Naturalmente, las cuestiones que se juzgaban ajenas a la econom\u00eda \u2013o econ\u00f3micamente no esenciales- no se tomaron en consideraci\u00f3n, como si no estuvieran en el mundo h\u00edper econ\u00f3mico que aquellos dogm\u00e1ticos estrategas hab\u00edan imaginado y que quer\u00edan imponer a sus numerosos alumnos, los cuales acud\u00edan apresurados y previo pago de una muy cuantiosa matr\u00edcula, a escuchar, embobados, aquellos or\u00e1culos del siglo XXI. As\u00ed se escribe la historia de quienes no han tenido tiempo para estudiar a fondo la Historia, ni la profana ni siquiera la sagrada, que es m\u00e1s f\u00e1cil.<\/p>\n<p>Para muchos de estos creyentes en las presuntas virtudes de estos economistas con licencia para insultar, salidos de prestigiosas y car\u00edsimas universidades americanas poco sospechosas de izquierdismo, todo lo que no fuera convertible en cifras y estad\u00edsticas econ\u00f3micas, no ten\u00eda cabida en su mapa del mundo (un mundo ciertamente muy escu\u00e1lido), y todo lo que ellos no defin\u00edan como esencial no formaba parte de aquella iglesia econ\u00f3mica que hab\u00edan erigido para mayor honra del mercado (suyo).<\/p>\n<p>Aunque todos estos seguidores de la religi\u00f3n de la econom\u00eda global presum\u00edan de su independencia, ser\u00eda in\u00fatil buscar, entre todos ellos, alg\u00fan miembro disidente (alg\u00fan marxista o <em>podemista<\/em>, pogamos por caso); personalmente muchos de ellos me recuerdan las siglas de una agrupaci\u00f3n pol\u00edtica que se present\u00f3 en las elecciones del a\u00f1o 1979 en algunos pueblos de Cantabria: <em>Agrupaci\u00f3n independiente de derechas<\/em>. Pues eso.<\/p>\n<p>Ahora bien: si a algunos de los no creyentes se nos ocurriera plantear alguna duda sobre la viabilidad de sus teor\u00edas (sobre la capacidad de autoregularse del mercado, por ejemplo, o sobre la posibilidad de quebrar de los fondos de pensiones privados ), ser\u00edamos tachados inmediatamente de comunistas, de neandertales, de est\u00fapidos. Que sepamos, ninguno de ellos, aunque presumen de ser muy dem\u00f3cratas, nunca se preguntaron si los est\u00fapidos no ser\u00edan ellos, ni siquiera ahora, cuando su mundo est\u00e1 a punto de caer, como una torre de Babel cualquiera. Sin embargo, ellos s\u00f3lo daban publicidad a la estupidez de los no creyentes.<\/p>\n<p><em>Donde no hay publicidad resplandece la verdad<\/em>, se titulaba una de las secciones de la revista humor\u00edstica <em>La Codorniz<\/em>, revista que me temo que no suelen leer estos nuevos profetas de la econom\u00eda global, una econom\u00eda que no es ning\u00fan invento actual, ya que ha existido en otras etapas de nuestra historia, en beneficio, esto siempre, de unos pocos. A esta tropa le convendr\u00eda, como m\u00ednimo, hojear <em>La Codorniz<\/em>: si lo hicieran, podr\u00edan comprobar (o al menos intuir) que existe otro tipo de chistes menos agresivos que los que ellos patrocinan, unos chistes que contemplan el mundo con mayor empat\u00eda que la que ellos ponen de manifiesto en sus discursos, a menudo tan b\u00e9licos. Un mundo en el que, adem\u00e1s de ellos y de sus familias y amigos, podr\u00edan caber muchas m\u00e1s personas que las que caben en el que ellos han querido erigir.<\/p>\n<p>Para estos economicistas, tanto los de un lado como los del otro, las materias human\u00edsticas -desde la Literatura y la Filosof\u00eda hasta la Historia y las lenguas cl\u00e1sicas- s\u00f3lo son \u00fatiles si pueden apoyar alguna de sus teor\u00edas, a menudo tan esot\u00e9ricas, y hacen verdaderos esfuerzos por adaptarlas a sus discursos, algunos de los cuales, como es f\u00e1cil comprobar, pueden justificar incluso una guerra como la que ahora mismo nos han plantificado en el este de Europa.<\/p>\n<p>Esta est\u00fapida econom\u00eda tan reduccionista y pretendidamente global tiene, por fortuna, algunos l\u00edmites: sus defensores se encontrar\u00e1n siempre indefensos ante las palabras, imposibles de valorar econ\u00f3micamente, como las que cada d\u00eda escriben poetas, dramaturgos, novelistas, historiadores y guionistas que nunca han estado, ni est\u00e1n, ni quieren estar a su servicio. A\u00fan quedan unos pocos, y me consta que la suya es una econom\u00eda de paz.<\/p>\n<p>\u00a1\u00a1No, no todo es econom\u00eda, idiotas!!<\/p>\n<figure id=\"attachment_146774\" aria-describedby=\"caption-attachment-146774\" style=\"width: 290px\" class=\"wp-caption alignnone\"><img decoding=\"async\" loading=\"lazy\" class=\"wp-image-146774 size-medium\" src=\"https:\/\/www.eltriangle.eu\/wp-content\/uploads\/2022\/06\/susana-alonso-2-300x283.png\" alt=\"\" width=\"300\" height=\"283\" srcset=\"https:\/\/www.eltriangle.eu\/wp-content\/uploads\/2022\/06\/susana-alonso-2-300x283.png 300w, https:\/\/www.eltriangle.eu\/wp-content\/uploads\/2022\/06\/susana-alonso-2.png 549w\" sizes=\"auto, (max-width: 300px) 100vw, 300px\" \/><figcaption id=\"caption-attachment-146774\" class=\"wp-caption-text\">Susana Alonso<\/figcaption><\/figure>\n","protected":false},"excerpt":{"rendered":"<p>Como seguramente muchos de los lectores saben, la frase \u201cEs la econom\u00eda, est\u00fapido\u201d, que en un principio puso en circulaci\u00f3n James Carville, estratega de la campa\u00f1a presidencial de Bill Clinton del a\u00f1o 1992, enseguida hizo fortuna entre los medios pol\u00edticos y period\u00edsticos de todo el mundo que, siempre dispuestos a dejarse deslumbrar por chistes agresivos &#8230; <a title=\"\u00a1No todo es econom\u00eda, idiotas!\" class=\"read-more\" href=\"https:\/\/www.eltriangle.eu\/es\/2022\/06\/30\/no-todo-es-economia-idiotas\/\" aria-label=\"Leer m\u00e1s sobre \u00a1No todo es econom\u00eda, idiotas!\">Leer m\u00e1s<\/a><\/p>\n","protected":false},"author":36,"featured_media":0,"comment_status":"open","ping_status":"closed","sticky":false,"template":"","format":"standard","meta":{"_acf_changed":false,"pmpro_default_level":"","footnotes":""},"categories":[10],"tags":[],"class_list":["post-146643","post","type-post","status-publish","format-standard","hentry","category-opinion","lh_instant_articles-syndicate-yes","pmpro-has-access"],"acf":[],"yoast_head":"<!-- This site is optimized with the Yoast SEO plugin v27.4 - https:\/\/yoast.com\/product\/yoast-seo-wordpress\/ -->\n<title>\u00a1No todo es econom\u00eda, idiotas! - El Triangle<\/title>\n<meta name=\"description\" content=\"Como seguramente muchos de los lectores saben, la frase \u201cEs la econom\u00eda, est\u00fapido\u201d, que en un principio puso en circulaci\u00f3n James Carville, estratega de\" class=\"yoast-seo-meta-tag\" \/>\n<meta name=\"robots\" content=\"index, follow, max-snippet:-1, max-image-preview:large, max-video-preview:-1\" \/>\n<link rel=\"canonical\" href=\"https:\/\/www.eltriangle.eu\/es\/2022\/06\/30\/no-todo-es-economia-idiotas\/\" class=\"yoast-seo-meta-tag\" \/>\n<meta property=\"og:locale\" content=\"es_ES\" class=\"yoast-seo-meta-tag\" \/>\n<meta property=\"og:type\" content=\"article\" class=\"yoast-seo-meta-tag\" \/>\n<meta property=\"og:title\" content=\"\u00a1No todo es econom\u00eda, idiotas! - El Triangle\" class=\"yoast-seo-meta-tag\" \/>\n<meta property=\"og:description\" content=\"Como seguramente muchos de los lectores saben, la frase \u201cEs la econom\u00eda, est\u00fapido\u201d, que en un principio puso en circulaci\u00f3n James Carville, estratega de\" class=\"yoast-seo-meta-tag\" \/>\n<meta property=\"og:url\" content=\"https:\/\/www.eltriangle.eu\/es\/2022\/06\/30\/no-todo-es-economia-idiotas\/\" class=\"yoast-seo-meta-tag\" \/>\n<meta property=\"og:site_name\" content=\"El Triangle\" class=\"yoast-seo-meta-tag\" \/>\n<meta property=\"article:publisher\" content=\"https:\/\/www.facebook.com\/El-Triangle-Diari-101787399020302\" class=\"yoast-seo-meta-tag\" \/>\n<meta property=\"article:published_time\" content=\"2022-06-30T04:00:14+00:00\" class=\"yoast-seo-meta-tag\" \/>\n<meta property=\"og:image\" content=\"https:\/\/www.eltriangle.eu\/wp-content\/uploads\/2022\/06\/susana-alonso-2-300x283.png\" class=\"yoast-seo-meta-tag\" \/>\n<meta name=\"author\" content=\"Eladi Crehuet\" class=\"yoast-seo-meta-tag\" \/>\n<meta name=\"twitter:card\" content=\"summary_large_image\" class=\"yoast-seo-meta-tag\" \/>\n<meta name=\"twitter:creator\" content=\"@El_Triangle\" class=\"yoast-seo-meta-tag\" \/>\n<meta name=\"twitter:site\" content=\"@El_Triangle\" class=\"yoast-seo-meta-tag\" \/>\n<meta name=\"twitter:label1\" content=\"Escrito por\" class=\"yoast-seo-meta-tag\" \/>\n\t<meta name=\"twitter:data1\" content=\"Eladi Crehuet\" class=\"yoast-seo-meta-tag\" \/>\n\t<meta name=\"twitter:label2\" content=\"Tiempo de lectura\" class=\"yoast-seo-meta-tag\" \/>\n\t<meta name=\"twitter:data2\" content=\"5 minutos\" class=\"yoast-seo-meta-tag\" \/>\n<script type=\"application\/ld+json\" class=\"yoast-schema-graph\">{\"@context\":\"https:\\\/\\\/schema.org\",\"@graph\":[{\"@type\":\"NewsArticle\",\"@id\":\"https:\\\/\\\/www.eltriangle.eu\\\/es\\\/2022\\\/06\\\/30\\\/no-todo-es-economia-idiotas\\\/#article\",\"isPartOf\":{\"@id\":\"https:\\\/\\\/www.eltriangle.eu\\\/es\\\/2022\\\/06\\\/30\\\/no-todo-es-economia-idiotas\\\/\"},\"author\":{\"name\":\"Eladi Crehuet\",\"@id\":\"https:\\\/\\\/www.eltriangle.eu\\\/es\\\/#\\\/schema\\\/person\\\/30117744ad5b2c179f1059a317f7e7b3\"},\"headline\":\"\u00a1No todo es econom\u00eda, idiotas!\",\"datePublished\":\"2022-06-30T04:00:14+00:00\",\"mainEntityOfPage\":{\"@id\":\"https:\\\/\\\/www.eltriangle.eu\\\/es\\\/2022\\\/06\\\/30\\\/no-todo-es-economia-idiotas\\\/\"},\"wordCount\":811,\"commentCount\":0,\"publisher\":{\"@id\":\"https:\\\/\\\/www.eltriangle.eu\\\/es\\\/#organization\"},\"image\":{\"@id\":\"https:\\\/\\\/www.eltriangle.eu\\\/es\\\/2022\\\/06\\\/30\\\/no-todo-es-economia-idiotas\\\/#primaryimage\"},\"thumbnailUrl\":\"https:\\\/\\\/www.eltriangle.eu\\\/wp-content\\\/uploads\\\/2022\\\/06\\\/susana-alonso-2-300x283.png\",\"articleSection\":[\"Opini\u00f3n\"],\"inLanguage\":\"es\",\"potentialAction\":[{\"@type\":\"CommentAction\",\"name\":\"Comment\",\"target\":[\"https:\\\/\\\/www.eltriangle.eu\\\/es\\\/2022\\\/06\\\/30\\\/no-todo-es-economia-idiotas\\\/#respond\"]}]},{\"@type\":\"WebPage\",\"@id\":\"https:\\\/\\\/www.eltriangle.eu\\\/es\\\/2022\\\/06\\\/30\\\/no-todo-es-economia-idiotas\\\/\",\"url\":\"https:\\\/\\\/www.eltriangle.eu\\\/es\\\/2022\\\/06\\\/30\\\/no-todo-es-economia-idiotas\\\/\",\"name\":\"\u00a1No todo es econom\u00eda, idiotas! - El Triangle\",\"isPartOf\":{\"@id\":\"https:\\\/\\\/www.eltriangle.eu\\\/es\\\/#website\"},\"primaryImageOfPage\":{\"@id\":\"https:\\\/\\\/www.eltriangle.eu\\\/es\\\/2022\\\/06\\\/30\\\/no-todo-es-economia-idiotas\\\/#primaryimage\"},\"image\":{\"@id\":\"https:\\\/\\\/www.eltriangle.eu\\\/es\\\/2022\\\/06\\\/30\\\/no-todo-es-economia-idiotas\\\/#primaryimage\"},\"thumbnailUrl\":\"https:\\\/\\\/www.eltriangle.eu\\\/wp-content\\\/uploads\\\/2022\\\/06\\\/susana-alonso-2-300x283.png\",\"datePublished\":\"2022-06-30T04:00:14+00:00\",\"description\":\"Como seguramente muchos de los lectores saben, la frase \u201cEs la econom\u00eda, est\u00fapido\u201d, que en un principio puso en circulaci\u00f3n James Carville, estratega de\",\"breadcrumb\":{\"@id\":\"https:\\\/\\\/www.eltriangle.eu\\\/es\\\/2022\\\/06\\\/30\\\/no-todo-es-economia-idiotas\\\/#breadcrumb\"},\"inLanguage\":\"es\",\"potentialAction\":[{\"@type\":\"ReadAction\",\"target\":[\"https:\\\/\\\/www.eltriangle.eu\\\/es\\\/2022\\\/06\\\/30\\\/no-todo-es-economia-idiotas\\\/\"]}]},{\"@type\":\"ImageObject\",\"inLanguage\":\"es\",\"@id\":\"https:\\\/\\\/www.eltriangle.eu\\\/es\\\/2022\\\/06\\\/30\\\/no-todo-es-economia-idiotas\\\/#primaryimage\",\"url\":\"https:\\\/\\\/www.eltriangle.eu\\\/wp-content\\\/uploads\\\/2022\\\/06\\\/susana-alonso-2-300x283.png\",\"contentUrl\":\"https:\\\/\\\/www.eltriangle.eu\\\/wp-content\\\/uploads\\\/2022\\\/06\\\/susana-alonso-2-300x283.png\"},{\"@type\":\"BreadcrumbList\",\"@id\":\"https:\\\/\\\/www.eltriangle.eu\\\/es\\\/2022\\\/06\\\/30\\\/no-todo-es-economia-idiotas\\\/#breadcrumb\",\"itemListElement\":[{\"@type\":\"ListItem\",\"position\":1,\"name\":\"Portada\",\"item\":\"https:\\\/\\\/www.eltriangle.eu\\\/es\\\/\"},{\"@type\":\"ListItem\",\"position\":2,\"name\":\"\u00a1No todo es econom\u00eda, idiotas!\"}]},{\"@type\":\"WebSite\",\"@id\":\"https:\\\/\\\/www.eltriangle.eu\\\/es\\\/#website\",\"url\":\"https:\\\/\\\/www.eltriangle.eu\\\/es\\\/\",\"name\":\"El Triangle\",\"description\":\"El Triangle \u00e9s un Diari d&#039;informaci\u00f3 general, editat a Catalunya i escrit en llengua catalana, especialitzat en investigaci\u00f3 period\u00edstica\",\"publisher\":{\"@id\":\"https:\\\/\\\/www.eltriangle.eu\\\/es\\\/#organization\"},\"potentialAction\":[{\"@type\":\"SearchAction\",\"target\":{\"@type\":\"EntryPoint\",\"urlTemplate\":\"https:\\\/\\\/www.eltriangle.eu\\\/es\\\/?s={search_term_string}\"},\"query-input\":{\"@type\":\"PropertyValueSpecification\",\"valueRequired\":true,\"valueName\":\"search_term_string\"}}],\"inLanguage\":\"es\"},{\"@type\":[\"Organization\",\"NewsMediaOrganization\"],\"@id\":\"https:\\\/\\\/www.eltriangle.eu\\\/es\\\/#organization\",\"name\":\"El Triangle\",\"url\":\"https:\\\/\\\/www.eltriangle.eu\\\/es\\\/\",\"logo\":{\"@type\":\"ImageObject\",\"inLanguage\":\"es\",\"@id\":\"https:\\\/\\\/www.eltriangle.eu\\\/es\\\/#\\\/schema\\\/logo\\\/image\\\/\",\"url\":\"https:\\\/\\\/www.eltriangle.eu\\\/wp-content\\\/uploads\\\/2020\\\/11\\\/triangle_logo-ajustado.jpg\",\"contentUrl\":\"https:\\\/\\\/www.eltriangle.eu\\\/wp-content\\\/uploads\\\/2020\\\/11\\\/triangle_logo-ajustado.jpg\",\"width\":521,\"height\":92,\"caption\":\"El Triangle\"},\"image\":{\"@id\":\"https:\\\/\\\/www.eltriangle.eu\\\/es\\\/#\\\/schema\\\/logo\\\/image\\\/\"},\"sameAs\":[\"https:\\\/\\\/www.facebook.com\\\/El-Triangle-Diari-101787399020302\",\"https:\\\/\\\/x.com\\\/El_Triangle\",\"https:\\\/\\\/www.youtube.com\\\/channel\\\/UCTIjmYEMYSpdGonuAgNhbcg\"]},{\"@type\":\"Person\",\"@id\":\"https:\\\/\\\/www.eltriangle.eu\\\/es\\\/#\\\/schema\\\/person\\\/30117744ad5b2c179f1059a317f7e7b3\",\"name\":\"Eladi Crehuet\",\"image\":{\"@type\":\"ImageObject\",\"inLanguage\":\"es\",\"@id\":\"https:\\\/\\\/www.eltriangle.eu\\\/wp-content\\\/uploads\\\/2023\\\/10\\\/whatsapp-image-2023-10-21-at-095137-96x96.jpg\",\"url\":\"https:\\\/\\\/www.eltriangle.eu\\\/wp-content\\\/uploads\\\/2023\\\/10\\\/whatsapp-image-2023-10-21-at-095137-96x96.jpg\",\"contentUrl\":\"https:\\\/\\\/www.eltriangle.eu\\\/wp-content\\\/uploads\\\/2023\\\/10\\\/whatsapp-image-2023-10-21-at-095137-96x96.jpg\",\"caption\":\"Eladi Crehuet\"},\"description\":\"Poeta i editor\",\"url\":\"https:\\\/\\\/www.eltriangle.eu\\\/es\\\/author\\\/autor-106\\\/\"},{\"@type\":\"SiteNavigationElement\",\"@id\":\"https:\\\/\\\/www.eltriangle.eu\\\/es\\\/#site-navigation\",\"cssSelector\":[\".cib-main-menu\"]},{\"@type\":\"WPHeader\",\"@id\":\"https:\\\/\\\/www.eltriangle.eu\\\/es\\\/#header\",\"cssSelector\":[\".cib-header\"]},{\"@type\":\"WPFooter\",\"@id\":\"https:\\\/\\\/www.eltriangle.eu\\\/es\\\/#footer\",\"cssSelector\":[\".cib-footer\"]}]}<\/script>\n<!-- \/ Yoast SEO plugin. -->","yoast_head_json":{"title":"\u00a1No todo es econom\u00eda, idiotas! - El Triangle","description":"Como seguramente muchos de los lectores saben, la frase \u201cEs la econom\u00eda, est\u00fapido\u201d, que en un principio puso en circulaci\u00f3n James Carville, estratega de","robots":{"index":"index","follow":"follow","max-snippet":"max-snippet:-1","max-image-preview":"max-image-preview:large","max-video-preview":"max-video-preview:-1"},"canonical":"https:\/\/www.eltriangle.eu\/es\/2022\/06\/30\/no-todo-es-economia-idiotas\/","og_locale":"es_ES","og_type":"article","og_title":"\u00a1No todo es econom\u00eda, idiotas! - El Triangle","og_description":"Como seguramente muchos de los lectores saben, la frase \u201cEs la econom\u00eda, est\u00fapido\u201d, que en un principio puso en circulaci\u00f3n James Carville, estratega de","og_url":"https:\/\/www.eltriangle.eu\/es\/2022\/06\/30\/no-todo-es-economia-idiotas\/","og_site_name":"El Triangle","article_publisher":"https:\/\/www.facebook.com\/El-Triangle-Diari-101787399020302","article_published_time":"2022-06-30T04:00:14+00:00","og_image":[{"url":"https:\/\/www.eltriangle.eu\/wp-content\/uploads\/2022\/06\/susana-alonso-2-300x283.png","type":"","width":"","height":""}],"author":"Eladi Crehuet","twitter_card":"summary_large_image","twitter_creator":"@El_Triangle","twitter_site":"@El_Triangle","twitter_misc":{"Escrito por":"Eladi Crehuet","Tiempo de lectura":"5 minutos"},"schema":{"@context":"https:\/\/schema.org","@graph":[{"@type":"NewsArticle","@id":"https:\/\/www.eltriangle.eu\/es\/2022\/06\/30\/no-todo-es-economia-idiotas\/#article","isPartOf":{"@id":"https:\/\/www.eltriangle.eu\/es\/2022\/06\/30\/no-todo-es-economia-idiotas\/"},"author":{"name":"Eladi Crehuet","@id":"https:\/\/www.eltriangle.eu\/es\/#\/schema\/person\/30117744ad5b2c179f1059a317f7e7b3"},"headline":"\u00a1No todo es econom\u00eda, idiotas!","datePublished":"2022-06-30T04:00:14+00:00","mainEntityOfPage":{"@id":"https:\/\/www.eltriangle.eu\/es\/2022\/06\/30\/no-todo-es-economia-idiotas\/"},"wordCount":811,"commentCount":0,"publisher":{"@id":"https:\/\/www.eltriangle.eu\/es\/#organization"},"image":{"@id":"https:\/\/www.eltriangle.eu\/es\/2022\/06\/30\/no-todo-es-economia-idiotas\/#primaryimage"},"thumbnailUrl":"https:\/\/www.eltriangle.eu\/wp-content\/uploads\/2022\/06\/susana-alonso-2-300x283.png","articleSection":["Opini\u00f3n"],"inLanguage":"es","potentialAction":[{"@type":"CommentAction","name":"Comment","target":["https:\/\/www.eltriangle.eu\/es\/2022\/06\/30\/no-todo-es-economia-idiotas\/#respond"]}]},{"@type":"WebPage","@id":"https:\/\/www.eltriangle.eu\/es\/2022\/06\/30\/no-todo-es-economia-idiotas\/","url":"https:\/\/www.eltriangle.eu\/es\/2022\/06\/30\/no-todo-es-economia-idiotas\/","name":"\u00a1No todo es econom\u00eda, idiotas! - El Triangle","isPartOf":{"@id":"https:\/\/www.eltriangle.eu\/es\/#website"},"primaryImageOfPage":{"@id":"https:\/\/www.eltriangle.eu\/es\/2022\/06\/30\/no-todo-es-economia-idiotas\/#primaryimage"},"image":{"@id":"https:\/\/www.eltriangle.eu\/es\/2022\/06\/30\/no-todo-es-economia-idiotas\/#primaryimage"},"thumbnailUrl":"https:\/\/www.eltriangle.eu\/wp-content\/uploads\/2022\/06\/susana-alonso-2-300x283.png","datePublished":"2022-06-30T04:00:14+00:00","description":"Como seguramente muchos de los lectores saben, la frase \u201cEs la econom\u00eda, est\u00fapido\u201d, que en un principio puso en circulaci\u00f3n James Carville, estratega de","breadcrumb":{"@id":"https:\/\/www.eltriangle.eu\/es\/2022\/06\/30\/no-todo-es-economia-idiotas\/#breadcrumb"},"inLanguage":"es","potentialAction":[{"@type":"ReadAction","target":["https:\/\/www.eltriangle.eu\/es\/2022\/06\/30\/no-todo-es-economia-idiotas\/"]}]},{"@type":"ImageObject","inLanguage":"es","@id":"https:\/\/www.eltriangle.eu\/es\/2022\/06\/30\/no-todo-es-economia-idiotas\/#primaryimage","url":"https:\/\/www.eltriangle.eu\/wp-content\/uploads\/2022\/06\/susana-alonso-2-300x283.png","contentUrl":"https:\/\/www.eltriangle.eu\/wp-content\/uploads\/2022\/06\/susana-alonso-2-300x283.png"},{"@type":"BreadcrumbList","@id":"https:\/\/www.eltriangle.eu\/es\/2022\/06\/30\/no-todo-es-economia-idiotas\/#breadcrumb","itemListElement":[{"@type":"ListItem","position":1,"name":"Portada","item":"https:\/\/www.eltriangle.eu\/es\/"},{"@type":"ListItem","position":2,"name":"\u00a1No todo es econom\u00eda, idiotas!"}]},{"@type":"WebSite","@id":"https:\/\/www.eltriangle.eu\/es\/#website","url":"https:\/\/www.eltriangle.eu\/es\/","name":"El Triangle","description":"El Triangle \u00e9s un Diari d&#039;informaci\u00f3 general, editat a Catalunya i escrit en llengua catalana, especialitzat en investigaci\u00f3 period\u00edstica","publisher":{"@id":"https:\/\/www.eltriangle.eu\/es\/#organization"},"potentialAction":[{"@type":"SearchAction","target":{"@type":"EntryPoint","urlTemplate":"https:\/\/www.eltriangle.eu\/es\/?s={search_term_string}"},"query-input":{"@type":"PropertyValueSpecification","valueRequired":true,"valueName":"search_term_string"}}],"inLanguage":"es"},{"@type":["Organization","NewsMediaOrganization"],"@id":"https:\/\/www.eltriangle.eu\/es\/#organization","name":"El Triangle","url":"https:\/\/www.eltriangle.eu\/es\/","logo":{"@type":"ImageObject","inLanguage":"es","@id":"https:\/\/www.eltriangle.eu\/es\/#\/schema\/logo\/image\/","url":"https:\/\/www.eltriangle.eu\/wp-content\/uploads\/2020\/11\/triangle_logo-ajustado.jpg","contentUrl":"https:\/\/www.eltriangle.eu\/wp-content\/uploads\/2020\/11\/triangle_logo-ajustado.jpg","width":521,"height":92,"caption":"El Triangle"},"image":{"@id":"https:\/\/www.eltriangle.eu\/es\/#\/schema\/logo\/image\/"},"sameAs":["https:\/\/www.facebook.com\/El-Triangle-Diari-101787399020302","https:\/\/x.com\/El_Triangle","https:\/\/www.youtube.com\/channel\/UCTIjmYEMYSpdGonuAgNhbcg"]},{"@type":"Person","@id":"https:\/\/www.eltriangle.eu\/es\/#\/schema\/person\/30117744ad5b2c179f1059a317f7e7b3","name":"Eladi Crehuet","image":{"@type":"ImageObject","inLanguage":"es","@id":"https:\/\/www.eltriangle.eu\/wp-content\/uploads\/2023\/10\/whatsapp-image-2023-10-21-at-095137-96x96.jpg","url":"https:\/\/www.eltriangle.eu\/wp-content\/uploads\/2023\/10\/whatsapp-image-2023-10-21-at-095137-96x96.jpg","contentUrl":"https:\/\/www.eltriangle.eu\/wp-content\/uploads\/2023\/10\/whatsapp-image-2023-10-21-at-095137-96x96.jpg","caption":"Eladi Crehuet"},"description":"Poeta i editor","url":"https:\/\/www.eltriangle.eu\/es\/author\/autor-106\/"},{"@type":"SiteNavigationElement","@id":"https:\/\/www.eltriangle.eu\/es\/#site-navigation","cssSelector":[".cib-main-menu"]},{"@type":"WPHeader","@id":"https:\/\/www.eltriangle.eu\/es\/#header","cssSelector":[".cib-header"]},{"@type":"WPFooter","@id":"https:\/\/www.eltriangle.eu\/es\/#footer","cssSelector":[".cib-footer"]}]}},"amp_enabled":true,"_links":{"self":[{"href":"https:\/\/www.eltriangle.eu\/es\/wp-json\/wp\/v2\/posts\/146643","targetHints":{"allow":["GET"]}}],"collection":[{"href":"https:\/\/www.eltriangle.eu\/es\/wp-json\/wp\/v2\/posts"}],"about":[{"href":"https:\/\/www.eltriangle.eu\/es\/wp-json\/wp\/v2\/types\/post"}],"author":[{"embeddable":true,"href":"https:\/\/www.eltriangle.eu\/es\/wp-json\/wp\/v2\/users\/36"}],"replies":[{"embeddable":true,"href":"https:\/\/www.eltriangle.eu\/es\/wp-json\/wp\/v2\/comments?post=146643"}],"version-history":[{"count":0,"href":"https:\/\/www.eltriangle.eu\/es\/wp-json\/wp\/v2\/posts\/146643\/revisions"}],"wp:attachment":[{"href":"https:\/\/www.eltriangle.eu\/es\/wp-json\/wp\/v2\/media?parent=146643"}],"wp:term":[{"taxonomy":"category","embeddable":true,"href":"https:\/\/www.eltriangle.eu\/es\/wp-json\/wp\/v2\/categories?post=146643"},{"taxonomy":"post_tag","embeddable":true,"href":"https:\/\/www.eltriangle.eu\/es\/wp-json\/wp\/v2\/tags?post=146643"}],"curies":[{"name":"wp","href":"https:\/\/api.w.org\/{rel}","templated":true}]}}