{"id":144805,"date":"2022-06-17T06:00:38","date_gmt":"2022-06-17T04:00:38","guid":{"rendered":null},"modified":"2022-06-13T22:00:03","modified_gmt":"2022-06-13T20:00:03","slug":"crisis-alimentaria","status":"publish","type":"post","link":"https:\/\/www.eltriangle.eu\/es\/2022\/06\/17\/crisis-alimentaria\/","title":{"rendered":"Crisis alimentaria"},"content":{"rendered":"<p>El sistema agroalimentario mundial est\u00e1 dando se\u00f1ales cada vez m\u00e1s claras de debilidad, debido a su dependencia de los combustibles f\u00f3siles y de las contingencias clim\u00e1ticas y geopol\u00edticas.<\/p>\n<p>Ya explicamos en un anterior art\u00edculo que China hab\u00eda cortado la exportaci\u00f3n de fertilizantes en septiembre, y que la FAO llevaba tiempo advirtiendo de la crisis alimentaria que se producir\u00eda en los meses de abril o mayo. Adem\u00e1s, la invasi\u00f3n de Rusia a Ucrania y contingencias clim\u00e1ticas como la ola de calor en la India han precipitado lo que ya se sab\u00eda y han acelerado la crisis del sistema agroalimentario mundial.<\/p>\n<p>Es sabido que en los pr\u00f3ximos a\u00f1os habr\u00e1 una ca\u00edda significativa de la producci\u00f3n de petr\u00f3leo, y que esto se debe a que las compa\u00f1\u00edas petroleras, desde 2014, redujeron sus inversiones de prospecci\u00f3n de nuevos yacimientos por el coste que supon\u00eda su extracci\u00f3n. En los pr\u00f3ximos a\u00f1os, hasta el 2025, la producci\u00f3n de este combustible f\u00f3sil del que somos tan dependientes bajar\u00e1 un 30%, seg\u00fan estimaciones fiables. Obviamente si hay una ca\u00edda tan fuerte de la producci\u00f3n de petr\u00f3leo y, por tanto, de energ\u00eda, forzosasmente debe haber un decrecimiento industrial.<\/p>\n<p>Una de las \u00e1reas m\u00e1s afectadas ser\u00e1 la industria agroalimentaria, que como todo proceso industrial es absolutamente dependiente de combustibles f\u00f3siles como el petr\u00f3leo y el gas natural. Hay que tener en cuenta que la inflaci\u00f3n por el encarecimiento del gas y del combustible ya se estaba produciendo antes de la guerra de Ucrania.<\/p>\n<p>El pasado 20 de mayo, el alto representante de la Uni\u00f3n Europea para Asuntos Exteriores y Pol\u00edtica de Seguridad, <strong>Josep Borrell<\/strong>, declar\u00f3 que en Ucrania hab\u00eda 20 millones de toneladas de grano atrapados entre el fuego de los ej\u00e9rcitos, y que se estaban buscando alternativas para encontrar v\u00edas seguras para su distribuci\u00f3n. Ucrania es uno de los pa\u00edses grandes exportadores de grano. Sus tierras negras son extraordinariamente f\u00e9rtiles y pueden alimentar a m\u00e1s de 400 millones de personas. Seg\u00fan declar\u00f3 Josep Borrell, tras la reuni\u00f3n del Consejo Europeo para el Desarrollo, en Ucrania estar\u00edan almacenados el 50% de trigo, el 40% de la cebada y el 60% de ma\u00edz previstos para consumir este verano, sobre todo en los pa\u00edses de \u00c1frica oriental, pa\u00edses que, en estos momentos, se encuentran en una situaci\u00f3n alimentaria cr\u00edtica.<\/p>\n<p>Por otra parte, la India, que se hab\u00eda ofrecido, en abril, para compensar la reducci\u00f3n de las exportaciones de alimentos causada por la invasi\u00f3n rusa, sufre actualmente una ola de calor que ha secado una parte muy importante de su cosecha, lo que ha hecho que suspenda las exportaciones para poder abastecer a sus propios ciudadanos.<\/p>\n<p>Pero el problema es estructural. Este sistema alimenticio, como de hecho todos los sistemas industriales, se ha basado hasta ahora en una energ\u00eda abundante y barata, que ha llegado ahora a su pico de producci\u00f3n. Inevitablemente ir\u00e1 bajando su producci\u00f3n, lo que causar\u00e1, seg\u00fan los expertos, el incremento de su precio e, inevitablemente, un descenso de la energ\u00eda tal y como la hemos podido disfrutar hasta ahora.<\/p>\n<p>Este modelo es un sistema globalizado que, parad\u00f3jicamente, produc\u00eda m\u00e1s alimentos de los necesarios. Una tercera parte de estos alimentos no eran consumidos y terminaban la gran mayor\u00eda en la basura, a menudo sin que se abrieran sus envases. Mientras, cada d\u00eda mueren de hambre 24.000 personas en el mundo, de las que 18.000 son ni\u00f1os o ni\u00f1as. La pregunta que surge inevitablemente es si el modelo que tenemos es eficiente. Otro ejemplo de las consecuencias de este modelo alocado es Brasil, que debido a la escasez de fertilizantes puede sufrir un considerable desabastecimiento de alimentos, aunque es uno de los grandes exportadores de soja, ma\u00edz y az\u00facar del mundo.<\/p>\n<p>El doctor en ingenier\u00eda agr\u00f3noma <strong>Jos\u00e9 Esquinas<\/strong> explica que deber\u00edamos ir a sistemas m\u00e1s diversificados y, por tanto, m\u00e1s locales, donde las cadenas de producci\u00f3n de alimentos sean m\u00e1s cortas. Diversificar estos sistemas es una forma tambi\u00e9n de protegerse, dice.<\/p>\n<p>Emplear nuevas t\u00e9cnicas de agricultura, buscar la soberan\u00eda alimentaria y recuperar las semillas y las especies locales son medidas imprescindibles para hacer frente a una din\u00e1mica en la que compramos alimentos en los supermercados que recorren 4.000 kil\u00f3metros antes de llegar a los consumidores. Esta irresponsabilidad puede producir, como hace tiempo que ya ha advertido la FAO, una crisis alimentaria de dimensiones impredecibles.<\/p>\n","protected":false},"excerpt":{"rendered":"<p>El sistema agroalimentario mundial est\u00e1 dando se\u00f1ales cada vez m\u00e1s claras de debilidad, debido a su dependencia de los combustibles f\u00f3siles y de las contingencias clim\u00e1ticas y geopol\u00edticas. Ya explicamos en un anterior art\u00edculo que China hab\u00eda cortado la exportaci\u00f3n de fertilizantes en septiembre, y que la FAO llevaba tiempo advirtiendo de la crisis alimentaria &#8230; <a title=\"Crisis alimentaria\" class=\"read-more\" href=\"https:\/\/www.eltriangle.eu\/es\/2022\/06\/17\/crisis-alimentaria\/\" aria-label=\"Leer m\u00e1s sobre Crisis alimentaria\">Leer m\u00e1s<\/a><\/p>\n","protected":false},"author":69,"featured_media":0,"comment_status":"open","ping_status":"closed","sticky":false,"template":"","format":"standard","meta":{"_acf_changed":false,"pmpro_default_level":"","footnotes":""},"categories":[10],"tags":[],"class_list":["post-144805","post","type-post","status-publish","format-standard","hentry","category-opinion","lh_instant_articles-syndicate-yes","pmpro-has-access"],"acf":[],"yoast_head":"<!-- This site is optimized with the Yoast SEO plugin v27.4 - https:\/\/yoast.com\/product\/yoast-seo-wordpress\/ -->\n<title>Crisis alimentaria - El Triangle<\/title>\n<meta name=\"description\" content=\"El sistema agroalimentario mundial est\u00e1 dando se\u00f1ales cada vez m\u00e1s claras de debilidad, debido a su dependencia de los combustibles f\u00f3siles y de las\" class=\"yoast-seo-meta-tag\" \/>\n<meta name=\"robots\" content=\"index, follow, max-snippet:-1, max-image-preview:large, max-video-preview:-1\" \/>\n<link rel=\"canonical\" href=\"https:\/\/www.eltriangle.eu\/es\/2022\/06\/17\/crisis-alimentaria\/\" class=\"yoast-seo-meta-tag\" \/>\n<meta property=\"og:locale\" content=\"es_ES\" class=\"yoast-seo-meta-tag\" \/>\n<meta property=\"og:type\" content=\"article\" class=\"yoast-seo-meta-tag\" \/>\n<meta property=\"og:title\" content=\"Crisis alimentaria - El Triangle\" class=\"yoast-seo-meta-tag\" \/>\n<meta property=\"og:description\" content=\"El sistema agroalimentario mundial est\u00e1 dando se\u00f1ales cada vez m\u00e1s claras de debilidad, debido a su dependencia de los combustibles f\u00f3siles y de las\" class=\"yoast-seo-meta-tag\" \/>\n<meta property=\"og:url\" content=\"https:\/\/www.eltriangle.eu\/es\/2022\/06\/17\/crisis-alimentaria\/\" class=\"yoast-seo-meta-tag\" \/>\n<meta property=\"og:site_name\" content=\"El Triangle\" class=\"yoast-seo-meta-tag\" \/>\n<meta property=\"article:publisher\" content=\"https:\/\/www.facebook.com\/El-Triangle-Diari-101787399020302\" class=\"yoast-seo-meta-tag\" \/>\n<meta property=\"article:published_time\" content=\"2022-06-17T04:00:38+00:00\" class=\"yoast-seo-meta-tag\" \/>\n<meta name=\"author\" content=\"Eugenio S\u00e1nchez Molina\" class=\"yoast-seo-meta-tag\" \/>\n<meta name=\"twitter:card\" content=\"summary_large_image\" class=\"yoast-seo-meta-tag\" \/>\n<meta name=\"twitter:creator\" content=\"@El_Triangle\" class=\"yoast-seo-meta-tag\" \/>\n<meta name=\"twitter:site\" content=\"@El_Triangle\" class=\"yoast-seo-meta-tag\" \/>\n<meta name=\"twitter:label1\" content=\"Escrito por\" class=\"yoast-seo-meta-tag\" \/>\n\t<meta name=\"twitter:data1\" content=\"Eugenio S\u00e1nchez Molina\" class=\"yoast-seo-meta-tag\" \/>\n\t<meta name=\"twitter:label2\" content=\"Tiempo de lectura\" class=\"yoast-seo-meta-tag\" \/>\n\t<meta name=\"twitter:data2\" content=\"4 minutos\" class=\"yoast-seo-meta-tag\" \/>\n<script type=\"application\/ld+json\" class=\"yoast-schema-graph\">{\"@context\":\"https:\\\/\\\/schema.org\",\"@graph\":[{\"@type\":\"NewsArticle\",\"@id\":\"https:\\\/\\\/www.eltriangle.eu\\\/es\\\/2022\\\/06\\\/17\\\/crisis-alimentaria\\\/#article\",\"isPartOf\":{\"@id\":\"https:\\\/\\\/www.eltriangle.eu\\\/es\\\/2022\\\/06\\\/17\\\/crisis-alimentaria\\\/\"},\"author\":{\"name\":\"Eugenio S\u00e1nchez Molina\",\"@id\":\"https:\\\/\\\/www.eltriangle.eu\\\/es\\\/#\\\/schema\\\/person\\\/27aed6410c38f432898c8bd803535037\"},\"headline\":\"Crisis alimentaria\",\"datePublished\":\"2022-06-17T04:00:38+00:00\",\"mainEntityOfPage\":{\"@id\":\"https:\\\/\\\/www.eltriangle.eu\\\/es\\\/2022\\\/06\\\/17\\\/crisis-alimentaria\\\/\"},\"wordCount\":784,\"commentCount\":0,\"publisher\":{\"@id\":\"https:\\\/\\\/www.eltriangle.eu\\\/es\\\/#organization\"},\"articleSection\":[\"Opini\u00f3n\"],\"inLanguage\":\"es\",\"potentialAction\":[{\"@type\":\"CommentAction\",\"name\":\"Comment\",\"target\":[\"https:\\\/\\\/www.eltriangle.eu\\\/es\\\/2022\\\/06\\\/17\\\/crisis-alimentaria\\\/#respond\"]}]},{\"@type\":\"WebPage\",\"@id\":\"https:\\\/\\\/www.eltriangle.eu\\\/es\\\/2022\\\/06\\\/17\\\/crisis-alimentaria\\\/\",\"url\":\"https:\\\/\\\/www.eltriangle.eu\\\/es\\\/2022\\\/06\\\/17\\\/crisis-alimentaria\\\/\",\"name\":\"Crisis alimentaria - El Triangle\",\"isPartOf\":{\"@id\":\"https:\\\/\\\/www.eltriangle.eu\\\/es\\\/#website\"},\"datePublished\":\"2022-06-17T04:00:38+00:00\",\"description\":\"El sistema agroalimentario mundial est\u00e1 dando se\u00f1ales cada vez m\u00e1s claras de debilidad, debido a su dependencia de los combustibles f\u00f3siles y de las\",\"breadcrumb\":{\"@id\":\"https:\\\/\\\/www.eltriangle.eu\\\/es\\\/2022\\\/06\\\/17\\\/crisis-alimentaria\\\/#breadcrumb\"},\"inLanguage\":\"es\",\"potentialAction\":[{\"@type\":\"ReadAction\",\"target\":[\"https:\\\/\\\/www.eltriangle.eu\\\/es\\\/2022\\\/06\\\/17\\\/crisis-alimentaria\\\/\"]}]},{\"@type\":\"BreadcrumbList\",\"@id\":\"https:\\\/\\\/www.eltriangle.eu\\\/es\\\/2022\\\/06\\\/17\\\/crisis-alimentaria\\\/#breadcrumb\",\"itemListElement\":[{\"@type\":\"ListItem\",\"position\":1,\"name\":\"Portada\",\"item\":\"https:\\\/\\\/www.eltriangle.eu\\\/es\\\/\"},{\"@type\":\"ListItem\",\"position\":2,\"name\":\"Crisis alimentaria\"}]},{\"@type\":\"WebSite\",\"@id\":\"https:\\\/\\\/www.eltriangle.eu\\\/es\\\/#website\",\"url\":\"https:\\\/\\\/www.eltriangle.eu\\\/es\\\/\",\"name\":\"El Triangle\",\"description\":\"El Triangle \u00e9s un Diari d&#039;informaci\u00f3 general, editat a Catalunya i escrit en llengua catalana, especialitzat en investigaci\u00f3 period\u00edstica\",\"publisher\":{\"@id\":\"https:\\\/\\\/www.eltriangle.eu\\\/es\\\/#organization\"},\"potentialAction\":[{\"@type\":\"SearchAction\",\"target\":{\"@type\":\"EntryPoint\",\"urlTemplate\":\"https:\\\/\\\/www.eltriangle.eu\\\/es\\\/?s={search_term_string}\"},\"query-input\":{\"@type\":\"PropertyValueSpecification\",\"valueRequired\":true,\"valueName\":\"search_term_string\"}}],\"inLanguage\":\"es\"},{\"@type\":[\"Organization\",\"NewsMediaOrganization\"],\"@id\":\"https:\\\/\\\/www.eltriangle.eu\\\/es\\\/#organization\",\"name\":\"El Triangle\",\"url\":\"https:\\\/\\\/www.eltriangle.eu\\\/es\\\/\",\"logo\":{\"@type\":\"ImageObject\",\"inLanguage\":\"es\",\"@id\":\"https:\\\/\\\/www.eltriangle.eu\\\/es\\\/#\\\/schema\\\/logo\\\/image\\\/\",\"url\":\"https:\\\/\\\/www.eltriangle.eu\\\/wp-content\\\/uploads\\\/2020\\\/11\\\/triangle_logo-ajustado.jpg\",\"contentUrl\":\"https:\\\/\\\/www.eltriangle.eu\\\/wp-content\\\/uploads\\\/2020\\\/11\\\/triangle_logo-ajustado.jpg\",\"width\":521,\"height\":92,\"caption\":\"El Triangle\"},\"image\":{\"@id\":\"https:\\\/\\\/www.eltriangle.eu\\\/es\\\/#\\\/schema\\\/logo\\\/image\\\/\"},\"sameAs\":[\"https:\\\/\\\/www.facebook.com\\\/El-Triangle-Diari-101787399020302\",\"https:\\\/\\\/x.com\\\/El_Triangle\",\"https:\\\/\\\/www.youtube.com\\\/channel\\\/UCTIjmYEMYSpdGonuAgNhbcg\"]},{\"@type\":\"Person\",\"@id\":\"https:\\\/\\\/www.eltriangle.eu\\\/es\\\/#\\\/schema\\\/person\\\/27aed6410c38f432898c8bd803535037\",\"name\":\"Eugenio S\u00e1nchez Molina\",\"image\":{\"@type\":\"ImageObject\",\"inLanguage\":\"es\",\"@id\":\"https:\\\/\\\/www.eltriangle.eu\\\/wp-content\\\/uploads\\\/2020\\\/11\\\/eugenio-sanchez-96x96.jpeg\",\"url\":\"https:\\\/\\\/www.eltriangle.eu\\\/wp-content\\\/uploads\\\/2020\\\/11\\\/eugenio-sanchez-96x96.jpeg\",\"contentUrl\":\"https:\\\/\\\/www.eltriangle.eu\\\/wp-content\\\/uploads\\\/2020\\\/11\\\/eugenio-sanchez-96x96.jpeg\",\"caption\":\"Eugenio S\u00e1nchez Molina\"},\"description\":\"Periodista\",\"url\":\"https:\\\/\\\/www.eltriangle.eu\\\/es\\\/author\\\/autor-139\\\/\"},{\"@type\":\"SiteNavigationElement\",\"@id\":\"https:\\\/\\\/www.eltriangle.eu\\\/es\\\/#site-navigation\",\"cssSelector\":[\".cib-main-menu\"]},{\"@type\":\"WPHeader\",\"@id\":\"https:\\\/\\\/www.eltriangle.eu\\\/es\\\/#header\",\"cssSelector\":[\".cib-header\"]},{\"@type\":\"WPFooter\",\"@id\":\"https:\\\/\\\/www.eltriangle.eu\\\/es\\\/#footer\",\"cssSelector\":[\".cib-footer\"]}]}<\/script>\n<!-- \/ Yoast SEO plugin. -->","yoast_head_json":{"title":"Crisis alimentaria - El Triangle","description":"El sistema agroalimentario mundial est\u00e1 dando se\u00f1ales cada vez m\u00e1s claras de debilidad, debido a su dependencia de los combustibles f\u00f3siles y de las","robots":{"index":"index","follow":"follow","max-snippet":"max-snippet:-1","max-image-preview":"max-image-preview:large","max-video-preview":"max-video-preview:-1"},"canonical":"https:\/\/www.eltriangle.eu\/es\/2022\/06\/17\/crisis-alimentaria\/","og_locale":"es_ES","og_type":"article","og_title":"Crisis alimentaria - El Triangle","og_description":"El sistema agroalimentario mundial est\u00e1 dando se\u00f1ales cada vez m\u00e1s claras de debilidad, debido a su dependencia de los combustibles f\u00f3siles y de las","og_url":"https:\/\/www.eltriangle.eu\/es\/2022\/06\/17\/crisis-alimentaria\/","og_site_name":"El Triangle","article_publisher":"https:\/\/www.facebook.com\/El-Triangle-Diari-101787399020302","article_published_time":"2022-06-17T04:00:38+00:00","author":"Eugenio S\u00e1nchez Molina","twitter_card":"summary_large_image","twitter_creator":"@El_Triangle","twitter_site":"@El_Triangle","twitter_misc":{"Escrito por":"Eugenio S\u00e1nchez Molina","Tiempo de lectura":"4 minutos"},"schema":{"@context":"https:\/\/schema.org","@graph":[{"@type":"NewsArticle","@id":"https:\/\/www.eltriangle.eu\/es\/2022\/06\/17\/crisis-alimentaria\/#article","isPartOf":{"@id":"https:\/\/www.eltriangle.eu\/es\/2022\/06\/17\/crisis-alimentaria\/"},"author":{"name":"Eugenio S\u00e1nchez Molina","@id":"https:\/\/www.eltriangle.eu\/es\/#\/schema\/person\/27aed6410c38f432898c8bd803535037"},"headline":"Crisis alimentaria","datePublished":"2022-06-17T04:00:38+00:00","mainEntityOfPage":{"@id":"https:\/\/www.eltriangle.eu\/es\/2022\/06\/17\/crisis-alimentaria\/"},"wordCount":784,"commentCount":0,"publisher":{"@id":"https:\/\/www.eltriangle.eu\/es\/#organization"},"articleSection":["Opini\u00f3n"],"inLanguage":"es","potentialAction":[{"@type":"CommentAction","name":"Comment","target":["https:\/\/www.eltriangle.eu\/es\/2022\/06\/17\/crisis-alimentaria\/#respond"]}]},{"@type":"WebPage","@id":"https:\/\/www.eltriangle.eu\/es\/2022\/06\/17\/crisis-alimentaria\/","url":"https:\/\/www.eltriangle.eu\/es\/2022\/06\/17\/crisis-alimentaria\/","name":"Crisis alimentaria - El Triangle","isPartOf":{"@id":"https:\/\/www.eltriangle.eu\/es\/#website"},"datePublished":"2022-06-17T04:00:38+00:00","description":"El sistema agroalimentario mundial est\u00e1 dando se\u00f1ales cada vez m\u00e1s claras de debilidad, debido a su dependencia de los combustibles f\u00f3siles y de las","breadcrumb":{"@id":"https:\/\/www.eltriangle.eu\/es\/2022\/06\/17\/crisis-alimentaria\/#breadcrumb"},"inLanguage":"es","potentialAction":[{"@type":"ReadAction","target":["https:\/\/www.eltriangle.eu\/es\/2022\/06\/17\/crisis-alimentaria\/"]}]},{"@type":"BreadcrumbList","@id":"https:\/\/www.eltriangle.eu\/es\/2022\/06\/17\/crisis-alimentaria\/#breadcrumb","itemListElement":[{"@type":"ListItem","position":1,"name":"Portada","item":"https:\/\/www.eltriangle.eu\/es\/"},{"@type":"ListItem","position":2,"name":"Crisis alimentaria"}]},{"@type":"WebSite","@id":"https:\/\/www.eltriangle.eu\/es\/#website","url":"https:\/\/www.eltriangle.eu\/es\/","name":"El Triangle","description":"El Triangle \u00e9s un Diari d&#039;informaci\u00f3 general, editat a Catalunya i escrit en llengua catalana, especialitzat en investigaci\u00f3 period\u00edstica","publisher":{"@id":"https:\/\/www.eltriangle.eu\/es\/#organization"},"potentialAction":[{"@type":"SearchAction","target":{"@type":"EntryPoint","urlTemplate":"https:\/\/www.eltriangle.eu\/es\/?s={search_term_string}"},"query-input":{"@type":"PropertyValueSpecification","valueRequired":true,"valueName":"search_term_string"}}],"inLanguage":"es"},{"@type":["Organization","NewsMediaOrganization"],"@id":"https:\/\/www.eltriangle.eu\/es\/#organization","name":"El Triangle","url":"https:\/\/www.eltriangle.eu\/es\/","logo":{"@type":"ImageObject","inLanguage":"es","@id":"https:\/\/www.eltriangle.eu\/es\/#\/schema\/logo\/image\/","url":"https:\/\/www.eltriangle.eu\/wp-content\/uploads\/2020\/11\/triangle_logo-ajustado.jpg","contentUrl":"https:\/\/www.eltriangle.eu\/wp-content\/uploads\/2020\/11\/triangle_logo-ajustado.jpg","width":521,"height":92,"caption":"El Triangle"},"image":{"@id":"https:\/\/www.eltriangle.eu\/es\/#\/schema\/logo\/image\/"},"sameAs":["https:\/\/www.facebook.com\/El-Triangle-Diari-101787399020302","https:\/\/x.com\/El_Triangle","https:\/\/www.youtube.com\/channel\/UCTIjmYEMYSpdGonuAgNhbcg"]},{"@type":"Person","@id":"https:\/\/www.eltriangle.eu\/es\/#\/schema\/person\/27aed6410c38f432898c8bd803535037","name":"Eugenio S\u00e1nchez Molina","image":{"@type":"ImageObject","inLanguage":"es","@id":"https:\/\/www.eltriangle.eu\/wp-content\/uploads\/2020\/11\/eugenio-sanchez-96x96.jpeg","url":"https:\/\/www.eltriangle.eu\/wp-content\/uploads\/2020\/11\/eugenio-sanchez-96x96.jpeg","contentUrl":"https:\/\/www.eltriangle.eu\/wp-content\/uploads\/2020\/11\/eugenio-sanchez-96x96.jpeg","caption":"Eugenio S\u00e1nchez Molina"},"description":"Periodista","url":"https:\/\/www.eltriangle.eu\/es\/author\/autor-139\/"},{"@type":"SiteNavigationElement","@id":"https:\/\/www.eltriangle.eu\/es\/#site-navigation","cssSelector":[".cib-main-menu"]},{"@type":"WPHeader","@id":"https:\/\/www.eltriangle.eu\/es\/#header","cssSelector":[".cib-header"]},{"@type":"WPFooter","@id":"https:\/\/www.eltriangle.eu\/es\/#footer","cssSelector":[".cib-footer"]}]}},"amp_enabled":true,"_links":{"self":[{"href":"https:\/\/www.eltriangle.eu\/es\/wp-json\/wp\/v2\/posts\/144805","targetHints":{"allow":["GET"]}}],"collection":[{"href":"https:\/\/www.eltriangle.eu\/es\/wp-json\/wp\/v2\/posts"}],"about":[{"href":"https:\/\/www.eltriangle.eu\/es\/wp-json\/wp\/v2\/types\/post"}],"author":[{"embeddable":true,"href":"https:\/\/www.eltriangle.eu\/es\/wp-json\/wp\/v2\/users\/69"}],"replies":[{"embeddable":true,"href":"https:\/\/www.eltriangle.eu\/es\/wp-json\/wp\/v2\/comments?post=144805"}],"version-history":[{"count":0,"href":"https:\/\/www.eltriangle.eu\/es\/wp-json\/wp\/v2\/posts\/144805\/revisions"}],"wp:attachment":[{"href":"https:\/\/www.eltriangle.eu\/es\/wp-json\/wp\/v2\/media?parent=144805"}],"wp:term":[{"taxonomy":"category","embeddable":true,"href":"https:\/\/www.eltriangle.eu\/es\/wp-json\/wp\/v2\/categories?post=144805"},{"taxonomy":"post_tag","embeddable":true,"href":"https:\/\/www.eltriangle.eu\/es\/wp-json\/wp\/v2\/tags?post=144805"}],"curies":[{"name":"wp","href":"https:\/\/api.w.org\/{rel}","templated":true}]}}