{"id":139059,"date":"2022-04-28T19:38:06","date_gmt":"2022-04-28T17:38:06","guid":{"rendered":null},"modified":"2022-04-28T19:38:06","modified_gmt":"2022-04-28T17:38:06","slug":"la-eurocamara-debatira-en-el-proximo-pleno-el-espionaje-politico-con-pegasus","status":"publish","type":"post","link":"https:\/\/www.eltriangle.eu\/es\/2022\/04\/28\/la-eurocamara-debatira-en-el-proximo-pleno-el-espionaje-politico-con-pegasus\/","title":{"rendered":"La Euroc\u00e1mara debatir\u00e1 en el pr\u00f3ximo pleno el espionaje pol\u00edtico con Pegasus"},"content":{"rendered":"<p><strong>El Parlamento Europeo debatir\u00e1 en el pleno en Estrasburgo de la pr\u00f3xima semana el espionaje pol\u00edtico con el programa Pegasus<\/strong>. Se acepta as\u00ed la petici\u00f3n de dos eurodiputados que presuntamente han sido v\u00edctimas del espionaje:<strong> Diana Riba<\/strong> y <strong>Jordi Sol\u00e9<\/strong>, ambos de ERC, que forman parte del Grupo de los Verdes-Alianza Libre Europea.<\/p>\n<p>Bajo el t\u00edtulo \u00abUso del software Pegasus por Estados miembros contra individuos, incluyendo eurodiputados, y la violaci\u00f3n de derechos fundamentales\u00bb, el debate se celebrar\u00e1 el mi\u00e9rcoles, d\u00eda 4, a partir de las tres de la tarde, bajo un formato llamado \u00abdebate tem\u00e1tico\u00bb, con el que los siete grupos pol\u00edticos se turnan para elegir en cada pleno un asunto de actualidad sobre el que celebrar un debate sin resoluci\u00f3n.<\/p>\n<p>Aunque no ten\u00eda un apoyo mayoritario del resto de grupos, en esta ocasi\u00f3n era el turno de Los Verdes para elegir el debate tem\u00e1tico, por lo que su propuesta ha prosperado sin necesidad de ning\u00fan debate.<\/p>\n<p>La Euroc\u00e1mara ha seguido de cerca la pol\u00e9mica y ya ha puesto en marcha la comisi\u00f3n de investigaci\u00f3n sobre el uso de este programa, creada despu\u00e9s de las primeras revelaciones. Adem\u00e1s, el Parlamento Europeo ha ofrecido a los eurodiputados un servicio para detectar si el software de espionaje les ha infectado a los tel\u00e9fonos m\u00f3viles.<\/p>\n","protected":false},"excerpt":{"rendered":"<p>El Parlamento Europeo debatir\u00e1 en el pleno en Estrasburgo de la pr\u00f3xima semana el espionaje pol\u00edtico con el programa Pegasus. Se acepta as\u00ed la petici\u00f3n de dos eurodiputados que presuntamente han sido v\u00edctimas del espionaje: Diana Riba y Jordi Sol\u00e9, ambos de ERC, que forman parte del Grupo de los Verdes-Alianza Libre Europea. Bajo el &#8230; <a title=\"La Euroc\u00e1mara debatir\u00e1 en el pr\u00f3ximo pleno el espionaje pol\u00edtico con Pegasus\" class=\"read-more\" href=\"https:\/\/www.eltriangle.eu\/es\/2022\/04\/28\/la-eurocamara-debatira-en-el-proximo-pleno-el-espionaje-politico-con-pegasus\/\" aria-label=\"Leer m\u00e1s sobre La Euroc\u00e1mara debatir\u00e1 en el pr\u00f3ximo pleno el espionaje pol\u00edtico con Pegasus\">Leer m\u00e1s<\/a><\/p>\n","protected":false},"author":97,"featured_media":28128,"comment_status":"open","ping_status":"closed","sticky":false,"template":"","format":"standard","meta":{"_acf_changed":false,"pmpro_default_level":"","footnotes":""},"categories":[24,74],"tags":[1749,277],"class_list":["post-139059","post","type-post","status-publish","format-standard","has-post-thumbnail","hentry","category-actualidad","category-poderes","tag-caso-pegasus","tag-parlamento-europeo","lh_instant_articles-syndicate-yes","pmpro-has-access"],"acf":[],"yoast_head":"<!-- This site is optimized with the Yoast SEO plugin v27.4 - https:\/\/yoast.com\/product\/yoast-seo-wordpress\/ -->\n<title>La Euroc\u00e1mara debatir\u00e1 en el pr\u00f3ximo pleno el espionaje pol\u00edtico con Pegasus - El Triangle<\/title>\n<meta name=\"description\" content=\"El Parlamento Europeo debatir\u00e1 en el pleno en Estrasburgo de la pr\u00f3xima semana el espionaje pol\u00edtico con el programa Pegasus. Se acepta as\u00ed la petici\u00f3n de\" class=\"yoast-seo-meta-tag\" \/>\n<meta name=\"robots\" content=\"index, follow, max-snippet:-1, max-image-preview:large, max-video-preview:-1\" \/>\n<link rel=\"canonical\" href=\"https:\/\/www.eltriangle.eu\/es\/2022\/04\/28\/la-eurocamara-debatira-en-el-proximo-pleno-el-espionaje-politico-con-pegasus\/\" class=\"yoast-seo-meta-tag\" \/>\n<meta property=\"og:locale\" content=\"es_ES\" class=\"yoast-seo-meta-tag\" \/>\n<meta property=\"og:type\" content=\"article\" class=\"yoast-seo-meta-tag\" \/>\n<meta property=\"og:title\" content=\"La Euroc\u00e1mara debatir\u00e1 en el pr\u00f3ximo pleno el espionaje pol\u00edtico con Pegasus - El Triangle\" class=\"yoast-seo-meta-tag\" \/>\n<meta property=\"og:description\" content=\"El Parlamento Europeo debatir\u00e1 en el pleno en Estrasburgo de la pr\u00f3xima semana el espionaje pol\u00edtico con el programa Pegasus. Se acepta as\u00ed la petici\u00f3n de\" class=\"yoast-seo-meta-tag\" \/>\n<meta property=\"og:url\" content=\"https:\/\/www.eltriangle.eu\/es\/2022\/04\/28\/la-eurocamara-debatira-en-el-proximo-pleno-el-espionaje-politico-con-pegasus\/\" class=\"yoast-seo-meta-tag\" \/>\n<meta property=\"og:site_name\" content=\"El Triangle\" class=\"yoast-seo-meta-tag\" \/>\n<meta property=\"article:publisher\" content=\"https:\/\/www.facebook.com\/El-Triangle-Diari-101787399020302\" class=\"yoast-seo-meta-tag\" \/>\n<meta property=\"article:published_time\" content=\"2022-04-28T17:38:06+00:00\" class=\"yoast-seo-meta-tag\" \/>\n<meta property=\"og:image\" content=\"https:\/\/www.eltriangle.eu\/wp-content\/uploads\/2020\/11\/20181024-636759844854464225-20181024133158699-knig-u452568749380ylf-992x558atlavanguardia-web.jpeg\" class=\"yoast-seo-meta-tag\" \/>\n\t<meta property=\"og:image:width\" content=\"491\" class=\"yoast-seo-meta-tag\" \/>\n\t<meta property=\"og:image:height\" content=\"276\" class=\"yoast-seo-meta-tag\" \/>\n\t<meta property=\"og:image:type\" content=\"image\/jpeg\" class=\"yoast-seo-meta-tag\" \/>\n<meta name=\"author\" content=\"xavier\" class=\"yoast-seo-meta-tag\" \/>\n<meta name=\"twitter:card\" content=\"summary_large_image\" class=\"yoast-seo-meta-tag\" \/>\n<meta name=\"twitter:creator\" content=\"@El_Triangle\" class=\"yoast-seo-meta-tag\" \/>\n<meta name=\"twitter:site\" content=\"@El_Triangle\" class=\"yoast-seo-meta-tag\" \/>\n<meta name=\"twitter:label1\" content=\"Escrito por\" class=\"yoast-seo-meta-tag\" \/>\n\t<meta name=\"twitter:data1\" content=\"xavier\" class=\"yoast-seo-meta-tag\" \/>\n\t<meta name=\"twitter:label2\" content=\"Tiempo de lectura\" class=\"yoast-seo-meta-tag\" \/>\n\t<meta name=\"twitter:data2\" content=\"1 minuto\" class=\"yoast-seo-meta-tag\" \/>\n<script type=\"application\/ld+json\" class=\"yoast-schema-graph\">{\"@context\":\"https:\\\/\\\/schema.org\",\"@graph\":[{\"@type\":\"NewsArticle\",\"@id\":\"https:\\\/\\\/www.eltriangle.eu\\\/es\\\/2022\\\/04\\\/28\\\/la-eurocamara-debatira-en-el-proximo-pleno-el-espionaje-politico-con-pegasus\\\/#article\",\"isPartOf\":{\"@id\":\"https:\\\/\\\/www.eltriangle.eu\\\/es\\\/2022\\\/04\\\/28\\\/la-eurocamara-debatira-en-el-proximo-pleno-el-espionaje-politico-con-pegasus\\\/\"},\"author\":{\"name\":\"xavier\",\"@id\":\"https:\\\/\\\/www.eltriangle.eu\\\/es\\\/#\\\/schema\\\/person\\\/df9cb61ef0b061092c35cf7a8636dfc6\"},\"headline\":\"La Euroc\u00e1mara debatir\u00e1 en el pr\u00f3ximo pleno el espionaje pol\u00edtico con Pegasus\",\"datePublished\":\"2022-04-28T17:38:06+00:00\",\"mainEntityOfPage\":{\"@id\":\"https:\\\/\\\/www.eltriangle.eu\\\/es\\\/2022\\\/04\\\/28\\\/la-eurocamara-debatira-en-el-proximo-pleno-el-espionaje-politico-con-pegasus\\\/\"},\"wordCount\":249,\"commentCount\":0,\"publisher\":{\"@id\":\"https:\\\/\\\/www.eltriangle.eu\\\/es\\\/#organization\"},\"image\":{\"@id\":\"https:\\\/\\\/www.eltriangle.eu\\\/es\\\/2022\\\/04\\\/28\\\/la-eurocamara-debatira-en-el-proximo-pleno-el-espionaje-politico-con-pegasus\\\/#primaryimage\"},\"thumbnailUrl\":\"https:\\\/\\\/www.eltriangle.eu\\\/wp-content\\\/uploads\\\/2020\\\/11\\\/20181024-636759844854464225-20181024133158699-knig-u452568749380ylf-992x558atlavanguardia-web.jpeg\",\"keywords\":[\"Caso Pegasus\",\"Parlamento Europeo\"],\"articleSection\":[\"Actualidad\",\"Poderes\"],\"inLanguage\":\"es\",\"potentialAction\":[{\"@type\":\"CommentAction\",\"name\":\"Comment\",\"target\":[\"https:\\\/\\\/www.eltriangle.eu\\\/es\\\/2022\\\/04\\\/28\\\/la-eurocamara-debatira-en-el-proximo-pleno-el-espionaje-politico-con-pegasus\\\/#respond\"]}]},{\"@type\":\"WebPage\",\"@id\":\"https:\\\/\\\/www.eltriangle.eu\\\/es\\\/2022\\\/04\\\/28\\\/la-eurocamara-debatira-en-el-proximo-pleno-el-espionaje-politico-con-pegasus\\\/\",\"url\":\"https:\\\/\\\/www.eltriangle.eu\\\/es\\\/2022\\\/04\\\/28\\\/la-eurocamara-debatira-en-el-proximo-pleno-el-espionaje-politico-con-pegasus\\\/\",\"name\":\"La Euroc\u00e1mara debatir\u00e1 en el pr\u00f3ximo pleno el espionaje pol\u00edtico con Pegasus - El Triangle\",\"isPartOf\":{\"@id\":\"https:\\\/\\\/www.eltriangle.eu\\\/es\\\/#website\"},\"primaryImageOfPage\":{\"@id\":\"https:\\\/\\\/www.eltriangle.eu\\\/es\\\/2022\\\/04\\\/28\\\/la-eurocamara-debatira-en-el-proximo-pleno-el-espionaje-politico-con-pegasus\\\/#primaryimage\"},\"image\":{\"@id\":\"https:\\\/\\\/www.eltriangle.eu\\\/es\\\/2022\\\/04\\\/28\\\/la-eurocamara-debatira-en-el-proximo-pleno-el-espionaje-politico-con-pegasus\\\/#primaryimage\"},\"thumbnailUrl\":\"https:\\\/\\\/www.eltriangle.eu\\\/wp-content\\\/uploads\\\/2020\\\/11\\\/20181024-636759844854464225-20181024133158699-knig-u452568749380ylf-992x558atlavanguardia-web.jpeg\",\"datePublished\":\"2022-04-28T17:38:06+00:00\",\"description\":\"El Parlamento Europeo debatir\u00e1 en el pleno en Estrasburgo de la pr\u00f3xima semana el espionaje pol\u00edtico con el programa Pegasus. Se acepta as\u00ed la petici\u00f3n de\",\"breadcrumb\":{\"@id\":\"https:\\\/\\\/www.eltriangle.eu\\\/es\\\/2022\\\/04\\\/28\\\/la-eurocamara-debatira-en-el-proximo-pleno-el-espionaje-politico-con-pegasus\\\/#breadcrumb\"},\"inLanguage\":\"es\",\"potentialAction\":[{\"@type\":\"ReadAction\",\"target\":[\"https:\\\/\\\/www.eltriangle.eu\\\/es\\\/2022\\\/04\\\/28\\\/la-eurocamara-debatira-en-el-proximo-pleno-el-espionaje-politico-con-pegasus\\\/\"]}]},{\"@type\":\"ImageObject\",\"inLanguage\":\"es\",\"@id\":\"https:\\\/\\\/www.eltriangle.eu\\\/es\\\/2022\\\/04\\\/28\\\/la-eurocamara-debatira-en-el-proximo-pleno-el-espionaje-politico-con-pegasus\\\/#primaryimage\",\"url\":\"https:\\\/\\\/www.eltriangle.eu\\\/wp-content\\\/uploads\\\/2020\\\/11\\\/20181024-636759844854464225-20181024133158699-knig-u452568749380ylf-992x558atlavanguardia-web.jpeg\",\"contentUrl\":\"https:\\\/\\\/www.eltriangle.eu\\\/wp-content\\\/uploads\\\/2020\\\/11\\\/20181024-636759844854464225-20181024133158699-knig-u452568749380ylf-992x558atlavanguardia-web.jpeg\",\"width\":491,\"height\":276,\"caption\":\"Parlamento Europeo\"},{\"@type\":\"BreadcrumbList\",\"@id\":\"https:\\\/\\\/www.eltriangle.eu\\\/es\\\/2022\\\/04\\\/28\\\/la-eurocamara-debatira-en-el-proximo-pleno-el-espionaje-politico-con-pegasus\\\/#breadcrumb\",\"itemListElement\":[{\"@type\":\"ListItem\",\"position\":1,\"name\":\"Portada\",\"item\":\"https:\\\/\\\/www.eltriangle.eu\\\/es\\\/\"},{\"@type\":\"ListItem\",\"position\":2,\"name\":\"La Euroc\u00e1mara debatir\u00e1 en el pr\u00f3ximo pleno el espionaje pol\u00edtico con Pegasus\"}]},{\"@type\":\"WebSite\",\"@id\":\"https:\\\/\\\/www.eltriangle.eu\\\/es\\\/#website\",\"url\":\"https:\\\/\\\/www.eltriangle.eu\\\/es\\\/\",\"name\":\"El Triangle\",\"description\":\"El Triangle \u00e9s un Diari d&#039;informaci\u00f3 general, editat a Catalunya i escrit en llengua catalana, especialitzat en investigaci\u00f3 period\u00edstica\",\"publisher\":{\"@id\":\"https:\\\/\\\/www.eltriangle.eu\\\/es\\\/#organization\"},\"potentialAction\":[{\"@type\":\"SearchAction\",\"target\":{\"@type\":\"EntryPoint\",\"urlTemplate\":\"https:\\\/\\\/www.eltriangle.eu\\\/es\\\/?s={search_term_string}\"},\"query-input\":{\"@type\":\"PropertyValueSpecification\",\"valueRequired\":true,\"valueName\":\"search_term_string\"}}],\"inLanguage\":\"es\"},{\"@type\":[\"Organization\",\"NewsMediaOrganization\"],\"@id\":\"https:\\\/\\\/www.eltriangle.eu\\\/es\\\/#organization\",\"name\":\"El Triangle\",\"url\":\"https:\\\/\\\/www.eltriangle.eu\\\/es\\\/\",\"logo\":{\"@type\":\"ImageObject\",\"inLanguage\":\"es\",\"@id\":\"https:\\\/\\\/www.eltriangle.eu\\\/es\\\/#\\\/schema\\\/logo\\\/image\\\/\",\"url\":\"https:\\\/\\\/www.eltriangle.eu\\\/wp-content\\\/uploads\\\/2020\\\/11\\\/triangle_logo-ajustado.jpg\",\"contentUrl\":\"https:\\\/\\\/www.eltriangle.eu\\\/wp-content\\\/uploads\\\/2020\\\/11\\\/triangle_logo-ajustado.jpg\",\"width\":521,\"height\":92,\"caption\":\"El Triangle\"},\"image\":{\"@id\":\"https:\\\/\\\/www.eltriangle.eu\\\/es\\\/#\\\/schema\\\/logo\\\/image\\\/\"},\"sameAs\":[\"https:\\\/\\\/www.facebook.com\\\/El-Triangle-Diari-101787399020302\",\"https:\\\/\\\/x.com\\\/El_Triangle\",\"https:\\\/\\\/www.youtube.com\\\/channel\\\/UCTIjmYEMYSpdGonuAgNhbcg\"]},{\"@type\":\"Person\",\"@id\":\"https:\\\/\\\/www.eltriangle.eu\\\/es\\\/#\\\/schema\\\/person\\\/df9cb61ef0b061092c35cf7a8636dfc6\",\"name\":\"xavier\",\"image\":{\"@type\":\"ImageObject\",\"inLanguage\":\"es\",\"@id\":\"\\\/\\\/www.gravatar.com\\\/avatar\\\/70cc50ebe4287089b363a6a3c8fa3e72?s=96&#038;r=g&#038;d=mm\",\"url\":\"\\\/\\\/www.gravatar.com\\\/avatar\\\/70cc50ebe4287089b363a6a3c8fa3e72?s=96&#038;r=g&#038;d=mm\",\"contentUrl\":\"\\\/\\\/www.gravatar.com\\\/avatar\\\/70cc50ebe4287089b363a6a3c8fa3e72?s=96&#038;r=g&#038;d=mm\",\"caption\":\"xavier\"},\"url\":\"https:\\\/\\\/www.eltriangle.eu\\\/es\\\/author\\\/xavier\\\/\"},{\"@type\":\"SiteNavigationElement\",\"@id\":\"https:\\\/\\\/www.eltriangle.eu\\\/es\\\/#site-navigation\",\"cssSelector\":[\".cib-main-menu\"]},{\"@type\":\"WPHeader\",\"@id\":\"https:\\\/\\\/www.eltriangle.eu\\\/es\\\/#header\",\"cssSelector\":[\".cib-header\"]},{\"@type\":\"WPFooter\",\"@id\":\"https:\\\/\\\/www.eltriangle.eu\\\/es\\\/#footer\",\"cssSelector\":[\".cib-footer\"]}]}<\/script>\n<!-- \/ Yoast SEO plugin. -->","yoast_head_json":{"title":"La Euroc\u00e1mara debatir\u00e1 en el pr\u00f3ximo pleno el espionaje pol\u00edtico con Pegasus - El Triangle","description":"El Parlamento Europeo debatir\u00e1 en el pleno en Estrasburgo de la pr\u00f3xima semana el espionaje pol\u00edtico con el programa Pegasus. Se acepta as\u00ed la petici\u00f3n de","robots":{"index":"index","follow":"follow","max-snippet":"max-snippet:-1","max-image-preview":"max-image-preview:large","max-video-preview":"max-video-preview:-1"},"canonical":"https:\/\/www.eltriangle.eu\/es\/2022\/04\/28\/la-eurocamara-debatira-en-el-proximo-pleno-el-espionaje-politico-con-pegasus\/","og_locale":"es_ES","og_type":"article","og_title":"La Euroc\u00e1mara debatir\u00e1 en el pr\u00f3ximo pleno el espionaje pol\u00edtico con Pegasus - El Triangle","og_description":"El Parlamento Europeo debatir\u00e1 en el pleno en Estrasburgo de la pr\u00f3xima semana el espionaje pol\u00edtico con el programa Pegasus. Se acepta as\u00ed la petici\u00f3n de","og_url":"https:\/\/www.eltriangle.eu\/es\/2022\/04\/28\/la-eurocamara-debatira-en-el-proximo-pleno-el-espionaje-politico-con-pegasus\/","og_site_name":"El Triangle","article_publisher":"https:\/\/www.facebook.com\/El-Triangle-Diari-101787399020302","article_published_time":"2022-04-28T17:38:06+00:00","og_image":[{"width":491,"height":276,"url":"https:\/\/www.eltriangle.eu\/wp-content\/uploads\/2020\/11\/20181024-636759844854464225-20181024133158699-knig-u452568749380ylf-992x558atlavanguardia-web.jpeg","type":"image\/jpeg"}],"author":"xavier","twitter_card":"summary_large_image","twitter_creator":"@El_Triangle","twitter_site":"@El_Triangle","twitter_misc":{"Escrito por":"xavier","Tiempo de lectura":"1 minuto"},"schema":{"@context":"https:\/\/schema.org","@graph":[{"@type":"NewsArticle","@id":"https:\/\/www.eltriangle.eu\/es\/2022\/04\/28\/la-eurocamara-debatira-en-el-proximo-pleno-el-espionaje-politico-con-pegasus\/#article","isPartOf":{"@id":"https:\/\/www.eltriangle.eu\/es\/2022\/04\/28\/la-eurocamara-debatira-en-el-proximo-pleno-el-espionaje-politico-con-pegasus\/"},"author":{"name":"xavier","@id":"https:\/\/www.eltriangle.eu\/es\/#\/schema\/person\/df9cb61ef0b061092c35cf7a8636dfc6"},"headline":"La Euroc\u00e1mara debatir\u00e1 en el pr\u00f3ximo pleno el espionaje pol\u00edtico con Pegasus","datePublished":"2022-04-28T17:38:06+00:00","mainEntityOfPage":{"@id":"https:\/\/www.eltriangle.eu\/es\/2022\/04\/28\/la-eurocamara-debatira-en-el-proximo-pleno-el-espionaje-politico-con-pegasus\/"},"wordCount":249,"commentCount":0,"publisher":{"@id":"https:\/\/www.eltriangle.eu\/es\/#organization"},"image":{"@id":"https:\/\/www.eltriangle.eu\/es\/2022\/04\/28\/la-eurocamara-debatira-en-el-proximo-pleno-el-espionaje-politico-con-pegasus\/#primaryimage"},"thumbnailUrl":"https:\/\/www.eltriangle.eu\/wp-content\/uploads\/2020\/11\/20181024-636759844854464225-20181024133158699-knig-u452568749380ylf-992x558atlavanguardia-web.jpeg","keywords":["Caso Pegasus","Parlamento Europeo"],"articleSection":["Actualidad","Poderes"],"inLanguage":"es","potentialAction":[{"@type":"CommentAction","name":"Comment","target":["https:\/\/www.eltriangle.eu\/es\/2022\/04\/28\/la-eurocamara-debatira-en-el-proximo-pleno-el-espionaje-politico-con-pegasus\/#respond"]}]},{"@type":"WebPage","@id":"https:\/\/www.eltriangle.eu\/es\/2022\/04\/28\/la-eurocamara-debatira-en-el-proximo-pleno-el-espionaje-politico-con-pegasus\/","url":"https:\/\/www.eltriangle.eu\/es\/2022\/04\/28\/la-eurocamara-debatira-en-el-proximo-pleno-el-espionaje-politico-con-pegasus\/","name":"La Euroc\u00e1mara debatir\u00e1 en el pr\u00f3ximo pleno el espionaje pol\u00edtico con Pegasus - El Triangle","isPartOf":{"@id":"https:\/\/www.eltriangle.eu\/es\/#website"},"primaryImageOfPage":{"@id":"https:\/\/www.eltriangle.eu\/es\/2022\/04\/28\/la-eurocamara-debatira-en-el-proximo-pleno-el-espionaje-politico-con-pegasus\/#primaryimage"},"image":{"@id":"https:\/\/www.eltriangle.eu\/es\/2022\/04\/28\/la-eurocamara-debatira-en-el-proximo-pleno-el-espionaje-politico-con-pegasus\/#primaryimage"},"thumbnailUrl":"https:\/\/www.eltriangle.eu\/wp-content\/uploads\/2020\/11\/20181024-636759844854464225-20181024133158699-knig-u452568749380ylf-992x558atlavanguardia-web.jpeg","datePublished":"2022-04-28T17:38:06+00:00","description":"El Parlamento Europeo debatir\u00e1 en el pleno en Estrasburgo de la pr\u00f3xima semana el espionaje pol\u00edtico con el programa Pegasus. Se acepta as\u00ed la petici\u00f3n de","breadcrumb":{"@id":"https:\/\/www.eltriangle.eu\/es\/2022\/04\/28\/la-eurocamara-debatira-en-el-proximo-pleno-el-espionaje-politico-con-pegasus\/#breadcrumb"},"inLanguage":"es","potentialAction":[{"@type":"ReadAction","target":["https:\/\/www.eltriangle.eu\/es\/2022\/04\/28\/la-eurocamara-debatira-en-el-proximo-pleno-el-espionaje-politico-con-pegasus\/"]}]},{"@type":"ImageObject","inLanguage":"es","@id":"https:\/\/www.eltriangle.eu\/es\/2022\/04\/28\/la-eurocamara-debatira-en-el-proximo-pleno-el-espionaje-politico-con-pegasus\/#primaryimage","url":"https:\/\/www.eltriangle.eu\/wp-content\/uploads\/2020\/11\/20181024-636759844854464225-20181024133158699-knig-u452568749380ylf-992x558atlavanguardia-web.jpeg","contentUrl":"https:\/\/www.eltriangle.eu\/wp-content\/uploads\/2020\/11\/20181024-636759844854464225-20181024133158699-knig-u452568749380ylf-992x558atlavanguardia-web.jpeg","width":491,"height":276,"caption":"Parlamento Europeo"},{"@type":"BreadcrumbList","@id":"https:\/\/www.eltriangle.eu\/es\/2022\/04\/28\/la-eurocamara-debatira-en-el-proximo-pleno-el-espionaje-politico-con-pegasus\/#breadcrumb","itemListElement":[{"@type":"ListItem","position":1,"name":"Portada","item":"https:\/\/www.eltriangle.eu\/es\/"},{"@type":"ListItem","position":2,"name":"La Euroc\u00e1mara debatir\u00e1 en el pr\u00f3ximo pleno el espionaje pol\u00edtico con Pegasus"}]},{"@type":"WebSite","@id":"https:\/\/www.eltriangle.eu\/es\/#website","url":"https:\/\/www.eltriangle.eu\/es\/","name":"El Triangle","description":"El Triangle \u00e9s un Diari d&#039;informaci\u00f3 general, editat a Catalunya i escrit en llengua catalana, especialitzat en investigaci\u00f3 period\u00edstica","publisher":{"@id":"https:\/\/www.eltriangle.eu\/es\/#organization"},"potentialAction":[{"@type":"SearchAction","target":{"@type":"EntryPoint","urlTemplate":"https:\/\/www.eltriangle.eu\/es\/?s={search_term_string}"},"query-input":{"@type":"PropertyValueSpecification","valueRequired":true,"valueName":"search_term_string"}}],"inLanguage":"es"},{"@type":["Organization","NewsMediaOrganization"],"@id":"https:\/\/www.eltriangle.eu\/es\/#organization","name":"El Triangle","url":"https:\/\/www.eltriangle.eu\/es\/","logo":{"@type":"ImageObject","inLanguage":"es","@id":"https:\/\/www.eltriangle.eu\/es\/#\/schema\/logo\/image\/","url":"https:\/\/www.eltriangle.eu\/wp-content\/uploads\/2020\/11\/triangle_logo-ajustado.jpg","contentUrl":"https:\/\/www.eltriangle.eu\/wp-content\/uploads\/2020\/11\/triangle_logo-ajustado.jpg","width":521,"height":92,"caption":"El Triangle"},"image":{"@id":"https:\/\/www.eltriangle.eu\/es\/#\/schema\/logo\/image\/"},"sameAs":["https:\/\/www.facebook.com\/El-Triangle-Diari-101787399020302","https:\/\/x.com\/El_Triangle","https:\/\/www.youtube.com\/channel\/UCTIjmYEMYSpdGonuAgNhbcg"]},{"@type":"Person","@id":"https:\/\/www.eltriangle.eu\/es\/#\/schema\/person\/df9cb61ef0b061092c35cf7a8636dfc6","name":"xavier","image":{"@type":"ImageObject","inLanguage":"es","@id":"\/\/www.gravatar.com\/avatar\/70cc50ebe4287089b363a6a3c8fa3e72?s=96&#038;r=g&#038;d=mm","url":"\/\/www.gravatar.com\/avatar\/70cc50ebe4287089b363a6a3c8fa3e72?s=96&#038;r=g&#038;d=mm","contentUrl":"\/\/www.gravatar.com\/avatar\/70cc50ebe4287089b363a6a3c8fa3e72?s=96&#038;r=g&#038;d=mm","caption":"xavier"},"url":"https:\/\/www.eltriangle.eu\/es\/author\/xavier\/"},{"@type":"SiteNavigationElement","@id":"https:\/\/www.eltriangle.eu\/es\/#site-navigation","cssSelector":[".cib-main-menu"]},{"@type":"WPHeader","@id":"https:\/\/www.eltriangle.eu\/es\/#header","cssSelector":[".cib-header"]},{"@type":"WPFooter","@id":"https:\/\/www.eltriangle.eu\/es\/#footer","cssSelector":[".cib-footer"]}]}},"amp_enabled":true,"_links":{"self":[{"href":"https:\/\/www.eltriangle.eu\/es\/wp-json\/wp\/v2\/posts\/139059","targetHints":{"allow":["GET"]}}],"collection":[{"href":"https:\/\/www.eltriangle.eu\/es\/wp-json\/wp\/v2\/posts"}],"about":[{"href":"https:\/\/www.eltriangle.eu\/es\/wp-json\/wp\/v2\/types\/post"}],"author":[{"embeddable":true,"href":"https:\/\/www.eltriangle.eu\/es\/wp-json\/wp\/v2\/users\/97"}],"replies":[{"embeddable":true,"href":"https:\/\/www.eltriangle.eu\/es\/wp-json\/wp\/v2\/comments?post=139059"}],"version-history":[{"count":0,"href":"https:\/\/www.eltriangle.eu\/es\/wp-json\/wp\/v2\/posts\/139059\/revisions"}],"wp:featuredmedia":[{"embeddable":true,"href":"https:\/\/www.eltriangle.eu\/es\/wp-json\/wp\/v2\/media\/28128"}],"wp:attachment":[{"href":"https:\/\/www.eltriangle.eu\/es\/wp-json\/wp\/v2\/media?parent=139059"}],"wp:term":[{"taxonomy":"category","embeddable":true,"href":"https:\/\/www.eltriangle.eu\/es\/wp-json\/wp\/v2\/categories?post=139059"},{"taxonomy":"post_tag","embeddable":true,"href":"https:\/\/www.eltriangle.eu\/es\/wp-json\/wp\/v2\/tags?post=139059"}],"curies":[{"name":"wp","href":"https:\/\/api.w.org\/{rel}","templated":true}]}}