{"id":134535,"date":"2022-03-24T19:00:49","date_gmt":"2022-03-24T18:00:49","guid":{"rendered":null},"modified":"2022-03-24T19:00:49","modified_gmt":"2022-03-24T18:00:49","slug":"todos-los-condenados-del-proces-pueden-recurrir-a-la-justicia-europea","status":"publish","type":"post","link":"https:\/\/www.eltriangle.eu\/es\/2022\/03\/24\/todos-los-condenados-del-proces-pueden-recurrir-a-la-justicia-europea\/","title":{"rendered":"Todos los condenados del &#8216;proc\u00e9s&#8217; pueden recurrir a la justicia europea"},"content":{"rendered":"<p>Todos los condenados por el 1-O tienen ya la puerta abierta para llevar la causa a la justicia europea. Esto ocurre porque el Constitucional ha rechazado sus recursos de amparo, sin excepci\u00f3n. Este jueves, los dos \u00faltimos que ten\u00eda pendientes: los de <strong>Dolors Bassa<\/strong> y <strong>Joaquim Forn<\/strong>. Ha cerrado as\u00ed la carpeta de los principales recursos, los que cuestionaban las condenas, aunque todav\u00eda quedar\u00e1n por resolver algunos recursos menores.<\/p>\n<p>El alto tribunal aval\u00f3 la sentencia por sedici\u00f3n y malversaci\u00f3n dictada por el Tribunal Supremo, que en su caso les condenaba a 12 y 10 a\u00f1os y medio de prisi\u00f3n, respectivamente. Y, como ocurr\u00eda este mi\u00e9rcoles, cuando rechaz\u00f3 los recursos de <strong>Oriol Junqueras<\/strong> y <strong>Ra\u00fcl Romeva<\/strong>, lo ha hecho dividido. Ha habido de nuevo tres votos particulares. El resultado fue de 6 a 3. Los votos particulares son de tres magistrados progresistas y se har\u00e1n p\u00fablicos en los pr\u00f3ximos d\u00edas. Previsiblemente, dir\u00e1n que las penas fueron desproporcionadas.<\/p>\n<p>Esta falta de unanimidad puede beneficiar a los presos independentistas en Estrasburgo, porque son los casos que el Tribunal Europeo de Derechos Humanos (TEDH) mira con m\u00e1s atenci\u00f3n. Por ahora, ya han llevado su causa <strong>Jordi Cuixart<\/strong>, <strong>Jordi S\u00e1nchez<\/strong>, <strong>Jordi Turull<\/strong> y <strong>Josep Rull<\/strong>.<\/p>\n<p><strong>El caso Junqueras<\/strong><br \/>\nEl recurso m\u00e1s complejo era el de Junqueras porque el l\u00edder de ERC fue proclamado eurodiputado con el juicio finalizado y pendiente de sentencia. En ese momento se produjo la disyuntiva de si al ser declarado eurodiputado deb\u00eda quedar protegido por la inmunidad parlamentaria. El Constitucional dice que no, que no se le vulner\u00f3 el derecho de participaci\u00f3n pol\u00edtica. As\u00ed, considera que \u00abno resulta irrazonable, ni contrario a los derechos fundamentales\u00bb de que el Supremo prosiguiera con el proceso penal \u00abya que la inmunidad de jurisdicci\u00f3n como eurodiputado la hab\u00eda adquirido una vez concluidas las sesiones\u00bb del juicio oral, y no es necesario en este momento procesal solicitar autorizaci\u00f3n al Parlamento Europeo para continuar con el procedimiento penal, pendiente \u00fanicamente de la deliberaci\u00f3n y redacci\u00f3n de la sentencia.<\/p>\n","protected":false},"excerpt":{"rendered":"<p>Todos los condenados por el 1-O tienen ya la puerta abierta para llevar la causa a la justicia europea. Esto ocurre porque el Constitucional ha rechazado sus recursos de amparo, sin excepci\u00f3n. Este jueves, los dos \u00faltimos que ten\u00eda pendientes: los de Dolors Bassa y Joaquim Forn. Ha cerrado as\u00ed la carpeta de los principales &#8230; <a title=\"Todos los condenados del &#8216;proc\u00e9s&#8217; pueden recurrir a la justicia europea\" class=\"read-more\" href=\"https:\/\/www.eltriangle.eu\/es\/2022\/03\/24\/todos-los-condenados-del-proces-pueden-recurrir-a-la-justicia-europea\/\" aria-label=\"Leer m\u00e1s sobre Todos los condenados del &#8216;proc\u00e9s&#8217; pueden recurrir a la justicia europea\">Leer m\u00e1s<\/a><\/p>\n","protected":false},"author":97,"featured_media":30772,"comment_status":"open","ping_status":"closed","sticky":false,"template":"","format":"standard","meta":{"_acf_changed":false,"pmpro_default_level":"","footnotes":""},"categories":[24,74,96],"tags":[458,903],"class_list":["post-134535","post","type-post","status-publish","format-standard","has-post-thumbnail","hentry","category-actualidad","category-poderes","category-tribunales","tag-1-o-es","tag-proces-es","lh_instant_articles-syndicate-yes","pmpro-has-access"],"acf":[],"yoast_head":"<!-- This site is optimized with the Yoast SEO plugin v27.4 - https:\/\/yoast.com\/product\/yoast-seo-wordpress\/ -->\n<title>Todos los condenados del &#039;proc\u00e9s&#039; pueden recurrir a la justicia europea - El Triangle<\/title>\n<meta name=\"description\" content=\"Todos los condenados por el 1-O tienen ya la puerta abierta para llevar la causa a la justicia europea. Esto ocurre porque el Constitucional ha rechazado\" class=\"yoast-seo-meta-tag\" \/>\n<meta name=\"robots\" content=\"index, follow, max-snippet:-1, max-image-preview:large, max-video-preview:-1\" \/>\n<link rel=\"canonical\" href=\"https:\/\/www.eltriangle.eu\/es\/2022\/03\/24\/todos-los-condenados-del-proces-pueden-recurrir-a-la-justicia-europea\/\" class=\"yoast-seo-meta-tag\" \/>\n<meta property=\"og:locale\" content=\"es_ES\" class=\"yoast-seo-meta-tag\" \/>\n<meta property=\"og:type\" content=\"article\" class=\"yoast-seo-meta-tag\" \/>\n<meta property=\"og:title\" content=\"Todos los condenados del &#039;proc\u00e9s&#039; pueden recurrir a la justicia europea - El Triangle\" class=\"yoast-seo-meta-tag\" \/>\n<meta property=\"og:description\" content=\"Todos los condenados por el 1-O tienen ya la puerta abierta para llevar la causa a la justicia europea. Esto ocurre porque el Constitucional ha rechazado\" class=\"yoast-seo-meta-tag\" \/>\n<meta property=\"og:url\" content=\"https:\/\/www.eltriangle.eu\/es\/2022\/03\/24\/todos-los-condenados-del-proces-pueden-recurrir-a-la-justicia-europea\/\" class=\"yoast-seo-meta-tag\" \/>\n<meta property=\"og:site_name\" content=\"El Triangle\" class=\"yoast-seo-meta-tag\" \/>\n<meta property=\"article:publisher\" content=\"https:\/\/www.facebook.com\/El-Triangle-Diari-101787399020302\" class=\"yoast-seo-meta-tag\" \/>\n<meta property=\"article:published_time\" content=\"2022-03-24T18:00:49+00:00\" class=\"yoast-seo-meta-tag\" \/>\n<meta property=\"og:image\" content=\"https:\/\/www.eltriangle.eu\/wp-content\/uploads\/2020\/11\/judici-a-l-1-o-al-tribunal-suprem.jpeg\" class=\"yoast-seo-meta-tag\" \/>\n\t<meta property=\"og:image:width\" content=\"1960\" class=\"yoast-seo-meta-tag\" \/>\n\t<meta property=\"og:image:height\" content=\"1262\" class=\"yoast-seo-meta-tag\" \/>\n\t<meta property=\"og:image:type\" content=\"image\/jpeg\" class=\"yoast-seo-meta-tag\" \/>\n<meta name=\"author\" content=\"xavier\" class=\"yoast-seo-meta-tag\" \/>\n<meta name=\"twitter:card\" content=\"summary_large_image\" class=\"yoast-seo-meta-tag\" \/>\n<meta name=\"twitter:creator\" content=\"@El_Triangle\" class=\"yoast-seo-meta-tag\" \/>\n<meta name=\"twitter:site\" content=\"@El_Triangle\" class=\"yoast-seo-meta-tag\" \/>\n<meta name=\"twitter:label1\" content=\"Escrito por\" class=\"yoast-seo-meta-tag\" \/>\n\t<meta name=\"twitter:data1\" content=\"xavier\" class=\"yoast-seo-meta-tag\" \/>\n\t<meta name=\"twitter:label2\" content=\"Tiempo de lectura\" class=\"yoast-seo-meta-tag\" \/>\n\t<meta name=\"twitter:data2\" content=\"2 minutos\" class=\"yoast-seo-meta-tag\" \/>\n<script type=\"application\/ld+json\" class=\"yoast-schema-graph\">{\"@context\":\"https:\\\/\\\/schema.org\",\"@graph\":[{\"@type\":\"NewsArticle\",\"@id\":\"https:\\\/\\\/www.eltriangle.eu\\\/es\\\/2022\\\/03\\\/24\\\/todos-los-condenados-del-proces-pueden-recurrir-a-la-justicia-europea\\\/#article\",\"isPartOf\":{\"@id\":\"https:\\\/\\\/www.eltriangle.eu\\\/es\\\/2022\\\/03\\\/24\\\/todos-los-condenados-del-proces-pueden-recurrir-a-la-justicia-europea\\\/\"},\"author\":{\"name\":\"xavier\",\"@id\":\"https:\\\/\\\/www.eltriangle.eu\\\/es\\\/#\\\/schema\\\/person\\\/df9cb61ef0b061092c35cf7a8636dfc6\"},\"headline\":\"Todos los condenados del &#8216;proc\u00e9s&#8217; pueden recurrir a la justicia europea\",\"datePublished\":\"2022-03-24T18:00:49+00:00\",\"mainEntityOfPage\":{\"@id\":\"https:\\\/\\\/www.eltriangle.eu\\\/es\\\/2022\\\/03\\\/24\\\/todos-los-condenados-del-proces-pueden-recurrir-a-la-justicia-europea\\\/\"},\"wordCount\":368,\"commentCount\":0,\"publisher\":{\"@id\":\"https:\\\/\\\/www.eltriangle.eu\\\/es\\\/#organization\"},\"image\":{\"@id\":\"https:\\\/\\\/www.eltriangle.eu\\\/es\\\/2022\\\/03\\\/24\\\/todos-los-condenados-del-proces-pueden-recurrir-a-la-justicia-europea\\\/#primaryimage\"},\"thumbnailUrl\":\"https:\\\/\\\/www.eltriangle.eu\\\/wp-content\\\/uploads\\\/2020\\\/11\\\/judici-a-l-1-o-al-tribunal-suprem.jpeg\",\"keywords\":[\"1-O\",\"proc\u00e9s\"],\"articleSection\":[\"Actualidad\",\"Poderes\",\"Tribunales\"],\"inLanguage\":\"es\",\"potentialAction\":[{\"@type\":\"CommentAction\",\"name\":\"Comment\",\"target\":[\"https:\\\/\\\/www.eltriangle.eu\\\/es\\\/2022\\\/03\\\/24\\\/todos-los-condenados-del-proces-pueden-recurrir-a-la-justicia-europea\\\/#respond\"]}]},{\"@type\":\"WebPage\",\"@id\":\"https:\\\/\\\/www.eltriangle.eu\\\/es\\\/2022\\\/03\\\/24\\\/todos-los-condenados-del-proces-pueden-recurrir-a-la-justicia-europea\\\/\",\"url\":\"https:\\\/\\\/www.eltriangle.eu\\\/es\\\/2022\\\/03\\\/24\\\/todos-los-condenados-del-proces-pueden-recurrir-a-la-justicia-europea\\\/\",\"name\":\"Todos los condenados del 'proc\u00e9s' pueden recurrir a la justicia europea - El Triangle\",\"isPartOf\":{\"@id\":\"https:\\\/\\\/www.eltriangle.eu\\\/es\\\/#website\"},\"primaryImageOfPage\":{\"@id\":\"https:\\\/\\\/www.eltriangle.eu\\\/es\\\/2022\\\/03\\\/24\\\/todos-los-condenados-del-proces-pueden-recurrir-a-la-justicia-europea\\\/#primaryimage\"},\"image\":{\"@id\":\"https:\\\/\\\/www.eltriangle.eu\\\/es\\\/2022\\\/03\\\/24\\\/todos-los-condenados-del-proces-pueden-recurrir-a-la-justicia-europea\\\/#primaryimage\"},\"thumbnailUrl\":\"https:\\\/\\\/www.eltriangle.eu\\\/wp-content\\\/uploads\\\/2020\\\/11\\\/judici-a-l-1-o-al-tribunal-suprem.jpeg\",\"datePublished\":\"2022-03-24T18:00:49+00:00\",\"description\":\"Todos los condenados por el 1-O tienen ya la puerta abierta para llevar la causa a la justicia europea. Esto ocurre porque el Constitucional ha rechazado\",\"breadcrumb\":{\"@id\":\"https:\\\/\\\/www.eltriangle.eu\\\/es\\\/2022\\\/03\\\/24\\\/todos-los-condenados-del-proces-pueden-recurrir-a-la-justicia-europea\\\/#breadcrumb\"},\"inLanguage\":\"es\",\"potentialAction\":[{\"@type\":\"ReadAction\",\"target\":[\"https:\\\/\\\/www.eltriangle.eu\\\/es\\\/2022\\\/03\\\/24\\\/todos-los-condenados-del-proces-pueden-recurrir-a-la-justicia-europea\\\/\"]}]},{\"@type\":\"ImageObject\",\"inLanguage\":\"es\",\"@id\":\"https:\\\/\\\/www.eltriangle.eu\\\/es\\\/2022\\\/03\\\/24\\\/todos-los-condenados-del-proces-pueden-recurrir-a-la-justicia-europea\\\/#primaryimage\",\"url\":\"https:\\\/\\\/www.eltriangle.eu\\\/wp-content\\\/uploads\\\/2020\\\/11\\\/judici-a-l-1-o-al-tribunal-suprem.jpeg\",\"contentUrl\":\"https:\\\/\\\/www.eltriangle.eu\\\/wp-content\\\/uploads\\\/2020\\\/11\\\/judici-a-l-1-o-al-tribunal-suprem.jpeg\",\"width\":1960,\"height\":1262,\"caption\":\"Juicio del 1-O en el Tribunal Supremo\"},{\"@type\":\"BreadcrumbList\",\"@id\":\"https:\\\/\\\/www.eltriangle.eu\\\/es\\\/2022\\\/03\\\/24\\\/todos-los-condenados-del-proces-pueden-recurrir-a-la-justicia-europea\\\/#breadcrumb\",\"itemListElement\":[{\"@type\":\"ListItem\",\"position\":1,\"name\":\"Portada\",\"item\":\"https:\\\/\\\/www.eltriangle.eu\\\/es\\\/\"},{\"@type\":\"ListItem\",\"position\":2,\"name\":\"Todos los condenados del &#8216;proc\u00e9s&#8217; pueden recurrir a la justicia europea\"}]},{\"@type\":\"WebSite\",\"@id\":\"https:\\\/\\\/www.eltriangle.eu\\\/es\\\/#website\",\"url\":\"https:\\\/\\\/www.eltriangle.eu\\\/es\\\/\",\"name\":\"El Triangle\",\"description\":\"El Triangle \u00e9s un Diari d&#039;informaci\u00f3 general, editat a Catalunya i escrit en llengua catalana, especialitzat en investigaci\u00f3 period\u00edstica\",\"publisher\":{\"@id\":\"https:\\\/\\\/www.eltriangle.eu\\\/es\\\/#organization\"},\"potentialAction\":[{\"@type\":\"SearchAction\",\"target\":{\"@type\":\"EntryPoint\",\"urlTemplate\":\"https:\\\/\\\/www.eltriangle.eu\\\/es\\\/?s={search_term_string}\"},\"query-input\":{\"@type\":\"PropertyValueSpecification\",\"valueRequired\":true,\"valueName\":\"search_term_string\"}}],\"inLanguage\":\"es\"},{\"@type\":[\"Organization\",\"NewsMediaOrganization\"],\"@id\":\"https:\\\/\\\/www.eltriangle.eu\\\/es\\\/#organization\",\"name\":\"El Triangle\",\"url\":\"https:\\\/\\\/www.eltriangle.eu\\\/es\\\/\",\"logo\":{\"@type\":\"ImageObject\",\"inLanguage\":\"es\",\"@id\":\"https:\\\/\\\/www.eltriangle.eu\\\/es\\\/#\\\/schema\\\/logo\\\/image\\\/\",\"url\":\"https:\\\/\\\/www.eltriangle.eu\\\/wp-content\\\/uploads\\\/2020\\\/11\\\/triangle_logo-ajustado.jpg\",\"contentUrl\":\"https:\\\/\\\/www.eltriangle.eu\\\/wp-content\\\/uploads\\\/2020\\\/11\\\/triangle_logo-ajustado.jpg\",\"width\":521,\"height\":92,\"caption\":\"El Triangle\"},\"image\":{\"@id\":\"https:\\\/\\\/www.eltriangle.eu\\\/es\\\/#\\\/schema\\\/logo\\\/image\\\/\"},\"sameAs\":[\"https:\\\/\\\/www.facebook.com\\\/El-Triangle-Diari-101787399020302\",\"https:\\\/\\\/x.com\\\/El_Triangle\",\"https:\\\/\\\/www.youtube.com\\\/channel\\\/UCTIjmYEMYSpdGonuAgNhbcg\"]},{\"@type\":\"Person\",\"@id\":\"https:\\\/\\\/www.eltriangle.eu\\\/es\\\/#\\\/schema\\\/person\\\/df9cb61ef0b061092c35cf7a8636dfc6\",\"name\":\"xavier\",\"image\":{\"@type\":\"ImageObject\",\"inLanguage\":\"es\",\"@id\":\"\\\/\\\/www.gravatar.com\\\/avatar\\\/70cc50ebe4287089b363a6a3c8fa3e72?s=96&#038;r=g&#038;d=mm\",\"url\":\"\\\/\\\/www.gravatar.com\\\/avatar\\\/70cc50ebe4287089b363a6a3c8fa3e72?s=96&#038;r=g&#038;d=mm\",\"contentUrl\":\"\\\/\\\/www.gravatar.com\\\/avatar\\\/70cc50ebe4287089b363a6a3c8fa3e72?s=96&#038;r=g&#038;d=mm\",\"caption\":\"xavier\"},\"url\":\"https:\\\/\\\/www.eltriangle.eu\\\/es\\\/author\\\/xavier\\\/\"},{\"@type\":\"SiteNavigationElement\",\"@id\":\"https:\\\/\\\/www.eltriangle.eu\\\/es\\\/#site-navigation\",\"cssSelector\":[\".cib-main-menu\"]},{\"@type\":\"WPHeader\",\"@id\":\"https:\\\/\\\/www.eltriangle.eu\\\/es\\\/#header\",\"cssSelector\":[\".cib-header\"]},{\"@type\":\"WPFooter\",\"@id\":\"https:\\\/\\\/www.eltriangle.eu\\\/es\\\/#footer\",\"cssSelector\":[\".cib-footer\"]}]}<\/script>\n<!-- \/ Yoast SEO plugin. -->","yoast_head_json":{"title":"Todos los condenados del 'proc\u00e9s' pueden recurrir a la justicia europea - El Triangle","description":"Todos los condenados por el 1-O tienen ya la puerta abierta para llevar la causa a la justicia europea. Esto ocurre porque el Constitucional ha rechazado","robots":{"index":"index","follow":"follow","max-snippet":"max-snippet:-1","max-image-preview":"max-image-preview:large","max-video-preview":"max-video-preview:-1"},"canonical":"https:\/\/www.eltriangle.eu\/es\/2022\/03\/24\/todos-los-condenados-del-proces-pueden-recurrir-a-la-justicia-europea\/","og_locale":"es_ES","og_type":"article","og_title":"Todos los condenados del 'proc\u00e9s' pueden recurrir a la justicia europea - El Triangle","og_description":"Todos los condenados por el 1-O tienen ya la puerta abierta para llevar la causa a la justicia europea. Esto ocurre porque el Constitucional ha rechazado","og_url":"https:\/\/www.eltriangle.eu\/es\/2022\/03\/24\/todos-los-condenados-del-proces-pueden-recurrir-a-la-justicia-europea\/","og_site_name":"El Triangle","article_publisher":"https:\/\/www.facebook.com\/El-Triangle-Diari-101787399020302","article_published_time":"2022-03-24T18:00:49+00:00","og_image":[{"width":1960,"height":1262,"url":"https:\/\/www.eltriangle.eu\/wp-content\/uploads\/2020\/11\/judici-a-l-1-o-al-tribunal-suprem.jpeg","type":"image\/jpeg"}],"author":"xavier","twitter_card":"summary_large_image","twitter_creator":"@El_Triangle","twitter_site":"@El_Triangle","twitter_misc":{"Escrito por":"xavier","Tiempo de lectura":"2 minutos"},"schema":{"@context":"https:\/\/schema.org","@graph":[{"@type":"NewsArticle","@id":"https:\/\/www.eltriangle.eu\/es\/2022\/03\/24\/todos-los-condenados-del-proces-pueden-recurrir-a-la-justicia-europea\/#article","isPartOf":{"@id":"https:\/\/www.eltriangle.eu\/es\/2022\/03\/24\/todos-los-condenados-del-proces-pueden-recurrir-a-la-justicia-europea\/"},"author":{"name":"xavier","@id":"https:\/\/www.eltriangle.eu\/es\/#\/schema\/person\/df9cb61ef0b061092c35cf7a8636dfc6"},"headline":"Todos los condenados del &#8216;proc\u00e9s&#8217; pueden recurrir a la justicia europea","datePublished":"2022-03-24T18:00:49+00:00","mainEntityOfPage":{"@id":"https:\/\/www.eltriangle.eu\/es\/2022\/03\/24\/todos-los-condenados-del-proces-pueden-recurrir-a-la-justicia-europea\/"},"wordCount":368,"commentCount":0,"publisher":{"@id":"https:\/\/www.eltriangle.eu\/es\/#organization"},"image":{"@id":"https:\/\/www.eltriangle.eu\/es\/2022\/03\/24\/todos-los-condenados-del-proces-pueden-recurrir-a-la-justicia-europea\/#primaryimage"},"thumbnailUrl":"https:\/\/www.eltriangle.eu\/wp-content\/uploads\/2020\/11\/judici-a-l-1-o-al-tribunal-suprem.jpeg","keywords":["1-O","proc\u00e9s"],"articleSection":["Actualidad","Poderes","Tribunales"],"inLanguage":"es","potentialAction":[{"@type":"CommentAction","name":"Comment","target":["https:\/\/www.eltriangle.eu\/es\/2022\/03\/24\/todos-los-condenados-del-proces-pueden-recurrir-a-la-justicia-europea\/#respond"]}]},{"@type":"WebPage","@id":"https:\/\/www.eltriangle.eu\/es\/2022\/03\/24\/todos-los-condenados-del-proces-pueden-recurrir-a-la-justicia-europea\/","url":"https:\/\/www.eltriangle.eu\/es\/2022\/03\/24\/todos-los-condenados-del-proces-pueden-recurrir-a-la-justicia-europea\/","name":"Todos los condenados del 'proc\u00e9s' pueden recurrir a la justicia europea - El Triangle","isPartOf":{"@id":"https:\/\/www.eltriangle.eu\/es\/#website"},"primaryImageOfPage":{"@id":"https:\/\/www.eltriangle.eu\/es\/2022\/03\/24\/todos-los-condenados-del-proces-pueden-recurrir-a-la-justicia-europea\/#primaryimage"},"image":{"@id":"https:\/\/www.eltriangle.eu\/es\/2022\/03\/24\/todos-los-condenados-del-proces-pueden-recurrir-a-la-justicia-europea\/#primaryimage"},"thumbnailUrl":"https:\/\/www.eltriangle.eu\/wp-content\/uploads\/2020\/11\/judici-a-l-1-o-al-tribunal-suprem.jpeg","datePublished":"2022-03-24T18:00:49+00:00","description":"Todos los condenados por el 1-O tienen ya la puerta abierta para llevar la causa a la justicia europea. Esto ocurre porque el Constitucional ha rechazado","breadcrumb":{"@id":"https:\/\/www.eltriangle.eu\/es\/2022\/03\/24\/todos-los-condenados-del-proces-pueden-recurrir-a-la-justicia-europea\/#breadcrumb"},"inLanguage":"es","potentialAction":[{"@type":"ReadAction","target":["https:\/\/www.eltriangle.eu\/es\/2022\/03\/24\/todos-los-condenados-del-proces-pueden-recurrir-a-la-justicia-europea\/"]}]},{"@type":"ImageObject","inLanguage":"es","@id":"https:\/\/www.eltriangle.eu\/es\/2022\/03\/24\/todos-los-condenados-del-proces-pueden-recurrir-a-la-justicia-europea\/#primaryimage","url":"https:\/\/www.eltriangle.eu\/wp-content\/uploads\/2020\/11\/judici-a-l-1-o-al-tribunal-suprem.jpeg","contentUrl":"https:\/\/www.eltriangle.eu\/wp-content\/uploads\/2020\/11\/judici-a-l-1-o-al-tribunal-suprem.jpeg","width":1960,"height":1262,"caption":"Juicio del 1-O en el Tribunal Supremo"},{"@type":"BreadcrumbList","@id":"https:\/\/www.eltriangle.eu\/es\/2022\/03\/24\/todos-los-condenados-del-proces-pueden-recurrir-a-la-justicia-europea\/#breadcrumb","itemListElement":[{"@type":"ListItem","position":1,"name":"Portada","item":"https:\/\/www.eltriangle.eu\/es\/"},{"@type":"ListItem","position":2,"name":"Todos los condenados del &#8216;proc\u00e9s&#8217; pueden recurrir a la justicia europea"}]},{"@type":"WebSite","@id":"https:\/\/www.eltriangle.eu\/es\/#website","url":"https:\/\/www.eltriangle.eu\/es\/","name":"El Triangle","description":"El Triangle \u00e9s un Diari d&#039;informaci\u00f3 general, editat a Catalunya i escrit en llengua catalana, especialitzat en investigaci\u00f3 period\u00edstica","publisher":{"@id":"https:\/\/www.eltriangle.eu\/es\/#organization"},"potentialAction":[{"@type":"SearchAction","target":{"@type":"EntryPoint","urlTemplate":"https:\/\/www.eltriangle.eu\/es\/?s={search_term_string}"},"query-input":{"@type":"PropertyValueSpecification","valueRequired":true,"valueName":"search_term_string"}}],"inLanguage":"es"},{"@type":["Organization","NewsMediaOrganization"],"@id":"https:\/\/www.eltriangle.eu\/es\/#organization","name":"El Triangle","url":"https:\/\/www.eltriangle.eu\/es\/","logo":{"@type":"ImageObject","inLanguage":"es","@id":"https:\/\/www.eltriangle.eu\/es\/#\/schema\/logo\/image\/","url":"https:\/\/www.eltriangle.eu\/wp-content\/uploads\/2020\/11\/triangle_logo-ajustado.jpg","contentUrl":"https:\/\/www.eltriangle.eu\/wp-content\/uploads\/2020\/11\/triangle_logo-ajustado.jpg","width":521,"height":92,"caption":"El Triangle"},"image":{"@id":"https:\/\/www.eltriangle.eu\/es\/#\/schema\/logo\/image\/"},"sameAs":["https:\/\/www.facebook.com\/El-Triangle-Diari-101787399020302","https:\/\/x.com\/El_Triangle","https:\/\/www.youtube.com\/channel\/UCTIjmYEMYSpdGonuAgNhbcg"]},{"@type":"Person","@id":"https:\/\/www.eltriangle.eu\/es\/#\/schema\/person\/df9cb61ef0b061092c35cf7a8636dfc6","name":"xavier","image":{"@type":"ImageObject","inLanguage":"es","@id":"\/\/www.gravatar.com\/avatar\/70cc50ebe4287089b363a6a3c8fa3e72?s=96&#038;r=g&#038;d=mm","url":"\/\/www.gravatar.com\/avatar\/70cc50ebe4287089b363a6a3c8fa3e72?s=96&#038;r=g&#038;d=mm","contentUrl":"\/\/www.gravatar.com\/avatar\/70cc50ebe4287089b363a6a3c8fa3e72?s=96&#038;r=g&#038;d=mm","caption":"xavier"},"url":"https:\/\/www.eltriangle.eu\/es\/author\/xavier\/"},{"@type":"SiteNavigationElement","@id":"https:\/\/www.eltriangle.eu\/es\/#site-navigation","cssSelector":[".cib-main-menu"]},{"@type":"WPHeader","@id":"https:\/\/www.eltriangle.eu\/es\/#header","cssSelector":[".cib-header"]},{"@type":"WPFooter","@id":"https:\/\/www.eltriangle.eu\/es\/#footer","cssSelector":[".cib-footer"]}]}},"amp_enabled":true,"_links":{"self":[{"href":"https:\/\/www.eltriangle.eu\/es\/wp-json\/wp\/v2\/posts\/134535","targetHints":{"allow":["GET"]}}],"collection":[{"href":"https:\/\/www.eltriangle.eu\/es\/wp-json\/wp\/v2\/posts"}],"about":[{"href":"https:\/\/www.eltriangle.eu\/es\/wp-json\/wp\/v2\/types\/post"}],"author":[{"embeddable":true,"href":"https:\/\/www.eltriangle.eu\/es\/wp-json\/wp\/v2\/users\/97"}],"replies":[{"embeddable":true,"href":"https:\/\/www.eltriangle.eu\/es\/wp-json\/wp\/v2\/comments?post=134535"}],"version-history":[{"count":0,"href":"https:\/\/www.eltriangle.eu\/es\/wp-json\/wp\/v2\/posts\/134535\/revisions"}],"wp:featuredmedia":[{"embeddable":true,"href":"https:\/\/www.eltriangle.eu\/es\/wp-json\/wp\/v2\/media\/30772"}],"wp:attachment":[{"href":"https:\/\/www.eltriangle.eu\/es\/wp-json\/wp\/v2\/media?parent=134535"}],"wp:term":[{"taxonomy":"category","embeddable":true,"href":"https:\/\/www.eltriangle.eu\/es\/wp-json\/wp\/v2\/categories?post=134535"},{"taxonomy":"post_tag","embeddable":true,"href":"https:\/\/www.eltriangle.eu\/es\/wp-json\/wp\/v2\/tags?post=134535"}],"curies":[{"name":"wp","href":"https:\/\/api.w.org\/{rel}","templated":true}]}}