{"id":132394,"date":"2022-03-07T19:48:06","date_gmt":"2022-03-07T18:48:06","guid":{"rendered":null},"modified":"2022-03-07T19:48:06","modified_gmt":"2022-03-07T18:48:06","slug":"piden-penas-de-carcel-a-acusados-de-humillar-a-torrecillas-por-el-1-0","status":"publish","type":"post","link":"https:\/\/www.eltriangle.eu\/es\/2022\/03\/07\/piden-penas-de-carcel-a-acusados-de-humillar-a-torrecillas-por-el-1-0\/","title":{"rendered":"Piden penas de c\u00e1rcel a acusados de humillar a Torrecillas por el 1-0"},"content":{"rendered":"<p><strong>Marta Torrecillas<\/strong>, la mujer a la que un polic\u00eda lesion\u00f3 los dedos de la mano el 1-O en una escuela de Barcelona, \u200b\u200basegur\u00f3 este lunes que desde ese d\u00eda recibi\u00f3 \u00abmiles de mensajes de WhatsApp, amenazas y vejaciones a trav\u00e9s del tel\u00e9fono m\u00f3vil\u00bb. Su n\u00famero se difundi\u00f3 y fue incluida en numerosos chats.<\/p>\n<p>Lo ha dicho en la Audiencia de Barcelona durante el juicio contra cuatro hombres por estos hechos. La defensa de Torrecillas les denunci\u00f3 al considerarlos autores de un delito contra los derechos fundamentales, con el agravante de motivaci\u00f3n ideol\u00f3gica y por raz\u00f3n de g\u00e9nero de la v\u00edctima.<\/p>\n<p>Torrecillas recibi\u00f3 m\u00e1s de 7.800 mensajes de WhatsApp, 315 llamadas y 791 SMS, adem\u00e1s de ser incluida en 16 chats contra su voluntad.<\/p>\n<p>Durante el juicio, ha explicado que no pod\u00eda hacer nada con el m\u00f3vil porque estaba constantemente colapsado con la llegada de mensajes y notificaciones.<\/p>\n<p>Todo ello, le caus\u00f3 angustia, nervios, insomnio, estr\u00e9s postraum\u00e1tico y miedo a ser agredida o ir sola por la calle, lo que le llev\u00f3 a seguir tratamiento psicol\u00f3gico.<\/p>\n<p>Uno de los denunciados podr\u00eda llegar a un acuerdo y pagar una multa de 900 euros, y para los otros tres, entre ellos un guardia civil, la Fiscal\u00eda pide un a\u00f1o y nueve meses de prisi\u00f3n y una multa de 3.000 euros.<\/p>\n","protected":false},"excerpt":{"rendered":"<p>Marta Torrecillas, la mujer a la que un polic\u00eda lesion\u00f3 los dedos de la mano el 1-O en una escuela de Barcelona, \u200b\u200basegur\u00f3 este lunes que desde ese d\u00eda recibi\u00f3 \u00abmiles de mensajes de WhatsApp, amenazas y vejaciones a trav\u00e9s del tel\u00e9fono m\u00f3vil\u00bb. Su n\u00famero se difundi\u00f3 y fue incluida en numerosos chats. Lo ha &#8230; <a title=\"Piden penas de c\u00e1rcel a acusados de humillar a Torrecillas por el 1-0\" class=\"read-more\" href=\"https:\/\/www.eltriangle.eu\/es\/2022\/03\/07\/piden-penas-de-carcel-a-acusados-de-humillar-a-torrecillas-por-el-1-0\/\" aria-label=\"Leer m\u00e1s sobre Piden penas de c\u00e1rcel a acusados de humillar a Torrecillas por el 1-0\">Leer m\u00e1s<\/a><\/p>\n","protected":false},"author":97,"featured_media":132391,"comment_status":"open","ping_status":"closed","sticky":false,"template":"","format":"standard","meta":{"_acf_changed":false,"pmpro_default_level":"","footnotes":""},"categories":[24,96],"tags":[458],"class_list":["post-132394","post","type-post","status-publish","format-standard","has-post-thumbnail","hentry","category-actualidad","category-tribunales","tag-1-o-es","lh_instant_articles-syndicate-yes","pmpro-has-access"],"acf":[],"yoast_head":"<!-- This site is optimized with the Yoast SEO plugin v27.4 - https:\/\/yoast.com\/product\/yoast-seo-wordpress\/ -->\n<title>Piden penas de c\u00e1rcel a acusados de humillar a Torrecillas por el 1-0 - El Triangle<\/title>\n<meta name=\"description\" content=\"Marta Torrecillas, la mujer a la que un polic\u00eda lesion\u00f3 los dedos de la mano el 1-O en una escuela de Barcelona, \u200b\u200basegur\u00f3 este lunes que desde ese d\u00eda\" class=\"yoast-seo-meta-tag\" \/>\n<meta name=\"robots\" content=\"index, follow, max-snippet:-1, max-image-preview:large, max-video-preview:-1\" \/>\n<link rel=\"canonical\" href=\"https:\/\/www.eltriangle.eu\/es\/2022\/03\/07\/piden-penas-de-carcel-a-acusados-de-humillar-a-torrecillas-por-el-1-0\/\" class=\"yoast-seo-meta-tag\" \/>\n<meta property=\"og:locale\" content=\"es_ES\" class=\"yoast-seo-meta-tag\" \/>\n<meta property=\"og:type\" content=\"article\" class=\"yoast-seo-meta-tag\" \/>\n<meta property=\"og:title\" content=\"Piden penas de c\u00e1rcel a acusados de humillar a Torrecillas por el 1-0 - El Triangle\" class=\"yoast-seo-meta-tag\" \/>\n<meta property=\"og:description\" content=\"Marta Torrecillas, la mujer a la que un polic\u00eda lesion\u00f3 los dedos de la mano el 1-O en una escuela de Barcelona, \u200b\u200basegur\u00f3 este lunes que desde ese d\u00eda\" class=\"yoast-seo-meta-tag\" \/>\n<meta property=\"og:url\" content=\"https:\/\/www.eltriangle.eu\/es\/2022\/03\/07\/piden-penas-de-carcel-a-acusados-de-humillar-a-torrecillas-por-el-1-0\/\" class=\"yoast-seo-meta-tag\" \/>\n<meta property=\"og:site_name\" content=\"El Triangle\" class=\"yoast-seo-meta-tag\" \/>\n<meta property=\"article:publisher\" content=\"https:\/\/www.facebook.com\/El-Triangle-Diari-101787399020302\" class=\"yoast-seo-meta-tag\" \/>\n<meta property=\"article:published_time\" content=\"2022-03-07T18:48:06+00:00\" class=\"yoast-seo-meta-tag\" \/>\n<meta property=\"og:image\" content=\"https:\/\/www.eltriangle.eu\/wp-content\/uploads\/2022\/03\/judici-per-amenaces-a-torrecillas.jpg\" class=\"yoast-seo-meta-tag\" \/>\n\t<meta property=\"og:image:width\" content=\"1200\" class=\"yoast-seo-meta-tag\" \/>\n\t<meta property=\"og:image:height\" content=\"675\" class=\"yoast-seo-meta-tag\" \/>\n\t<meta property=\"og:image:type\" content=\"image\/jpeg\" class=\"yoast-seo-meta-tag\" \/>\n<meta name=\"author\" content=\"xavier\" class=\"yoast-seo-meta-tag\" \/>\n<meta name=\"twitter:card\" content=\"summary_large_image\" class=\"yoast-seo-meta-tag\" \/>\n<meta name=\"twitter:creator\" content=\"@El_Triangle\" class=\"yoast-seo-meta-tag\" \/>\n<meta name=\"twitter:site\" content=\"@El_Triangle\" class=\"yoast-seo-meta-tag\" \/>\n<meta name=\"twitter:label1\" content=\"Escrito por\" class=\"yoast-seo-meta-tag\" \/>\n\t<meta name=\"twitter:data1\" content=\"xavier\" class=\"yoast-seo-meta-tag\" \/>\n\t<meta name=\"twitter:label2\" content=\"Tiempo de lectura\" class=\"yoast-seo-meta-tag\" \/>\n\t<meta name=\"twitter:data2\" content=\"1 minuto\" class=\"yoast-seo-meta-tag\" \/>\n<script type=\"application\/ld+json\" class=\"yoast-schema-graph\">{\"@context\":\"https:\\\/\\\/schema.org\",\"@graph\":[{\"@type\":\"NewsArticle\",\"@id\":\"https:\\\/\\\/www.eltriangle.eu\\\/es\\\/2022\\\/03\\\/07\\\/piden-penas-de-carcel-a-acusados-de-humillar-a-torrecillas-por-el-1-0\\\/#article\",\"isPartOf\":{\"@id\":\"https:\\\/\\\/www.eltriangle.eu\\\/es\\\/2022\\\/03\\\/07\\\/piden-penas-de-carcel-a-acusados-de-humillar-a-torrecillas-por-el-1-0\\\/\"},\"author\":{\"name\":\"xavier\",\"@id\":\"https:\\\/\\\/www.eltriangle.eu\\\/es\\\/#\\\/schema\\\/person\\\/df9cb61ef0b061092c35cf7a8636dfc6\"},\"headline\":\"Piden penas de c\u00e1rcel a acusados de humillar a Torrecillas por el 1-0\",\"datePublished\":\"2022-03-07T18:48:06+00:00\",\"mainEntityOfPage\":{\"@id\":\"https:\\\/\\\/www.eltriangle.eu\\\/es\\\/2022\\\/03\\\/07\\\/piden-penas-de-carcel-a-acusados-de-humillar-a-torrecillas-por-el-1-0\\\/\"},\"wordCount\":247,\"commentCount\":0,\"publisher\":{\"@id\":\"https:\\\/\\\/www.eltriangle.eu\\\/es\\\/#organization\"},\"image\":{\"@id\":\"https:\\\/\\\/www.eltriangle.eu\\\/es\\\/2022\\\/03\\\/07\\\/piden-penas-de-carcel-a-acusados-de-humillar-a-torrecillas-por-el-1-0\\\/#primaryimage\"},\"thumbnailUrl\":\"https:\\\/\\\/www.eltriangle.eu\\\/wp-content\\\/uploads\\\/2022\\\/03\\\/judici-per-amenaces-a-torrecillas.jpg\",\"keywords\":[\"1-O\"],\"articleSection\":[\"Actualidad\",\"Tribunales\"],\"inLanguage\":\"es\",\"potentialAction\":[{\"@type\":\"CommentAction\",\"name\":\"Comment\",\"target\":[\"https:\\\/\\\/www.eltriangle.eu\\\/es\\\/2022\\\/03\\\/07\\\/piden-penas-de-carcel-a-acusados-de-humillar-a-torrecillas-por-el-1-0\\\/#respond\"]}]},{\"@type\":\"WebPage\",\"@id\":\"https:\\\/\\\/www.eltriangle.eu\\\/es\\\/2022\\\/03\\\/07\\\/piden-penas-de-carcel-a-acusados-de-humillar-a-torrecillas-por-el-1-0\\\/\",\"url\":\"https:\\\/\\\/www.eltriangle.eu\\\/es\\\/2022\\\/03\\\/07\\\/piden-penas-de-carcel-a-acusados-de-humillar-a-torrecillas-por-el-1-0\\\/\",\"name\":\"Piden penas de c\u00e1rcel a acusados de humillar a Torrecillas por el 1-0 - El Triangle\",\"isPartOf\":{\"@id\":\"https:\\\/\\\/www.eltriangle.eu\\\/es\\\/#website\"},\"primaryImageOfPage\":{\"@id\":\"https:\\\/\\\/www.eltriangle.eu\\\/es\\\/2022\\\/03\\\/07\\\/piden-penas-de-carcel-a-acusados-de-humillar-a-torrecillas-por-el-1-0\\\/#primaryimage\"},\"image\":{\"@id\":\"https:\\\/\\\/www.eltriangle.eu\\\/es\\\/2022\\\/03\\\/07\\\/piden-penas-de-carcel-a-acusados-de-humillar-a-torrecillas-por-el-1-0\\\/#primaryimage\"},\"thumbnailUrl\":\"https:\\\/\\\/www.eltriangle.eu\\\/wp-content\\\/uploads\\\/2022\\\/03\\\/judici-per-amenaces-a-torrecillas.jpg\",\"datePublished\":\"2022-03-07T18:48:06+00:00\",\"description\":\"Marta Torrecillas, la mujer a la que un polic\u00eda lesion\u00f3 los dedos de la mano el 1-O en una escuela de Barcelona, \u200b\u200basegur\u00f3 este lunes que desde ese d\u00eda\",\"breadcrumb\":{\"@id\":\"https:\\\/\\\/www.eltriangle.eu\\\/es\\\/2022\\\/03\\\/07\\\/piden-penas-de-carcel-a-acusados-de-humillar-a-torrecillas-por-el-1-0\\\/#breadcrumb\"},\"inLanguage\":\"es\",\"potentialAction\":[{\"@type\":\"ReadAction\",\"target\":[\"https:\\\/\\\/www.eltriangle.eu\\\/es\\\/2022\\\/03\\\/07\\\/piden-penas-de-carcel-a-acusados-de-humillar-a-torrecillas-por-el-1-0\\\/\"]}]},{\"@type\":\"ImageObject\",\"inLanguage\":\"es\",\"@id\":\"https:\\\/\\\/www.eltriangle.eu\\\/es\\\/2022\\\/03\\\/07\\\/piden-penas-de-carcel-a-acusados-de-humillar-a-torrecillas-por-el-1-0\\\/#primaryimage\",\"url\":\"https:\\\/\\\/www.eltriangle.eu\\\/wp-content\\\/uploads\\\/2022\\\/03\\\/judici-per-amenaces-a-torrecillas.jpg\",\"contentUrl\":\"https:\\\/\\\/www.eltriangle.eu\\\/wp-content\\\/uploads\\\/2022\\\/03\\\/judici-per-amenaces-a-torrecillas.jpg\",\"width\":1200,\"height\":675,\"caption\":\"Judici per amenaces a Torrecillas\"},{\"@type\":\"BreadcrumbList\",\"@id\":\"https:\\\/\\\/www.eltriangle.eu\\\/es\\\/2022\\\/03\\\/07\\\/piden-penas-de-carcel-a-acusados-de-humillar-a-torrecillas-por-el-1-0\\\/#breadcrumb\",\"itemListElement\":[{\"@type\":\"ListItem\",\"position\":1,\"name\":\"Portada\",\"item\":\"https:\\\/\\\/www.eltriangle.eu\\\/es\\\/\"},{\"@type\":\"ListItem\",\"position\":2,\"name\":\"Piden penas de c\u00e1rcel a acusados de humillar a Torrecillas por el 1-0\"}]},{\"@type\":\"WebSite\",\"@id\":\"https:\\\/\\\/www.eltriangle.eu\\\/es\\\/#website\",\"url\":\"https:\\\/\\\/www.eltriangle.eu\\\/es\\\/\",\"name\":\"El Triangle\",\"description\":\"El Triangle \u00e9s un Diari d&#039;informaci\u00f3 general, editat a Catalunya i escrit en llengua catalana, especialitzat en investigaci\u00f3 period\u00edstica\",\"publisher\":{\"@id\":\"https:\\\/\\\/www.eltriangle.eu\\\/es\\\/#organization\"},\"potentialAction\":[{\"@type\":\"SearchAction\",\"target\":{\"@type\":\"EntryPoint\",\"urlTemplate\":\"https:\\\/\\\/www.eltriangle.eu\\\/es\\\/?s={search_term_string}\"},\"query-input\":{\"@type\":\"PropertyValueSpecification\",\"valueRequired\":true,\"valueName\":\"search_term_string\"}}],\"inLanguage\":\"es\"},{\"@type\":[\"Organization\",\"NewsMediaOrganization\"],\"@id\":\"https:\\\/\\\/www.eltriangle.eu\\\/es\\\/#organization\",\"name\":\"El Triangle\",\"url\":\"https:\\\/\\\/www.eltriangle.eu\\\/es\\\/\",\"logo\":{\"@type\":\"ImageObject\",\"inLanguage\":\"es\",\"@id\":\"https:\\\/\\\/www.eltriangle.eu\\\/es\\\/#\\\/schema\\\/logo\\\/image\\\/\",\"url\":\"https:\\\/\\\/www.eltriangle.eu\\\/wp-content\\\/uploads\\\/2020\\\/11\\\/triangle_logo-ajustado.jpg\",\"contentUrl\":\"https:\\\/\\\/www.eltriangle.eu\\\/wp-content\\\/uploads\\\/2020\\\/11\\\/triangle_logo-ajustado.jpg\",\"width\":521,\"height\":92,\"caption\":\"El Triangle\"},\"image\":{\"@id\":\"https:\\\/\\\/www.eltriangle.eu\\\/es\\\/#\\\/schema\\\/logo\\\/image\\\/\"},\"sameAs\":[\"https:\\\/\\\/www.facebook.com\\\/El-Triangle-Diari-101787399020302\",\"https:\\\/\\\/x.com\\\/El_Triangle\",\"https:\\\/\\\/www.youtube.com\\\/channel\\\/UCTIjmYEMYSpdGonuAgNhbcg\"]},{\"@type\":\"Person\",\"@id\":\"https:\\\/\\\/www.eltriangle.eu\\\/es\\\/#\\\/schema\\\/person\\\/df9cb61ef0b061092c35cf7a8636dfc6\",\"name\":\"xavier\",\"image\":{\"@type\":\"ImageObject\",\"inLanguage\":\"es\",\"@id\":\"\\\/\\\/www.gravatar.com\\\/avatar\\\/70cc50ebe4287089b363a6a3c8fa3e72?s=96&#038;r=g&#038;d=mm\",\"url\":\"\\\/\\\/www.gravatar.com\\\/avatar\\\/70cc50ebe4287089b363a6a3c8fa3e72?s=96&#038;r=g&#038;d=mm\",\"contentUrl\":\"\\\/\\\/www.gravatar.com\\\/avatar\\\/70cc50ebe4287089b363a6a3c8fa3e72?s=96&#038;r=g&#038;d=mm\",\"caption\":\"xavier\"},\"url\":\"https:\\\/\\\/www.eltriangle.eu\\\/es\\\/author\\\/xavier\\\/\"},{\"@type\":\"SiteNavigationElement\",\"@id\":\"https:\\\/\\\/www.eltriangle.eu\\\/es\\\/#site-navigation\",\"cssSelector\":[\".cib-main-menu\"]},{\"@type\":\"WPHeader\",\"@id\":\"https:\\\/\\\/www.eltriangle.eu\\\/es\\\/#header\",\"cssSelector\":[\".cib-header\"]},{\"@type\":\"WPFooter\",\"@id\":\"https:\\\/\\\/www.eltriangle.eu\\\/es\\\/#footer\",\"cssSelector\":[\".cib-footer\"]}]}<\/script>\n<!-- \/ Yoast SEO plugin. -->","yoast_head_json":{"title":"Piden penas de c\u00e1rcel a acusados de humillar a Torrecillas por el 1-0 - El Triangle","description":"Marta Torrecillas, la mujer a la que un polic\u00eda lesion\u00f3 los dedos de la mano el 1-O en una escuela de Barcelona, \u200b\u200basegur\u00f3 este lunes que desde ese d\u00eda","robots":{"index":"index","follow":"follow","max-snippet":"max-snippet:-1","max-image-preview":"max-image-preview:large","max-video-preview":"max-video-preview:-1"},"canonical":"https:\/\/www.eltriangle.eu\/es\/2022\/03\/07\/piden-penas-de-carcel-a-acusados-de-humillar-a-torrecillas-por-el-1-0\/","og_locale":"es_ES","og_type":"article","og_title":"Piden penas de c\u00e1rcel a acusados de humillar a Torrecillas por el 1-0 - El Triangle","og_description":"Marta Torrecillas, la mujer a la que un polic\u00eda lesion\u00f3 los dedos de la mano el 1-O en una escuela de Barcelona, \u200b\u200basegur\u00f3 este lunes que desde ese d\u00eda","og_url":"https:\/\/www.eltriangle.eu\/es\/2022\/03\/07\/piden-penas-de-carcel-a-acusados-de-humillar-a-torrecillas-por-el-1-0\/","og_site_name":"El Triangle","article_publisher":"https:\/\/www.facebook.com\/El-Triangle-Diari-101787399020302","article_published_time":"2022-03-07T18:48:06+00:00","og_image":[{"width":1200,"height":675,"url":"https:\/\/www.eltriangle.eu\/wp-content\/uploads\/2022\/03\/judici-per-amenaces-a-torrecillas.jpg","type":"image\/jpeg"}],"author":"xavier","twitter_card":"summary_large_image","twitter_creator":"@El_Triangle","twitter_site":"@El_Triangle","twitter_misc":{"Escrito por":"xavier","Tiempo de lectura":"1 minuto"},"schema":{"@context":"https:\/\/schema.org","@graph":[{"@type":"NewsArticle","@id":"https:\/\/www.eltriangle.eu\/es\/2022\/03\/07\/piden-penas-de-carcel-a-acusados-de-humillar-a-torrecillas-por-el-1-0\/#article","isPartOf":{"@id":"https:\/\/www.eltriangle.eu\/es\/2022\/03\/07\/piden-penas-de-carcel-a-acusados-de-humillar-a-torrecillas-por-el-1-0\/"},"author":{"name":"xavier","@id":"https:\/\/www.eltriangle.eu\/es\/#\/schema\/person\/df9cb61ef0b061092c35cf7a8636dfc6"},"headline":"Piden penas de c\u00e1rcel a acusados de humillar a Torrecillas por el 1-0","datePublished":"2022-03-07T18:48:06+00:00","mainEntityOfPage":{"@id":"https:\/\/www.eltriangle.eu\/es\/2022\/03\/07\/piden-penas-de-carcel-a-acusados-de-humillar-a-torrecillas-por-el-1-0\/"},"wordCount":247,"commentCount":0,"publisher":{"@id":"https:\/\/www.eltriangle.eu\/es\/#organization"},"image":{"@id":"https:\/\/www.eltriangle.eu\/es\/2022\/03\/07\/piden-penas-de-carcel-a-acusados-de-humillar-a-torrecillas-por-el-1-0\/#primaryimage"},"thumbnailUrl":"https:\/\/www.eltriangle.eu\/wp-content\/uploads\/2022\/03\/judici-per-amenaces-a-torrecillas.jpg","keywords":["1-O"],"articleSection":["Actualidad","Tribunales"],"inLanguage":"es","potentialAction":[{"@type":"CommentAction","name":"Comment","target":["https:\/\/www.eltriangle.eu\/es\/2022\/03\/07\/piden-penas-de-carcel-a-acusados-de-humillar-a-torrecillas-por-el-1-0\/#respond"]}]},{"@type":"WebPage","@id":"https:\/\/www.eltriangle.eu\/es\/2022\/03\/07\/piden-penas-de-carcel-a-acusados-de-humillar-a-torrecillas-por-el-1-0\/","url":"https:\/\/www.eltriangle.eu\/es\/2022\/03\/07\/piden-penas-de-carcel-a-acusados-de-humillar-a-torrecillas-por-el-1-0\/","name":"Piden penas de c\u00e1rcel a acusados de humillar a Torrecillas por el 1-0 - El Triangle","isPartOf":{"@id":"https:\/\/www.eltriangle.eu\/es\/#website"},"primaryImageOfPage":{"@id":"https:\/\/www.eltriangle.eu\/es\/2022\/03\/07\/piden-penas-de-carcel-a-acusados-de-humillar-a-torrecillas-por-el-1-0\/#primaryimage"},"image":{"@id":"https:\/\/www.eltriangle.eu\/es\/2022\/03\/07\/piden-penas-de-carcel-a-acusados-de-humillar-a-torrecillas-por-el-1-0\/#primaryimage"},"thumbnailUrl":"https:\/\/www.eltriangle.eu\/wp-content\/uploads\/2022\/03\/judici-per-amenaces-a-torrecillas.jpg","datePublished":"2022-03-07T18:48:06+00:00","description":"Marta Torrecillas, la mujer a la que un polic\u00eda lesion\u00f3 los dedos de la mano el 1-O en una escuela de Barcelona, \u200b\u200basegur\u00f3 este lunes que desde ese d\u00eda","breadcrumb":{"@id":"https:\/\/www.eltriangle.eu\/es\/2022\/03\/07\/piden-penas-de-carcel-a-acusados-de-humillar-a-torrecillas-por-el-1-0\/#breadcrumb"},"inLanguage":"es","potentialAction":[{"@type":"ReadAction","target":["https:\/\/www.eltriangle.eu\/es\/2022\/03\/07\/piden-penas-de-carcel-a-acusados-de-humillar-a-torrecillas-por-el-1-0\/"]}]},{"@type":"ImageObject","inLanguage":"es","@id":"https:\/\/www.eltriangle.eu\/es\/2022\/03\/07\/piden-penas-de-carcel-a-acusados-de-humillar-a-torrecillas-por-el-1-0\/#primaryimage","url":"https:\/\/www.eltriangle.eu\/wp-content\/uploads\/2022\/03\/judici-per-amenaces-a-torrecillas.jpg","contentUrl":"https:\/\/www.eltriangle.eu\/wp-content\/uploads\/2022\/03\/judici-per-amenaces-a-torrecillas.jpg","width":1200,"height":675,"caption":"Judici per amenaces a Torrecillas"},{"@type":"BreadcrumbList","@id":"https:\/\/www.eltriangle.eu\/es\/2022\/03\/07\/piden-penas-de-carcel-a-acusados-de-humillar-a-torrecillas-por-el-1-0\/#breadcrumb","itemListElement":[{"@type":"ListItem","position":1,"name":"Portada","item":"https:\/\/www.eltriangle.eu\/es\/"},{"@type":"ListItem","position":2,"name":"Piden penas de c\u00e1rcel a acusados de humillar a Torrecillas por el 1-0"}]},{"@type":"WebSite","@id":"https:\/\/www.eltriangle.eu\/es\/#website","url":"https:\/\/www.eltriangle.eu\/es\/","name":"El Triangle","description":"El Triangle \u00e9s un Diari d&#039;informaci\u00f3 general, editat a Catalunya i escrit en llengua catalana, especialitzat en investigaci\u00f3 period\u00edstica","publisher":{"@id":"https:\/\/www.eltriangle.eu\/es\/#organization"},"potentialAction":[{"@type":"SearchAction","target":{"@type":"EntryPoint","urlTemplate":"https:\/\/www.eltriangle.eu\/es\/?s={search_term_string}"},"query-input":{"@type":"PropertyValueSpecification","valueRequired":true,"valueName":"search_term_string"}}],"inLanguage":"es"},{"@type":["Organization","NewsMediaOrganization"],"@id":"https:\/\/www.eltriangle.eu\/es\/#organization","name":"El Triangle","url":"https:\/\/www.eltriangle.eu\/es\/","logo":{"@type":"ImageObject","inLanguage":"es","@id":"https:\/\/www.eltriangle.eu\/es\/#\/schema\/logo\/image\/","url":"https:\/\/www.eltriangle.eu\/wp-content\/uploads\/2020\/11\/triangle_logo-ajustado.jpg","contentUrl":"https:\/\/www.eltriangle.eu\/wp-content\/uploads\/2020\/11\/triangle_logo-ajustado.jpg","width":521,"height":92,"caption":"El Triangle"},"image":{"@id":"https:\/\/www.eltriangle.eu\/es\/#\/schema\/logo\/image\/"},"sameAs":["https:\/\/www.facebook.com\/El-Triangle-Diari-101787399020302","https:\/\/x.com\/El_Triangle","https:\/\/www.youtube.com\/channel\/UCTIjmYEMYSpdGonuAgNhbcg"]},{"@type":"Person","@id":"https:\/\/www.eltriangle.eu\/es\/#\/schema\/person\/df9cb61ef0b061092c35cf7a8636dfc6","name":"xavier","image":{"@type":"ImageObject","inLanguage":"es","@id":"\/\/www.gravatar.com\/avatar\/70cc50ebe4287089b363a6a3c8fa3e72?s=96&#038;r=g&#038;d=mm","url":"\/\/www.gravatar.com\/avatar\/70cc50ebe4287089b363a6a3c8fa3e72?s=96&#038;r=g&#038;d=mm","contentUrl":"\/\/www.gravatar.com\/avatar\/70cc50ebe4287089b363a6a3c8fa3e72?s=96&#038;r=g&#038;d=mm","caption":"xavier"},"url":"https:\/\/www.eltriangle.eu\/es\/author\/xavier\/"},{"@type":"SiteNavigationElement","@id":"https:\/\/www.eltriangle.eu\/es\/#site-navigation","cssSelector":[".cib-main-menu"]},{"@type":"WPHeader","@id":"https:\/\/www.eltriangle.eu\/es\/#header","cssSelector":[".cib-header"]},{"@type":"WPFooter","@id":"https:\/\/www.eltriangle.eu\/es\/#footer","cssSelector":[".cib-footer"]}]}},"amp_enabled":true,"_links":{"self":[{"href":"https:\/\/www.eltriangle.eu\/es\/wp-json\/wp\/v2\/posts\/132394","targetHints":{"allow":["GET"]}}],"collection":[{"href":"https:\/\/www.eltriangle.eu\/es\/wp-json\/wp\/v2\/posts"}],"about":[{"href":"https:\/\/www.eltriangle.eu\/es\/wp-json\/wp\/v2\/types\/post"}],"author":[{"embeddable":true,"href":"https:\/\/www.eltriangle.eu\/es\/wp-json\/wp\/v2\/users\/97"}],"replies":[{"embeddable":true,"href":"https:\/\/www.eltriangle.eu\/es\/wp-json\/wp\/v2\/comments?post=132394"}],"version-history":[{"count":0,"href":"https:\/\/www.eltriangle.eu\/es\/wp-json\/wp\/v2\/posts\/132394\/revisions"}],"wp:featuredmedia":[{"embeddable":true,"href":"https:\/\/www.eltriangle.eu\/es\/wp-json\/wp\/v2\/media\/132391"}],"wp:attachment":[{"href":"https:\/\/www.eltriangle.eu\/es\/wp-json\/wp\/v2\/media?parent=132394"}],"wp:term":[{"taxonomy":"category","embeddable":true,"href":"https:\/\/www.eltriangle.eu\/es\/wp-json\/wp\/v2\/categories?post=132394"},{"taxonomy":"post_tag","embeddable":true,"href":"https:\/\/www.eltriangle.eu\/es\/wp-json\/wp\/v2\/tags?post=132394"}],"curies":[{"name":"wp","href":"https:\/\/api.w.org\/{rel}","templated":true}]}}