{"id":117077,"date":"2021-10-19T14:28:17","date_gmt":"2021-10-19T12:28:17","guid":{"rendered":null},"modified":"2021-10-19T14:28:17","modified_gmt":"2021-10-19T12:28:17","slug":"puignero-anuncia-el-traspaso-de-las-cercanias-de-lleida-en-2024","status":"publish","type":"post","link":"https:\/\/www.eltriangle.eu\/es\/2021\/10\/19\/puignero-anuncia-el-traspaso-de-las-cercanias-de-lleida-en-2024\/","title":{"rendered":"Puigner\u00f3 anuncia el traspaso de las Cercan\u00edas de Lleida en 2024"},"content":{"rendered":"<p>El vicepresidente del Gobierno y consejero de Pol\u00edticas Digitales y Territorio, <strong>Jordi Puigner\u00f3<\/strong>, ha anunciado este martes la <strong>adjudicaci\u00f3n del servicio de Cercan\u00edas de Lleida a Ferrocarriles de la Generalitat<\/strong> (FGC) a partir del 2024. \u00abEsta ser\u00e1 la legislatura del traspaso y mejora de Cercan\u00edas. Empezamos por Lleida\u00bb, ha comunicado el vicepresidente.<\/p>\n<p>Puigner\u00f3 ha explicado que se transformar\u00e1 la <strong>R12<\/strong> en un sistema de <strong>dos l\u00edneas que conectar\u00e1n Lleida con Cervera y Cervera con Manresa<\/strong>, y que se doblar\u00e1 su frecuencia de paso. Concretamente, la l\u00ednea Lleida-Cervera (RL3) pasar\u00e1 de seis a 12 viajes, y la l\u00ednea Cervera-Manresa (RL4) de tres a cinco. \u00abEstimamos que el servicio incremente en un 55% la demanda\u00bb, ha comentado.<\/p>\n<p>Seg\u00fan el vicepresidente,<strong> el coste anual de este traspaso ser\u00e1 de 9 millones de euros<\/strong>. Adem\u00e1s, el ejecutivo ha anunciado la <strong>adquisici\u00f3n de nuevos trenes por valor de 44 millones<\/strong>, cuyo mantenimiento -durante 15 a\u00f1os- subir\u00e1 hasta los 21 millones de euros. Este es el primer paso del Gobierno catal\u00e1n para alcanzar su objetivo principal: obtener la gesti\u00f3n total del servicio de trenes en Catalu\u00f1a.<\/p>\n<p>Puigner\u00f3 ha afirmado que la adjudicaci\u00f3n de Cercan\u00edas de Lleida a FGC permitir\u00e1 mejoras concretas en cuanto a la frecuencia de trenes, la cadencia, una mejor oferta en hora punta y una mayor calidad del servicio. Por ello, el vicepresidente ha insistido en el traspaso total y ha asegurado que \u00aben el fondo, estamos haciendo un favor al Estado asumiendo esta gesti\u00f3n\u00bb.<\/p>\n<p>\u00ab<strong>Emplazo al Estado a hacer efectivo el traspaso completo de Cercan\u00edas<\/strong>, no el de &#8216;feria&#8217; del 2019&#8243;, ha comentado Puigner\u00f3, que ha definido la \u00faltima concesi\u00f3n de competencias como \u00abun traspaso de medio pelo\u00bb. El vicepresidente y consejero ha asegurado que la gesti\u00f3n de FGC es m\u00e1s eficiente que la de Renfe, y ha instado al Gobierno a comprobarlo: \u00abLos invito a subirse y ver\u00e1n las diferencias\u00bb.<\/p>\n","protected":false},"excerpt":{"rendered":"<p>El vicepresidente del Gobierno y consejero de Pol\u00edticas Digitales y Territorio, Jordi Puigner\u00f3, ha anunciado este martes la adjudicaci\u00f3n del servicio de Cercan\u00edas de Lleida a Ferrocarriles de la Generalitat (FGC) a partir del 2024. \u00abEsta ser\u00e1 la legislatura del traspaso y mejora de Cercan\u00edas. Empezamos por Lleida\u00bb, ha comunicado el vicepresidente. Puigner\u00f3 ha explicado &#8230; <a title=\"Puigner\u00f3 anuncia el traspaso de las Cercan\u00edas de Lleida en 2024\" class=\"read-more\" href=\"https:\/\/www.eltriangle.eu\/es\/2021\/10\/19\/puignero-anuncia-el-traspaso-de-las-cercanias-de-lleida-en-2024\/\" aria-label=\"Leer m\u00e1s sobre Puigner\u00f3 anuncia el traspaso de las Cercan\u00edas de Lleida en 2024\">Leer m\u00e1s<\/a><\/p>\n","protected":false},"author":116,"featured_media":117075,"comment_status":"open","ping_status":"closed","sticky":false,"template":"","format":"standard","meta":{"_acf_changed":false,"pmpro_default_level":"","footnotes":""},"categories":[24,131,74],"tags":[1249,322],"class_list":["post-117077","post","type-post","status-publish","format-standard","has-post-thumbnail","hentry","category-actualidad","category-apertura-es","category-poderes","tag-cercanias","tag-jordi-puignero-es","lh_instant_articles-syndicate-yes","pmpro-has-access"],"acf":[],"yoast_head":"<!-- This site is optimized with the Yoast SEO plugin v27.4 - https:\/\/yoast.com\/product\/yoast-seo-wordpress\/ -->\n<title>Puigner\u00f3 anuncia el traspaso de las Cercan\u00edas de Lleida en 2024 - El Triangle<\/title>\n<meta name=\"description\" content=\"El vicepresidente del Gobierno y consejero de Pol\u00edticas Digitales y Territorio, Jordi Puigner\u00f3, ha anunciado este martes la adjudicaci\u00f3n del servicio de\" class=\"yoast-seo-meta-tag\" \/>\n<meta name=\"robots\" content=\"index, follow, max-snippet:-1, max-image-preview:large, max-video-preview:-1\" \/>\n<link rel=\"canonical\" href=\"https:\/\/www.eltriangle.eu\/es\/2021\/10\/19\/puignero-anuncia-el-traspaso-de-las-cercanias-de-lleida-en-2024\/\" class=\"yoast-seo-meta-tag\" \/>\n<meta property=\"og:locale\" content=\"es_ES\" class=\"yoast-seo-meta-tag\" \/>\n<meta property=\"og:type\" content=\"article\" class=\"yoast-seo-meta-tag\" \/>\n<meta property=\"og:title\" content=\"Puigner\u00f3 anuncia el traspaso de las Cercan\u00edas de Lleida en 2024 - El Triangle\" class=\"yoast-seo-meta-tag\" \/>\n<meta property=\"og:description\" content=\"El vicepresidente del Gobierno y consejero de Pol\u00edticas Digitales y Territorio, Jordi Puigner\u00f3, ha anunciado este martes la adjudicaci\u00f3n del servicio de\" class=\"yoast-seo-meta-tag\" \/>\n<meta property=\"og:url\" content=\"https:\/\/www.eltriangle.eu\/es\/2021\/10\/19\/puignero-anuncia-el-traspaso-de-las-cercanias-de-lleida-en-2024\/\" class=\"yoast-seo-meta-tag\" \/>\n<meta property=\"og:site_name\" content=\"El Triangle\" class=\"yoast-seo-meta-tag\" \/>\n<meta property=\"article:publisher\" content=\"https:\/\/www.facebook.com\/El-Triangle-Diari-101787399020302\" class=\"yoast-seo-meta-tag\" \/>\n<meta property=\"article:published_time\" content=\"2021-10-19T12:28:17+00:00\" class=\"yoast-seo-meta-tag\" \/>\n<meta property=\"og:image\" content=\"https:\/\/www.eltriangle.eu\/wp-content\/uploads\/2021\/10\/captura-de-pantalla-2021-10-19-a-las-141948.png\" class=\"yoast-seo-meta-tag\" \/>\n\t<meta property=\"og:image:width\" content=\"1200\" class=\"yoast-seo-meta-tag\" \/>\n\t<meta property=\"og:image:height\" content=\"674\" class=\"yoast-seo-meta-tag\" \/>\n\t<meta property=\"og:image:type\" content=\"image\/png\" class=\"yoast-seo-meta-tag\" \/>\n<meta name=\"author\" content=\"Mireia Marquez\" class=\"yoast-seo-meta-tag\" \/>\n<meta name=\"twitter:card\" content=\"summary_large_image\" class=\"yoast-seo-meta-tag\" \/>\n<meta name=\"twitter:creator\" content=\"@El_Triangle\" class=\"yoast-seo-meta-tag\" \/>\n<meta name=\"twitter:site\" content=\"@El_Triangle\" class=\"yoast-seo-meta-tag\" \/>\n<meta name=\"twitter:label1\" content=\"Escrito por\" class=\"yoast-seo-meta-tag\" \/>\n\t<meta name=\"twitter:data1\" content=\"Mireia Marquez\" class=\"yoast-seo-meta-tag\" \/>\n\t<meta name=\"twitter:label2\" content=\"Tiempo de lectura\" class=\"yoast-seo-meta-tag\" \/>\n\t<meta name=\"twitter:data2\" content=\"2 minutos\" class=\"yoast-seo-meta-tag\" \/>\n<script type=\"application\/ld+json\" class=\"yoast-schema-graph\">{\"@context\":\"https:\\\/\\\/schema.org\",\"@graph\":[{\"@type\":\"NewsArticle\",\"@id\":\"https:\\\/\\\/www.eltriangle.eu\\\/es\\\/2021\\\/10\\\/19\\\/puignero-anuncia-el-traspaso-de-las-cercanias-de-lleida-en-2024\\\/#article\",\"isPartOf\":{\"@id\":\"https:\\\/\\\/www.eltriangle.eu\\\/es\\\/2021\\\/10\\\/19\\\/puignero-anuncia-el-traspaso-de-las-cercanias-de-lleida-en-2024\\\/\"},\"author\":{\"name\":\"Mireia Marquez\",\"@id\":\"https:\\\/\\\/www.eltriangle.eu\\\/es\\\/#\\\/schema\\\/person\\\/a74e1a5cc56e2debe2bc7ccf5bdbbb55\"},\"headline\":\"Puigner\u00f3 anuncia el traspaso de las Cercan\u00edas de Lleida en 2024\",\"datePublished\":\"2021-10-19T12:28:17+00:00\",\"mainEntityOfPage\":{\"@id\":\"https:\\\/\\\/www.eltriangle.eu\\\/es\\\/2021\\\/10\\\/19\\\/puignero-anuncia-el-traspaso-de-las-cercanias-de-lleida-en-2024\\\/\"},\"wordCount\":335,\"commentCount\":0,\"publisher\":{\"@id\":\"https:\\\/\\\/www.eltriangle.eu\\\/es\\\/#organization\"},\"image\":{\"@id\":\"https:\\\/\\\/www.eltriangle.eu\\\/es\\\/2021\\\/10\\\/19\\\/puignero-anuncia-el-traspaso-de-las-cercanias-de-lleida-en-2024\\\/#primaryimage\"},\"thumbnailUrl\":\"https:\\\/\\\/www.eltriangle.eu\\\/wp-content\\\/uploads\\\/2021\\\/10\\\/captura-de-pantalla-2021-10-19-a-las-141948.png\",\"keywords\":[\"Cercan\u00edas\",\"Jordi Puigner\u00f3\"],\"articleSection\":[\"Actualidad\",\"Apertura\",\"Poderes\"],\"inLanguage\":\"es\",\"potentialAction\":[{\"@type\":\"CommentAction\",\"name\":\"Comment\",\"target\":[\"https:\\\/\\\/www.eltriangle.eu\\\/es\\\/2021\\\/10\\\/19\\\/puignero-anuncia-el-traspaso-de-las-cercanias-de-lleida-en-2024\\\/#respond\"]}]},{\"@type\":\"WebPage\",\"@id\":\"https:\\\/\\\/www.eltriangle.eu\\\/es\\\/2021\\\/10\\\/19\\\/puignero-anuncia-el-traspaso-de-las-cercanias-de-lleida-en-2024\\\/\",\"url\":\"https:\\\/\\\/www.eltriangle.eu\\\/es\\\/2021\\\/10\\\/19\\\/puignero-anuncia-el-traspaso-de-las-cercanias-de-lleida-en-2024\\\/\",\"name\":\"Puigner\u00f3 anuncia el traspaso de las Cercan\u00edas de Lleida en 2024 - El Triangle\",\"isPartOf\":{\"@id\":\"https:\\\/\\\/www.eltriangle.eu\\\/es\\\/#website\"},\"primaryImageOfPage\":{\"@id\":\"https:\\\/\\\/www.eltriangle.eu\\\/es\\\/2021\\\/10\\\/19\\\/puignero-anuncia-el-traspaso-de-las-cercanias-de-lleida-en-2024\\\/#primaryimage\"},\"image\":{\"@id\":\"https:\\\/\\\/www.eltriangle.eu\\\/es\\\/2021\\\/10\\\/19\\\/puignero-anuncia-el-traspaso-de-las-cercanias-de-lleida-en-2024\\\/#primaryimage\"},\"thumbnailUrl\":\"https:\\\/\\\/www.eltriangle.eu\\\/wp-content\\\/uploads\\\/2021\\\/10\\\/captura-de-pantalla-2021-10-19-a-las-141948.png\",\"datePublished\":\"2021-10-19T12:28:17+00:00\",\"description\":\"El vicepresidente del Gobierno y consejero de Pol\u00edticas Digitales y Territorio, Jordi Puigner\u00f3, ha anunciado este martes la adjudicaci\u00f3n del servicio de\",\"breadcrumb\":{\"@id\":\"https:\\\/\\\/www.eltriangle.eu\\\/es\\\/2021\\\/10\\\/19\\\/puignero-anuncia-el-traspaso-de-las-cercanias-de-lleida-en-2024\\\/#breadcrumb\"},\"inLanguage\":\"es\",\"potentialAction\":[{\"@type\":\"ReadAction\",\"target\":[\"https:\\\/\\\/www.eltriangle.eu\\\/es\\\/2021\\\/10\\\/19\\\/puignero-anuncia-el-traspaso-de-las-cercanias-de-lleida-en-2024\\\/\"]}]},{\"@type\":\"ImageObject\",\"inLanguage\":\"es\",\"@id\":\"https:\\\/\\\/www.eltriangle.eu\\\/es\\\/2021\\\/10\\\/19\\\/puignero-anuncia-el-traspaso-de-las-cercanias-de-lleida-en-2024\\\/#primaryimage\",\"url\":\"https:\\\/\\\/www.eltriangle.eu\\\/wp-content\\\/uploads\\\/2021\\\/10\\\/captura-de-pantalla-2021-10-19-a-las-141948.png\",\"contentUrl\":\"https:\\\/\\\/www.eltriangle.eu\\\/wp-content\\\/uploads\\\/2021\\\/10\\\/captura-de-pantalla-2021-10-19-a-las-141948.png\",\"width\":1200,\"height\":674,\"caption\":\"El vicepresidente del gobierno catal\u00e1n y consejero de Pol\u00edticas Digitales y Territorio, Jordi Puigner\u00f3\"},{\"@type\":\"BreadcrumbList\",\"@id\":\"https:\\\/\\\/www.eltriangle.eu\\\/es\\\/2021\\\/10\\\/19\\\/puignero-anuncia-el-traspaso-de-las-cercanias-de-lleida-en-2024\\\/#breadcrumb\",\"itemListElement\":[{\"@type\":\"ListItem\",\"position\":1,\"name\":\"Portada\",\"item\":\"https:\\\/\\\/www.eltriangle.eu\\\/es\\\/\"},{\"@type\":\"ListItem\",\"position\":2,\"name\":\"Puigner\u00f3 anuncia el traspaso de las Cercan\u00edas de Lleida en 2024\"}]},{\"@type\":\"WebSite\",\"@id\":\"https:\\\/\\\/www.eltriangle.eu\\\/es\\\/#website\",\"url\":\"https:\\\/\\\/www.eltriangle.eu\\\/es\\\/\",\"name\":\"El Triangle\",\"description\":\"El Triangle \u00e9s un Diari d&#039;informaci\u00f3 general, editat a Catalunya i escrit en llengua catalana, especialitzat en investigaci\u00f3 period\u00edstica\",\"publisher\":{\"@id\":\"https:\\\/\\\/www.eltriangle.eu\\\/es\\\/#organization\"},\"potentialAction\":[{\"@type\":\"SearchAction\",\"target\":{\"@type\":\"EntryPoint\",\"urlTemplate\":\"https:\\\/\\\/www.eltriangle.eu\\\/es\\\/?s={search_term_string}\"},\"query-input\":{\"@type\":\"PropertyValueSpecification\",\"valueRequired\":true,\"valueName\":\"search_term_string\"}}],\"inLanguage\":\"es\"},{\"@type\":[\"Organization\",\"NewsMediaOrganization\"],\"@id\":\"https:\\\/\\\/www.eltriangle.eu\\\/es\\\/#organization\",\"name\":\"El Triangle\",\"url\":\"https:\\\/\\\/www.eltriangle.eu\\\/es\\\/\",\"logo\":{\"@type\":\"ImageObject\",\"inLanguage\":\"es\",\"@id\":\"https:\\\/\\\/www.eltriangle.eu\\\/es\\\/#\\\/schema\\\/logo\\\/image\\\/\",\"url\":\"https:\\\/\\\/www.eltriangle.eu\\\/wp-content\\\/uploads\\\/2020\\\/11\\\/triangle_logo-ajustado.jpg\",\"contentUrl\":\"https:\\\/\\\/www.eltriangle.eu\\\/wp-content\\\/uploads\\\/2020\\\/11\\\/triangle_logo-ajustado.jpg\",\"width\":521,\"height\":92,\"caption\":\"El Triangle\"},\"image\":{\"@id\":\"https:\\\/\\\/www.eltriangle.eu\\\/es\\\/#\\\/schema\\\/logo\\\/image\\\/\"},\"sameAs\":[\"https:\\\/\\\/www.facebook.com\\\/El-Triangle-Diari-101787399020302\",\"https:\\\/\\\/x.com\\\/El_Triangle\",\"https:\\\/\\\/www.youtube.com\\\/channel\\\/UCTIjmYEMYSpdGonuAgNhbcg\"]},{\"@type\":\"Person\",\"@id\":\"https:\\\/\\\/www.eltriangle.eu\\\/es\\\/#\\\/schema\\\/person\\\/a74e1a5cc56e2debe2bc7ccf5bdbbb55\",\"name\":\"Mireia Marquez\",\"image\":{\"@type\":\"ImageObject\",\"inLanguage\":\"es\",\"@id\":\"\\\/\\\/www.gravatar.com\\\/avatar\\\/92bb22d74e94a12bb58a9178eb127215?s=96&#038;r=g&#038;d=mm\",\"url\":\"\\\/\\\/www.gravatar.com\\\/avatar\\\/92bb22d74e94a12bb58a9178eb127215?s=96&#038;r=g&#038;d=mm\",\"contentUrl\":\"\\\/\\\/www.gravatar.com\\\/avatar\\\/92bb22d74e94a12bb58a9178eb127215?s=96&#038;r=g&#038;d=mm\",\"caption\":\"Mireia Marquez\"},\"url\":\"https:\\\/\\\/www.eltriangle.eu\\\/es\\\/author\\\/mireia\\\/\"},{\"@type\":\"SiteNavigationElement\",\"@id\":\"https:\\\/\\\/www.eltriangle.eu\\\/es\\\/#site-navigation\",\"cssSelector\":[\".cib-main-menu\"]},{\"@type\":\"WPHeader\",\"@id\":\"https:\\\/\\\/www.eltriangle.eu\\\/es\\\/#header\",\"cssSelector\":[\".cib-header\"]},{\"@type\":\"WPFooter\",\"@id\":\"https:\\\/\\\/www.eltriangle.eu\\\/es\\\/#footer\",\"cssSelector\":[\".cib-footer\"]}]}<\/script>\n<!-- \/ Yoast SEO plugin. -->","yoast_head_json":{"title":"Puigner\u00f3 anuncia el traspaso de las Cercan\u00edas de Lleida en 2024 - El Triangle","description":"El vicepresidente del Gobierno y consejero de Pol\u00edticas Digitales y Territorio, Jordi Puigner\u00f3, ha anunciado este martes la adjudicaci\u00f3n del servicio de","robots":{"index":"index","follow":"follow","max-snippet":"max-snippet:-1","max-image-preview":"max-image-preview:large","max-video-preview":"max-video-preview:-1"},"canonical":"https:\/\/www.eltriangle.eu\/es\/2021\/10\/19\/puignero-anuncia-el-traspaso-de-las-cercanias-de-lleida-en-2024\/","og_locale":"es_ES","og_type":"article","og_title":"Puigner\u00f3 anuncia el traspaso de las Cercan\u00edas de Lleida en 2024 - El Triangle","og_description":"El vicepresidente del Gobierno y consejero de Pol\u00edticas Digitales y Territorio, Jordi Puigner\u00f3, ha anunciado este martes la adjudicaci\u00f3n del servicio de","og_url":"https:\/\/www.eltriangle.eu\/es\/2021\/10\/19\/puignero-anuncia-el-traspaso-de-las-cercanias-de-lleida-en-2024\/","og_site_name":"El Triangle","article_publisher":"https:\/\/www.facebook.com\/El-Triangle-Diari-101787399020302","article_published_time":"2021-10-19T12:28:17+00:00","og_image":[{"width":1200,"height":674,"url":"https:\/\/www.eltriangle.eu\/wp-content\/uploads\/2021\/10\/captura-de-pantalla-2021-10-19-a-las-141948.png","type":"image\/png"}],"author":"Mireia Marquez","twitter_card":"summary_large_image","twitter_creator":"@El_Triangle","twitter_site":"@El_Triangle","twitter_misc":{"Escrito por":"Mireia Marquez","Tiempo de lectura":"2 minutos"},"schema":{"@context":"https:\/\/schema.org","@graph":[{"@type":"NewsArticle","@id":"https:\/\/www.eltriangle.eu\/es\/2021\/10\/19\/puignero-anuncia-el-traspaso-de-las-cercanias-de-lleida-en-2024\/#article","isPartOf":{"@id":"https:\/\/www.eltriangle.eu\/es\/2021\/10\/19\/puignero-anuncia-el-traspaso-de-las-cercanias-de-lleida-en-2024\/"},"author":{"name":"Mireia Marquez","@id":"https:\/\/www.eltriangle.eu\/es\/#\/schema\/person\/a74e1a5cc56e2debe2bc7ccf5bdbbb55"},"headline":"Puigner\u00f3 anuncia el traspaso de las Cercan\u00edas de Lleida en 2024","datePublished":"2021-10-19T12:28:17+00:00","mainEntityOfPage":{"@id":"https:\/\/www.eltriangle.eu\/es\/2021\/10\/19\/puignero-anuncia-el-traspaso-de-las-cercanias-de-lleida-en-2024\/"},"wordCount":335,"commentCount":0,"publisher":{"@id":"https:\/\/www.eltriangle.eu\/es\/#organization"},"image":{"@id":"https:\/\/www.eltriangle.eu\/es\/2021\/10\/19\/puignero-anuncia-el-traspaso-de-las-cercanias-de-lleida-en-2024\/#primaryimage"},"thumbnailUrl":"https:\/\/www.eltriangle.eu\/wp-content\/uploads\/2021\/10\/captura-de-pantalla-2021-10-19-a-las-141948.png","keywords":["Cercan\u00edas","Jordi Puigner\u00f3"],"articleSection":["Actualidad","Apertura","Poderes"],"inLanguage":"es","potentialAction":[{"@type":"CommentAction","name":"Comment","target":["https:\/\/www.eltriangle.eu\/es\/2021\/10\/19\/puignero-anuncia-el-traspaso-de-las-cercanias-de-lleida-en-2024\/#respond"]}]},{"@type":"WebPage","@id":"https:\/\/www.eltriangle.eu\/es\/2021\/10\/19\/puignero-anuncia-el-traspaso-de-las-cercanias-de-lleida-en-2024\/","url":"https:\/\/www.eltriangle.eu\/es\/2021\/10\/19\/puignero-anuncia-el-traspaso-de-las-cercanias-de-lleida-en-2024\/","name":"Puigner\u00f3 anuncia el traspaso de las Cercan\u00edas de Lleida en 2024 - El Triangle","isPartOf":{"@id":"https:\/\/www.eltriangle.eu\/es\/#website"},"primaryImageOfPage":{"@id":"https:\/\/www.eltriangle.eu\/es\/2021\/10\/19\/puignero-anuncia-el-traspaso-de-las-cercanias-de-lleida-en-2024\/#primaryimage"},"image":{"@id":"https:\/\/www.eltriangle.eu\/es\/2021\/10\/19\/puignero-anuncia-el-traspaso-de-las-cercanias-de-lleida-en-2024\/#primaryimage"},"thumbnailUrl":"https:\/\/www.eltriangle.eu\/wp-content\/uploads\/2021\/10\/captura-de-pantalla-2021-10-19-a-las-141948.png","datePublished":"2021-10-19T12:28:17+00:00","description":"El vicepresidente del Gobierno y consejero de Pol\u00edticas Digitales y Territorio, Jordi Puigner\u00f3, ha anunciado este martes la adjudicaci\u00f3n del servicio de","breadcrumb":{"@id":"https:\/\/www.eltriangle.eu\/es\/2021\/10\/19\/puignero-anuncia-el-traspaso-de-las-cercanias-de-lleida-en-2024\/#breadcrumb"},"inLanguage":"es","potentialAction":[{"@type":"ReadAction","target":["https:\/\/www.eltriangle.eu\/es\/2021\/10\/19\/puignero-anuncia-el-traspaso-de-las-cercanias-de-lleida-en-2024\/"]}]},{"@type":"ImageObject","inLanguage":"es","@id":"https:\/\/www.eltriangle.eu\/es\/2021\/10\/19\/puignero-anuncia-el-traspaso-de-las-cercanias-de-lleida-en-2024\/#primaryimage","url":"https:\/\/www.eltriangle.eu\/wp-content\/uploads\/2021\/10\/captura-de-pantalla-2021-10-19-a-las-141948.png","contentUrl":"https:\/\/www.eltriangle.eu\/wp-content\/uploads\/2021\/10\/captura-de-pantalla-2021-10-19-a-las-141948.png","width":1200,"height":674,"caption":"El vicepresidente del gobierno catal\u00e1n y consejero de Pol\u00edticas Digitales y Territorio, Jordi Puigner\u00f3"},{"@type":"BreadcrumbList","@id":"https:\/\/www.eltriangle.eu\/es\/2021\/10\/19\/puignero-anuncia-el-traspaso-de-las-cercanias-de-lleida-en-2024\/#breadcrumb","itemListElement":[{"@type":"ListItem","position":1,"name":"Portada","item":"https:\/\/www.eltriangle.eu\/es\/"},{"@type":"ListItem","position":2,"name":"Puigner\u00f3 anuncia el traspaso de las Cercan\u00edas de Lleida en 2024"}]},{"@type":"WebSite","@id":"https:\/\/www.eltriangle.eu\/es\/#website","url":"https:\/\/www.eltriangle.eu\/es\/","name":"El Triangle","description":"El Triangle \u00e9s un Diari d&#039;informaci\u00f3 general, editat a Catalunya i escrit en llengua catalana, especialitzat en investigaci\u00f3 period\u00edstica","publisher":{"@id":"https:\/\/www.eltriangle.eu\/es\/#organization"},"potentialAction":[{"@type":"SearchAction","target":{"@type":"EntryPoint","urlTemplate":"https:\/\/www.eltriangle.eu\/es\/?s={search_term_string}"},"query-input":{"@type":"PropertyValueSpecification","valueRequired":true,"valueName":"search_term_string"}}],"inLanguage":"es"},{"@type":["Organization","NewsMediaOrganization"],"@id":"https:\/\/www.eltriangle.eu\/es\/#organization","name":"El Triangle","url":"https:\/\/www.eltriangle.eu\/es\/","logo":{"@type":"ImageObject","inLanguage":"es","@id":"https:\/\/www.eltriangle.eu\/es\/#\/schema\/logo\/image\/","url":"https:\/\/www.eltriangle.eu\/wp-content\/uploads\/2020\/11\/triangle_logo-ajustado.jpg","contentUrl":"https:\/\/www.eltriangle.eu\/wp-content\/uploads\/2020\/11\/triangle_logo-ajustado.jpg","width":521,"height":92,"caption":"El Triangle"},"image":{"@id":"https:\/\/www.eltriangle.eu\/es\/#\/schema\/logo\/image\/"},"sameAs":["https:\/\/www.facebook.com\/El-Triangle-Diari-101787399020302","https:\/\/x.com\/El_Triangle","https:\/\/www.youtube.com\/channel\/UCTIjmYEMYSpdGonuAgNhbcg"]},{"@type":"Person","@id":"https:\/\/www.eltriangle.eu\/es\/#\/schema\/person\/a74e1a5cc56e2debe2bc7ccf5bdbbb55","name":"Mireia Marquez","image":{"@type":"ImageObject","inLanguage":"es","@id":"\/\/www.gravatar.com\/avatar\/92bb22d74e94a12bb58a9178eb127215?s=96&#038;r=g&#038;d=mm","url":"\/\/www.gravatar.com\/avatar\/92bb22d74e94a12bb58a9178eb127215?s=96&#038;r=g&#038;d=mm","contentUrl":"\/\/www.gravatar.com\/avatar\/92bb22d74e94a12bb58a9178eb127215?s=96&#038;r=g&#038;d=mm","caption":"Mireia Marquez"},"url":"https:\/\/www.eltriangle.eu\/es\/author\/mireia\/"},{"@type":"SiteNavigationElement","@id":"https:\/\/www.eltriangle.eu\/es\/#site-navigation","cssSelector":[".cib-main-menu"]},{"@type":"WPHeader","@id":"https:\/\/www.eltriangle.eu\/es\/#header","cssSelector":[".cib-header"]},{"@type":"WPFooter","@id":"https:\/\/www.eltriangle.eu\/es\/#footer","cssSelector":[".cib-footer"]}]}},"amp_enabled":true,"_links":{"self":[{"href":"https:\/\/www.eltriangle.eu\/es\/wp-json\/wp\/v2\/posts\/117077","targetHints":{"allow":["GET"]}}],"collection":[{"href":"https:\/\/www.eltriangle.eu\/es\/wp-json\/wp\/v2\/posts"}],"about":[{"href":"https:\/\/www.eltriangle.eu\/es\/wp-json\/wp\/v2\/types\/post"}],"author":[{"embeddable":true,"href":"https:\/\/www.eltriangle.eu\/es\/wp-json\/wp\/v2\/users\/116"}],"replies":[{"embeddable":true,"href":"https:\/\/www.eltriangle.eu\/es\/wp-json\/wp\/v2\/comments?post=117077"}],"version-history":[{"count":0,"href":"https:\/\/www.eltriangle.eu\/es\/wp-json\/wp\/v2\/posts\/117077\/revisions"}],"wp:featuredmedia":[{"embeddable":true,"href":"https:\/\/www.eltriangle.eu\/es\/wp-json\/wp\/v2\/media\/117075"}],"wp:attachment":[{"href":"https:\/\/www.eltriangle.eu\/es\/wp-json\/wp\/v2\/media?parent=117077"}],"wp:term":[{"taxonomy":"category","embeddable":true,"href":"https:\/\/www.eltriangle.eu\/es\/wp-json\/wp\/v2\/categories?post=117077"},{"taxonomy":"post_tag","embeddable":true,"href":"https:\/\/www.eltriangle.eu\/es\/wp-json\/wp\/v2\/tags?post=117077"}],"curies":[{"name":"wp","href":"https:\/\/api.w.org\/{rel}","templated":true}]}}