{"id":115629,"date":"2021-10-08T06:00:48","date_gmt":"2021-10-08T04:00:48","guid":{"rendered":null},"modified":"2021-10-06T10:16:07","modified_gmt":"2021-10-06T08:16:07","slug":"una-secuela-del-asalto-al-banco-central","status":"publish","type":"post","link":"https:\/\/www.eltriangle.eu\/es\/2021\/10\/08\/una-secuela-del-asalto-al-banco-central\/","title":{"rendered":"Una secuela del asalto al Banco Central"},"content":{"rendered":"<p>Estoy seguro de que m\u00e1s de un lector de EL TRIANGLE recordar\u00e1 que el s\u00e1bado 23 de mayo de 1981, justo tres meses despu\u00e9s del 23-F -ahora se acaban de cumplir los cuarenta a\u00f1os-, se produjo, en Barcelona, un extra\u00f1o asalto al Banco Central, que entonces ocupaba un edificio de siete plantas en la plaza Catalu\u00f1a que hace esquina con las Ramblas. El asalto, que gener\u00f3 una fuerte emoci\u00f3n entre los barceloneses, fue protagonizado por un grupo de 10, 12 o 24 personas (el n\u00famero exacto no se ha sabido nunca), el l\u00edder y cerebro de las cuales se llamaba <strong>Juan Mart\u00ednez G\u00f3mez<\/strong>, conocido con el apodo de <strong>El Rubio<\/strong>, aunque \u00e9l se hac\u00eda llamar el <strong>N\u00famero Uno<\/strong>. Era un personaje oscuro, delincuente habitual, que fue conceptuado como confidente de la polic\u00eda: \u00e9l dec\u00eda que hab\u00eda sido contratado en Perpiny\u00e0 por el CESID para robar determinados documentos depositados en el banco. Sin embargo, no se aclararon m\u00e1s las motivaciones que lo impulsaron a hacer aquel asalto tan estramb\u00f3tico. O no interes\u00f3 aclararlas: el general <strong>Aramburu<\/strong>, entonces jefe de la Guardia Civil, dijo que los asaltantes eran una banda de chorizos, macarras y anarquistas.<\/p>\n<p>El asalto al Banco Central -del que se hizo una pel\u00edcula bastante mala protagonizada por <strong>Jos\u00e9 Sacristan<\/strong>&#8211; termin\u00f3 de una manera extra\u00f1a: los asaltantes, que hab\u00edan tomado cientos de rehenes (casi 300), salieron al d\u00eda siguiente del banco mezclados con \u00e9stos, si bien pudieron ser identificados y, una parte de ellos, detenidos por la polic\u00eda.<\/p>\n<p>Al d\u00eda siguiente, unos parientes m\u00edos fueron avisados \u200b\u200bde que el apartamento de Sant Feliu de Gu\u00edxols que hab\u00edan cedido en alquiler hac\u00eda un tiempo -apartamento que era un buen ejemplo de arquitectura del arrepentimiento, tal como entonces la calificaba un arquitecto amigo- hab\u00eda sido \u00abasaltado\u00bb por unos polic\u00edas, que se hab\u00edan llevado buena parte de su contenido -esencialmente, televisores y otros aparatos electr\u00f3nicos.<\/p>\n<p>Mis parientes nunca han sabido si aquellos polic\u00edas, si es que lo eran, ten\u00edan orden de registro y, en su caso, quien la dio y a quien la exhibieron. A los pocos d\u00edas, acompa\u00f1\u00e9 a mis parientes a aquel apartamento, alguna de cuyas paredes parec\u00edan haber sido pintadas por un ni\u00f1o mironiano, y pudimos hacer un peque\u00f1o inventario del contenido: no faltaba ning\u00fan mueble ni ning\u00fan objeto ni utensilio de los que los propietarios hab\u00edan dejado dentro. Incluso estaban los libros de bolsillo de la colecci\u00f3n Austral y alguna enciclopedia -de aquellas que antes regalaban los bancos- que mis parientes hab\u00edan colocado en una de las estanter\u00edas del mueble aparador del comedor.<\/p>\n<p>No s\u00f3lo no faltaba nada, sino que hab\u00eda m\u00e1s objetos de los que mis parientes hab\u00edan dejado: as\u00ed, en la misma repisa de los libros de Austral encontramos algunos ejemplares de las revistas <em>Play Boy<\/em> y <em>Penthouse<\/em> (muy de moda entonces entre los hombres calientes, que eran casi todos), que escond\u00ed de la mirada inquisidora de mi pariente, y un par de libros de tem\u00e1tica anarquista -uno de los cuales ped\u00ed que me dejaran: <em>El anarquismo y la revoluci\u00f3n de Espa\u00f1a<\/em>, de <strong>Diego Abad de Santill\u00e1n<\/strong>, con un pr\u00f3logo de <strong>Antonio Elorza<\/strong>, <em>Anarquismo y utop\u00eda<\/em>, y una combativa portada que reproduce un cartel de <strong>Fontser\u00e9<\/strong> (Editorial Ayuso, 1976)-. En la primera p\u00e1gina de este libro figuraba, escrito con tinta roja, este nombre: <strong>Juan Ram\u00f3n Mart\u00ednez G\u00f3mez<\/strong> (el primer nombre y apellidos coinciden con los del llamado N\u00famero Uno del asalto al Banco), y a continuaci\u00f3n una r\u00fabrica. Me llam\u00f3 la atenci\u00f3n que no hubiera ninguna anotaci\u00f3n ni subrayado en ninguna de las casi 400 p\u00e1ginas del libro, que recoge escritos del autor anarquista de entre 1930 y 1938. La \u00faltima p\u00e1gina estaba medio arrancada, quiz\u00e1 por el ni\u00f1o que pintarrajeaba en las paredes, o tal vez para apuntar alguna direcci\u00f3n. Tambi\u00e9n, en lugar visible, encontramos un arma de defensa personal que, extra\u00f1amente, no fue retirada por la polic\u00eda.<\/p>\n<figure id=\"attachment_115756\" aria-describedby=\"caption-attachment-115756\" style=\"width: 290px\" class=\"wp-caption alignright\"><img decoding=\"async\" loading=\"lazy\" class=\"size-medium wp-image-115756\" src=\"https:\/\/www.eltriangle.eu\/wp-content\/uploads\/2021\/10\/susana-alonso-2-300x272.jpg\" alt=\"\" width=\"300\" height=\"272\" srcset=\"https:\/\/www.eltriangle.eu\/wp-content\/uploads\/2021\/10\/susana-alonso-2-300x272.jpg 300w, https:\/\/www.eltriangle.eu\/wp-content\/uploads\/2021\/10\/susana-alonso-2.jpg 550w\" sizes=\"auto, (max-width: 300px) 100vw, 300px\" \/><figcaption id=\"caption-attachment-115756\" class=\"wp-caption-text\">Susana Alonso<\/figcaption><\/figure>\n<p>En resumen: el asalto al Banco Central de Barcelona tuvo como secuela una irrupci\u00f3n policial en un apartamento de Sant Feliu de Gu\u00edxols, con el objetivo aparente de retirar determinados objetos electr\u00f3nicos, tal vez robados, que alguien o algunos hab\u00edan depositado. Quiz\u00e1s si el ni\u00f1o que pintarraje\u00f3 las paredes del apartamento, que ahora debe de tener cerca de 50 a\u00f1os, quisiera hablar, podr\u00edamos saber, entre otras cosas, de qui\u00e9n era ese aparato de defensa personal y quien le\u00eda las revistas er\u00f3ticas y los libros sobre el anarquismo que hab\u00eda en aquel apartamento que durante un tiempo se convirti\u00f3 en una caja de sorpresas.<\/p>\n","protected":false},"excerpt":{"rendered":"<p>Estoy seguro de que m\u00e1s de un lector de EL TRIANGLE recordar\u00e1 que el s\u00e1bado 23 de mayo de 1981, justo tres meses despu\u00e9s del 23-F -ahora se acaban de cumplir los cuarenta a\u00f1os-, se produjo, en Barcelona, un extra\u00f1o asalto al Banco Central, que entonces ocupaba un edificio de siete plantas en la plaza &#8230; <a title=\"Una secuela del asalto al Banco Central\" class=\"read-more\" href=\"https:\/\/www.eltriangle.eu\/es\/2021\/10\/08\/una-secuela-del-asalto-al-banco-central\/\" aria-label=\"Leer m\u00e1s sobre Una secuela del asalto al Banco Central\">Leer m\u00e1s<\/a><\/p>\n","protected":false},"author":36,"featured_media":0,"comment_status":"open","ping_status":"closed","sticky":false,"template":"","format":"standard","meta":{"_acf_changed":false,"pmpro_default_level":"","footnotes":""},"categories":[10],"tags":[],"class_list":["post-115629","post","type-post","status-publish","format-standard","hentry","category-opinion","lh_instant_articles-syndicate-yes","pmpro-has-access"],"acf":[],"yoast_head":"<!-- This site is optimized with the Yoast SEO plugin v27.4 - https:\/\/yoast.com\/product\/yoast-seo-wordpress\/ -->\n<title>Una secuela del asalto al Banco Central - El Triangle<\/title>\n<meta name=\"description\" content=\"Estoy seguro de que m\u00e1s de un lector de EL TRIANGLE recordar\u00e1 que el s\u00e1bado 23 de mayo de 1981, justo tres meses despu\u00e9s del 23-F -ahora se acaban de\" class=\"yoast-seo-meta-tag\" \/>\n<meta name=\"robots\" content=\"index, follow, max-snippet:-1, max-image-preview:large, max-video-preview:-1\" \/>\n<link rel=\"canonical\" href=\"https:\/\/www.eltriangle.eu\/es\/2021\/10\/08\/una-secuela-del-asalto-al-banco-central\/\" class=\"yoast-seo-meta-tag\" \/>\n<meta property=\"og:locale\" content=\"es_ES\" class=\"yoast-seo-meta-tag\" \/>\n<meta property=\"og:type\" content=\"article\" class=\"yoast-seo-meta-tag\" \/>\n<meta property=\"og:title\" content=\"Una secuela del asalto al Banco Central - El Triangle\" class=\"yoast-seo-meta-tag\" \/>\n<meta property=\"og:description\" content=\"Estoy seguro de que m\u00e1s de un lector de EL TRIANGLE recordar\u00e1 que el s\u00e1bado 23 de mayo de 1981, justo tres meses despu\u00e9s del 23-F -ahora se acaban de\" class=\"yoast-seo-meta-tag\" \/>\n<meta property=\"og:url\" content=\"https:\/\/www.eltriangle.eu\/es\/2021\/10\/08\/una-secuela-del-asalto-al-banco-central\/\" class=\"yoast-seo-meta-tag\" \/>\n<meta property=\"og:site_name\" content=\"El Triangle\" class=\"yoast-seo-meta-tag\" \/>\n<meta property=\"article:publisher\" content=\"https:\/\/www.facebook.com\/El-Triangle-Diari-101787399020302\" class=\"yoast-seo-meta-tag\" \/>\n<meta property=\"article:published_time\" content=\"2021-10-08T04:00:48+00:00\" class=\"yoast-seo-meta-tag\" \/>\n<meta property=\"og:image\" content=\"https:\/\/www.eltriangle.eu\/wp-content\/uploads\/2021\/10\/susana-alonso-2-300x272.jpg\" class=\"yoast-seo-meta-tag\" \/>\n<meta name=\"author\" content=\"Eladi Crehuet\" class=\"yoast-seo-meta-tag\" \/>\n<meta name=\"twitter:card\" content=\"summary_large_image\" class=\"yoast-seo-meta-tag\" \/>\n<meta name=\"twitter:creator\" content=\"@El_Triangle\" class=\"yoast-seo-meta-tag\" \/>\n<meta name=\"twitter:site\" content=\"@El_Triangle\" class=\"yoast-seo-meta-tag\" \/>\n<meta name=\"twitter:label1\" content=\"Escrito por\" class=\"yoast-seo-meta-tag\" \/>\n\t<meta name=\"twitter:data1\" content=\"Eladi Crehuet\" class=\"yoast-seo-meta-tag\" \/>\n\t<meta name=\"twitter:label2\" content=\"Tiempo de lectura\" class=\"yoast-seo-meta-tag\" \/>\n\t<meta name=\"twitter:data2\" content=\"4 minutos\" class=\"yoast-seo-meta-tag\" \/>\n<script type=\"application\/ld+json\" class=\"yoast-schema-graph\">{\"@context\":\"https:\\\/\\\/schema.org\",\"@graph\":[{\"@type\":\"NewsArticle\",\"@id\":\"https:\\\/\\\/www.eltriangle.eu\\\/es\\\/2021\\\/10\\\/08\\\/una-secuela-del-asalto-al-banco-central\\\/#article\",\"isPartOf\":{\"@id\":\"https:\\\/\\\/www.eltriangle.eu\\\/es\\\/2021\\\/10\\\/08\\\/una-secuela-del-asalto-al-banco-central\\\/\"},\"author\":{\"name\":\"Eladi Crehuet\",\"@id\":\"https:\\\/\\\/www.eltriangle.eu\\\/es\\\/#\\\/schema\\\/person\\\/30117744ad5b2c179f1059a317f7e7b3\"},\"headline\":\"Una secuela del asalto al Banco Central\",\"datePublished\":\"2021-10-08T04:00:48+00:00\",\"mainEntityOfPage\":{\"@id\":\"https:\\\/\\\/www.eltriangle.eu\\\/es\\\/2021\\\/10\\\/08\\\/una-secuela-del-asalto-al-banco-central\\\/\"},\"wordCount\":833,\"commentCount\":0,\"publisher\":{\"@id\":\"https:\\\/\\\/www.eltriangle.eu\\\/es\\\/#organization\"},\"image\":{\"@id\":\"https:\\\/\\\/www.eltriangle.eu\\\/es\\\/2021\\\/10\\\/08\\\/una-secuela-del-asalto-al-banco-central\\\/#primaryimage\"},\"thumbnailUrl\":\"https:\\\/\\\/www.eltriangle.eu\\\/wp-content\\\/uploads\\\/2021\\\/10\\\/susana-alonso-2-300x272.jpg\",\"articleSection\":[\"Opini\u00f3n\"],\"inLanguage\":\"es\",\"potentialAction\":[{\"@type\":\"CommentAction\",\"name\":\"Comment\",\"target\":[\"https:\\\/\\\/www.eltriangle.eu\\\/es\\\/2021\\\/10\\\/08\\\/una-secuela-del-asalto-al-banco-central\\\/#respond\"]}]},{\"@type\":\"WebPage\",\"@id\":\"https:\\\/\\\/www.eltriangle.eu\\\/es\\\/2021\\\/10\\\/08\\\/una-secuela-del-asalto-al-banco-central\\\/\",\"url\":\"https:\\\/\\\/www.eltriangle.eu\\\/es\\\/2021\\\/10\\\/08\\\/una-secuela-del-asalto-al-banco-central\\\/\",\"name\":\"Una secuela del asalto al Banco Central - El Triangle\",\"isPartOf\":{\"@id\":\"https:\\\/\\\/www.eltriangle.eu\\\/es\\\/#website\"},\"primaryImageOfPage\":{\"@id\":\"https:\\\/\\\/www.eltriangle.eu\\\/es\\\/2021\\\/10\\\/08\\\/una-secuela-del-asalto-al-banco-central\\\/#primaryimage\"},\"image\":{\"@id\":\"https:\\\/\\\/www.eltriangle.eu\\\/es\\\/2021\\\/10\\\/08\\\/una-secuela-del-asalto-al-banco-central\\\/#primaryimage\"},\"thumbnailUrl\":\"https:\\\/\\\/www.eltriangle.eu\\\/wp-content\\\/uploads\\\/2021\\\/10\\\/susana-alonso-2-300x272.jpg\",\"datePublished\":\"2021-10-08T04:00:48+00:00\",\"description\":\"Estoy seguro de que m\u00e1s de un lector de EL TRIANGLE recordar\u00e1 que el s\u00e1bado 23 de mayo de 1981, justo tres meses despu\u00e9s del 23-F -ahora se acaban de\",\"breadcrumb\":{\"@id\":\"https:\\\/\\\/www.eltriangle.eu\\\/es\\\/2021\\\/10\\\/08\\\/una-secuela-del-asalto-al-banco-central\\\/#breadcrumb\"},\"inLanguage\":\"es\",\"potentialAction\":[{\"@type\":\"ReadAction\",\"target\":[\"https:\\\/\\\/www.eltriangle.eu\\\/es\\\/2021\\\/10\\\/08\\\/una-secuela-del-asalto-al-banco-central\\\/\"]}]},{\"@type\":\"ImageObject\",\"inLanguage\":\"es\",\"@id\":\"https:\\\/\\\/www.eltriangle.eu\\\/es\\\/2021\\\/10\\\/08\\\/una-secuela-del-asalto-al-banco-central\\\/#primaryimage\",\"url\":\"https:\\\/\\\/www.eltriangle.eu\\\/wp-content\\\/uploads\\\/2021\\\/10\\\/susana-alonso-2-300x272.jpg\",\"contentUrl\":\"https:\\\/\\\/www.eltriangle.eu\\\/wp-content\\\/uploads\\\/2021\\\/10\\\/susana-alonso-2-300x272.jpg\"},{\"@type\":\"BreadcrumbList\",\"@id\":\"https:\\\/\\\/www.eltriangle.eu\\\/es\\\/2021\\\/10\\\/08\\\/una-secuela-del-asalto-al-banco-central\\\/#breadcrumb\",\"itemListElement\":[{\"@type\":\"ListItem\",\"position\":1,\"name\":\"Portada\",\"item\":\"https:\\\/\\\/www.eltriangle.eu\\\/es\\\/\"},{\"@type\":\"ListItem\",\"position\":2,\"name\":\"Una secuela del asalto al Banco Central\"}]},{\"@type\":\"WebSite\",\"@id\":\"https:\\\/\\\/www.eltriangle.eu\\\/es\\\/#website\",\"url\":\"https:\\\/\\\/www.eltriangle.eu\\\/es\\\/\",\"name\":\"El Triangle\",\"description\":\"El Triangle \u00e9s un Diari d&#039;informaci\u00f3 general, editat a Catalunya i escrit en llengua catalana, especialitzat en investigaci\u00f3 period\u00edstica\",\"publisher\":{\"@id\":\"https:\\\/\\\/www.eltriangle.eu\\\/es\\\/#organization\"},\"potentialAction\":[{\"@type\":\"SearchAction\",\"target\":{\"@type\":\"EntryPoint\",\"urlTemplate\":\"https:\\\/\\\/www.eltriangle.eu\\\/es\\\/?s={search_term_string}\"},\"query-input\":{\"@type\":\"PropertyValueSpecification\",\"valueRequired\":true,\"valueName\":\"search_term_string\"}}],\"inLanguage\":\"es\"},{\"@type\":[\"Organization\",\"NewsMediaOrganization\"],\"@id\":\"https:\\\/\\\/www.eltriangle.eu\\\/es\\\/#organization\",\"name\":\"El Triangle\",\"url\":\"https:\\\/\\\/www.eltriangle.eu\\\/es\\\/\",\"logo\":{\"@type\":\"ImageObject\",\"inLanguage\":\"es\",\"@id\":\"https:\\\/\\\/www.eltriangle.eu\\\/es\\\/#\\\/schema\\\/logo\\\/image\\\/\",\"url\":\"https:\\\/\\\/www.eltriangle.eu\\\/wp-content\\\/uploads\\\/2020\\\/11\\\/triangle_logo-ajustado.jpg\",\"contentUrl\":\"https:\\\/\\\/www.eltriangle.eu\\\/wp-content\\\/uploads\\\/2020\\\/11\\\/triangle_logo-ajustado.jpg\",\"width\":521,\"height\":92,\"caption\":\"El Triangle\"},\"image\":{\"@id\":\"https:\\\/\\\/www.eltriangle.eu\\\/es\\\/#\\\/schema\\\/logo\\\/image\\\/\"},\"sameAs\":[\"https:\\\/\\\/www.facebook.com\\\/El-Triangle-Diari-101787399020302\",\"https:\\\/\\\/x.com\\\/El_Triangle\",\"https:\\\/\\\/www.youtube.com\\\/channel\\\/UCTIjmYEMYSpdGonuAgNhbcg\"]},{\"@type\":\"Person\",\"@id\":\"https:\\\/\\\/www.eltriangle.eu\\\/es\\\/#\\\/schema\\\/person\\\/30117744ad5b2c179f1059a317f7e7b3\",\"name\":\"Eladi Crehuet\",\"image\":{\"@type\":\"ImageObject\",\"inLanguage\":\"es\",\"@id\":\"https:\\\/\\\/www.eltriangle.eu\\\/wp-content\\\/uploads\\\/2023\\\/10\\\/whatsapp-image-2023-10-21-at-095137-96x96.jpg\",\"url\":\"https:\\\/\\\/www.eltriangle.eu\\\/wp-content\\\/uploads\\\/2023\\\/10\\\/whatsapp-image-2023-10-21-at-095137-96x96.jpg\",\"contentUrl\":\"https:\\\/\\\/www.eltriangle.eu\\\/wp-content\\\/uploads\\\/2023\\\/10\\\/whatsapp-image-2023-10-21-at-095137-96x96.jpg\",\"caption\":\"Eladi Crehuet\"},\"description\":\"Poeta i editor\",\"url\":\"https:\\\/\\\/www.eltriangle.eu\\\/es\\\/author\\\/autor-106\\\/\"},{\"@type\":\"SiteNavigationElement\",\"@id\":\"https:\\\/\\\/www.eltriangle.eu\\\/es\\\/#site-navigation\",\"cssSelector\":[\".cib-main-menu\"]},{\"@type\":\"WPHeader\",\"@id\":\"https:\\\/\\\/www.eltriangle.eu\\\/es\\\/#header\",\"cssSelector\":[\".cib-header\"]},{\"@type\":\"WPFooter\",\"@id\":\"https:\\\/\\\/www.eltriangle.eu\\\/es\\\/#footer\",\"cssSelector\":[\".cib-footer\"]}]}<\/script>\n<!-- \/ Yoast SEO plugin. -->","yoast_head_json":{"title":"Una secuela del asalto al Banco Central - El Triangle","description":"Estoy seguro de que m\u00e1s de un lector de EL TRIANGLE recordar\u00e1 que el s\u00e1bado 23 de mayo de 1981, justo tres meses despu\u00e9s del 23-F -ahora se acaban de","robots":{"index":"index","follow":"follow","max-snippet":"max-snippet:-1","max-image-preview":"max-image-preview:large","max-video-preview":"max-video-preview:-1"},"canonical":"https:\/\/www.eltriangle.eu\/es\/2021\/10\/08\/una-secuela-del-asalto-al-banco-central\/","og_locale":"es_ES","og_type":"article","og_title":"Una secuela del asalto al Banco Central - El Triangle","og_description":"Estoy seguro de que m\u00e1s de un lector de EL TRIANGLE recordar\u00e1 que el s\u00e1bado 23 de mayo de 1981, justo tres meses despu\u00e9s del 23-F -ahora se acaban de","og_url":"https:\/\/www.eltriangle.eu\/es\/2021\/10\/08\/una-secuela-del-asalto-al-banco-central\/","og_site_name":"El Triangle","article_publisher":"https:\/\/www.facebook.com\/El-Triangle-Diari-101787399020302","article_published_time":"2021-10-08T04:00:48+00:00","og_image":[{"url":"https:\/\/www.eltriangle.eu\/wp-content\/uploads\/2021\/10\/susana-alonso-2-300x272.jpg","type":"","width":"","height":""}],"author":"Eladi Crehuet","twitter_card":"summary_large_image","twitter_creator":"@El_Triangle","twitter_site":"@El_Triangle","twitter_misc":{"Escrito por":"Eladi Crehuet","Tiempo de lectura":"4 minutos"},"schema":{"@context":"https:\/\/schema.org","@graph":[{"@type":"NewsArticle","@id":"https:\/\/www.eltriangle.eu\/es\/2021\/10\/08\/una-secuela-del-asalto-al-banco-central\/#article","isPartOf":{"@id":"https:\/\/www.eltriangle.eu\/es\/2021\/10\/08\/una-secuela-del-asalto-al-banco-central\/"},"author":{"name":"Eladi Crehuet","@id":"https:\/\/www.eltriangle.eu\/es\/#\/schema\/person\/30117744ad5b2c179f1059a317f7e7b3"},"headline":"Una secuela del asalto al Banco Central","datePublished":"2021-10-08T04:00:48+00:00","mainEntityOfPage":{"@id":"https:\/\/www.eltriangle.eu\/es\/2021\/10\/08\/una-secuela-del-asalto-al-banco-central\/"},"wordCount":833,"commentCount":0,"publisher":{"@id":"https:\/\/www.eltriangle.eu\/es\/#organization"},"image":{"@id":"https:\/\/www.eltriangle.eu\/es\/2021\/10\/08\/una-secuela-del-asalto-al-banco-central\/#primaryimage"},"thumbnailUrl":"https:\/\/www.eltriangle.eu\/wp-content\/uploads\/2021\/10\/susana-alonso-2-300x272.jpg","articleSection":["Opini\u00f3n"],"inLanguage":"es","potentialAction":[{"@type":"CommentAction","name":"Comment","target":["https:\/\/www.eltriangle.eu\/es\/2021\/10\/08\/una-secuela-del-asalto-al-banco-central\/#respond"]}]},{"@type":"WebPage","@id":"https:\/\/www.eltriangle.eu\/es\/2021\/10\/08\/una-secuela-del-asalto-al-banco-central\/","url":"https:\/\/www.eltriangle.eu\/es\/2021\/10\/08\/una-secuela-del-asalto-al-banco-central\/","name":"Una secuela del asalto al Banco Central - El Triangle","isPartOf":{"@id":"https:\/\/www.eltriangle.eu\/es\/#website"},"primaryImageOfPage":{"@id":"https:\/\/www.eltriangle.eu\/es\/2021\/10\/08\/una-secuela-del-asalto-al-banco-central\/#primaryimage"},"image":{"@id":"https:\/\/www.eltriangle.eu\/es\/2021\/10\/08\/una-secuela-del-asalto-al-banco-central\/#primaryimage"},"thumbnailUrl":"https:\/\/www.eltriangle.eu\/wp-content\/uploads\/2021\/10\/susana-alonso-2-300x272.jpg","datePublished":"2021-10-08T04:00:48+00:00","description":"Estoy seguro de que m\u00e1s de un lector de EL TRIANGLE recordar\u00e1 que el s\u00e1bado 23 de mayo de 1981, justo tres meses despu\u00e9s del 23-F -ahora se acaban de","breadcrumb":{"@id":"https:\/\/www.eltriangle.eu\/es\/2021\/10\/08\/una-secuela-del-asalto-al-banco-central\/#breadcrumb"},"inLanguage":"es","potentialAction":[{"@type":"ReadAction","target":["https:\/\/www.eltriangle.eu\/es\/2021\/10\/08\/una-secuela-del-asalto-al-banco-central\/"]}]},{"@type":"ImageObject","inLanguage":"es","@id":"https:\/\/www.eltriangle.eu\/es\/2021\/10\/08\/una-secuela-del-asalto-al-banco-central\/#primaryimage","url":"https:\/\/www.eltriangle.eu\/wp-content\/uploads\/2021\/10\/susana-alonso-2-300x272.jpg","contentUrl":"https:\/\/www.eltriangle.eu\/wp-content\/uploads\/2021\/10\/susana-alonso-2-300x272.jpg"},{"@type":"BreadcrumbList","@id":"https:\/\/www.eltriangle.eu\/es\/2021\/10\/08\/una-secuela-del-asalto-al-banco-central\/#breadcrumb","itemListElement":[{"@type":"ListItem","position":1,"name":"Portada","item":"https:\/\/www.eltriangle.eu\/es\/"},{"@type":"ListItem","position":2,"name":"Una secuela del asalto al Banco Central"}]},{"@type":"WebSite","@id":"https:\/\/www.eltriangle.eu\/es\/#website","url":"https:\/\/www.eltriangle.eu\/es\/","name":"El Triangle","description":"El Triangle \u00e9s un Diari d&#039;informaci\u00f3 general, editat a Catalunya i escrit en llengua catalana, especialitzat en investigaci\u00f3 period\u00edstica","publisher":{"@id":"https:\/\/www.eltriangle.eu\/es\/#organization"},"potentialAction":[{"@type":"SearchAction","target":{"@type":"EntryPoint","urlTemplate":"https:\/\/www.eltriangle.eu\/es\/?s={search_term_string}"},"query-input":{"@type":"PropertyValueSpecification","valueRequired":true,"valueName":"search_term_string"}}],"inLanguage":"es"},{"@type":["Organization","NewsMediaOrganization"],"@id":"https:\/\/www.eltriangle.eu\/es\/#organization","name":"El Triangle","url":"https:\/\/www.eltriangle.eu\/es\/","logo":{"@type":"ImageObject","inLanguage":"es","@id":"https:\/\/www.eltriangle.eu\/es\/#\/schema\/logo\/image\/","url":"https:\/\/www.eltriangle.eu\/wp-content\/uploads\/2020\/11\/triangle_logo-ajustado.jpg","contentUrl":"https:\/\/www.eltriangle.eu\/wp-content\/uploads\/2020\/11\/triangle_logo-ajustado.jpg","width":521,"height":92,"caption":"El Triangle"},"image":{"@id":"https:\/\/www.eltriangle.eu\/es\/#\/schema\/logo\/image\/"},"sameAs":["https:\/\/www.facebook.com\/El-Triangle-Diari-101787399020302","https:\/\/x.com\/El_Triangle","https:\/\/www.youtube.com\/channel\/UCTIjmYEMYSpdGonuAgNhbcg"]},{"@type":"Person","@id":"https:\/\/www.eltriangle.eu\/es\/#\/schema\/person\/30117744ad5b2c179f1059a317f7e7b3","name":"Eladi Crehuet","image":{"@type":"ImageObject","inLanguage":"es","@id":"https:\/\/www.eltriangle.eu\/wp-content\/uploads\/2023\/10\/whatsapp-image-2023-10-21-at-095137-96x96.jpg","url":"https:\/\/www.eltriangle.eu\/wp-content\/uploads\/2023\/10\/whatsapp-image-2023-10-21-at-095137-96x96.jpg","contentUrl":"https:\/\/www.eltriangle.eu\/wp-content\/uploads\/2023\/10\/whatsapp-image-2023-10-21-at-095137-96x96.jpg","caption":"Eladi Crehuet"},"description":"Poeta i editor","url":"https:\/\/www.eltriangle.eu\/es\/author\/autor-106\/"},{"@type":"SiteNavigationElement","@id":"https:\/\/www.eltriangle.eu\/es\/#site-navigation","cssSelector":[".cib-main-menu"]},{"@type":"WPHeader","@id":"https:\/\/www.eltriangle.eu\/es\/#header","cssSelector":[".cib-header"]},{"@type":"WPFooter","@id":"https:\/\/www.eltriangle.eu\/es\/#footer","cssSelector":[".cib-footer"]}]}},"amp_enabled":true,"_links":{"self":[{"href":"https:\/\/www.eltriangle.eu\/es\/wp-json\/wp\/v2\/posts\/115629","targetHints":{"allow":["GET"]}}],"collection":[{"href":"https:\/\/www.eltriangle.eu\/es\/wp-json\/wp\/v2\/posts"}],"about":[{"href":"https:\/\/www.eltriangle.eu\/es\/wp-json\/wp\/v2\/types\/post"}],"author":[{"embeddable":true,"href":"https:\/\/www.eltriangle.eu\/es\/wp-json\/wp\/v2\/users\/36"}],"replies":[{"embeddable":true,"href":"https:\/\/www.eltriangle.eu\/es\/wp-json\/wp\/v2\/comments?post=115629"}],"version-history":[{"count":0,"href":"https:\/\/www.eltriangle.eu\/es\/wp-json\/wp\/v2\/posts\/115629\/revisions"}],"wp:attachment":[{"href":"https:\/\/www.eltriangle.eu\/es\/wp-json\/wp\/v2\/media?parent=115629"}],"wp:term":[{"taxonomy":"category","embeddable":true,"href":"https:\/\/www.eltriangle.eu\/es\/wp-json\/wp\/v2\/categories?post=115629"},{"taxonomy":"post_tag","embeddable":true,"href":"https:\/\/www.eltriangle.eu\/es\/wp-json\/wp\/v2\/tags?post=115629"}],"curies":[{"name":"wp","href":"https:\/\/api.w.org\/{rel}","templated":true}]}}