{"id":111347,"date":"2021-09-06T18:00:04","date_gmt":"2021-09-06T16:00:04","guid":{"rendered":null},"modified":"2021-09-06T18:22:20","modified_gmt":"2021-09-06T16:22:20","slug":"el-tedh-desestima-los-dos-primeros-recursos-por-las-cargas-del-1-o","status":"publish","type":"post","link":"https:\/\/www.eltriangle.eu\/es\/2021\/09\/06\/el-tedh-desestima-los-dos-primeros-recursos-por-las-cargas-del-1-o\/","title":{"rendered":"El TEDH desestima los dos primeros recursos por las cargas del 1-O"},"content":{"rendered":"<p>El <strong>Tribunal Europeo de Derechos Humanos<\/strong> (TEDH) ha desestimado los dos primeros recursos que dos vecinos del Bages presentaron por las cargas policiales que se produjeron durante el<strong> refer\u00e9ndum del 1 de octubre de 2017<\/strong> en Catalu\u00f1a. Seg\u00fan la <em>ACN<\/em>, el tribunal ha considerado que<strong> las denuncias son \u00abinfundadas\u00bb<\/strong> y no ve indicios que se\u00f1alen <strong>ninguna<\/strong> <strong>vulneraci\u00f3n de los derechos humanos<\/strong>.<\/p>\n<p>Las demandas se presentaron despu\u00e9s de las cargas de la <strong>Guardia<\/strong> <strong>Civil<\/strong> en la <strong>escuela Sant Miquel de Castellgal\u00ed<\/strong> (Bages) en las que resultaron levemente heridas 16 personas, entre ellas los dos denunciantes. Tras agotar la v\u00eda judicial estatal, que termin\u00f3 con el archivo de la causa, ambos presentaron recursos al tribunal con sede en Estrasburgo.<\/p>\n<p>Los dos vecinos del Bages <strong>denunciaron a Espa\u00f1a por vulnerar su derecho a un juicio justo<\/strong> al realizar una investigaci\u00f3n \u00abmuy escasa\u00bb -seg\u00fan consideran- sobre los hechos, y tambi\u00e9n por la vulneraci\u00f3n de otros derechos como el de reuni\u00f3n, el de libertad de expresi\u00f3n y el de no ser sometido a ning\u00fan trato inhumano o denigrante. El TEDH, sin embargo, consider\u00f3 el pasado 25 de mayo que las denuncias eran \u00abinfundadas\u00bb y desestim\u00f3 los recursos.<\/p>\n<p>Los l\u00edderes independentistas han manifestado en varias ocasiones su confianza en que el TEDH les d\u00e9 la raz\u00f3n y, de hecho, este domingo, el l\u00edder de ERC, <strong>Oriol<\/strong> <strong>Junqueras<\/strong>, ha defendido en un art\u00edculo en <em>El<\/em> <em>Punt<\/em> <em>Avui<\/em> que <strong>la v\u00eda judicial europea es una \u00abventana de oportunidad\u00bb<\/strong> <strong>para la causa independentista<\/strong>. \u00abCuando las resoluciones judiciales europeas dejen al descubierto que en su plato s\u00f3lo hay represi\u00f3n, entonces ser\u00e1 cuando nosotros podremos aprovechar esta ventana de oportunidad a favor de nuestra causa. Sabemos que este momento llegar\u00e1\u00bb, ha asegurado.<\/p>\n<p>De momento, sin embargo, los dos primeros recursos interpuestos se han desestimado, y <strong>la decisi\u00f3n del TEDH es definitiva y no se puede recurrir<\/strong>. A\u00fan as\u00ed, no se descarta que puedan llegar recursos similares ya que, actualmente, hay varias causas abiertas en los juzgados de Catalu\u00f1a contra decenas de polic\u00edas acusados \u200b\u200bde ejercer un uso excesivo de la fuerza durante el 1-O.<\/p>\n","protected":false},"excerpt":{"rendered":"<p>El Tribunal Europeo de Derechos Humanos (TEDH) ha desestimado los dos primeros recursos que dos vecinos del Bages presentaron por las cargas policiales que se produjeron durante el refer\u00e9ndum del 1 de octubre de 2017 en Catalu\u00f1a. Seg\u00fan la ACN, el tribunal ha considerado que las denuncias son \u00abinfundadas\u00bb y no ve indicios que se\u00f1alen &#8230; <a title=\"El TEDH desestima los dos primeros recursos por las cargas del 1-O\" class=\"read-more\" href=\"https:\/\/www.eltriangle.eu\/es\/2021\/09\/06\/el-tedh-desestima-los-dos-primeros-recursos-por-las-cargas-del-1-o\/\" aria-label=\"Leer m\u00e1s sobre El TEDH desestima los dos primeros recursos por las cargas del 1-O\">Leer m\u00e1s<\/a><\/p>\n","protected":false},"author":116,"featured_media":98773,"comment_status":"open","ping_status":"closed","sticky":false,"template":"","format":"standard","meta":{"_acf_changed":false,"pmpro_default_level":"","footnotes":""},"categories":[24,80,96],"tags":[458,633],"class_list":["post-111347","post","type-post","status-publish","format-standard","has-post-thumbnail","hentry","category-actualidad","category-represion","category-tribunales","tag-1-o-es","tag-tedh-es","lh_instant_articles-syndicate-yes","pmpro-has-access"],"acf":[],"yoast_head":"<!-- This site is optimized with the Yoast SEO plugin v27.4 - https:\/\/yoast.com\/product\/yoast-seo-wordpress\/ -->\n<title>El TEDH desestima los dos primeros recursos por las cargas del 1-O - El Triangle<\/title>\n<meta name=\"description\" content=\"El Tribunal Europeo de Derechos Humanos (TEDH) ha desestimado los dos primeros recursos que dos vecinos del Bages presentaron por las cargas policiales\" class=\"yoast-seo-meta-tag\" \/>\n<meta name=\"robots\" content=\"index, follow, max-snippet:-1, max-image-preview:large, max-video-preview:-1\" \/>\n<link rel=\"canonical\" href=\"https:\/\/www.eltriangle.eu\/es\/2021\/09\/06\/el-tedh-desestima-los-dos-primeros-recursos-por-las-cargas-del-1-o\/\" class=\"yoast-seo-meta-tag\" \/>\n<meta property=\"og:locale\" content=\"es_ES\" class=\"yoast-seo-meta-tag\" \/>\n<meta property=\"og:type\" content=\"article\" class=\"yoast-seo-meta-tag\" \/>\n<meta property=\"og:title\" content=\"El TEDH desestima los dos primeros recursos por las cargas del 1-O - El Triangle\" class=\"yoast-seo-meta-tag\" \/>\n<meta property=\"og:description\" content=\"El Tribunal Europeo de Derechos Humanos (TEDH) ha desestimado los dos primeros recursos que dos vecinos del Bages presentaron por las cargas policiales\" class=\"yoast-seo-meta-tag\" \/>\n<meta property=\"og:url\" content=\"https:\/\/www.eltriangle.eu\/es\/2021\/09\/06\/el-tedh-desestima-los-dos-primeros-recursos-por-las-cargas-del-1-o\/\" class=\"yoast-seo-meta-tag\" \/>\n<meta property=\"og:site_name\" content=\"El Triangle\" class=\"yoast-seo-meta-tag\" \/>\n<meta property=\"article:publisher\" content=\"https:\/\/www.facebook.com\/El-Triangle-Diari-101787399020302\" class=\"yoast-seo-meta-tag\" \/>\n<meta property=\"article:published_time\" content=\"2021-09-06T16:00:04+00:00\" class=\"yoast-seo-meta-tag\" \/>\n<meta property=\"article:modified_time\" content=\"2021-09-06T16:22:20+00:00\" class=\"yoast-seo-meta-tag\" \/>\n<meta property=\"og:image\" content=\"https:\/\/www.eltriangle.eu\/wp-content\/uploads\/2021\/05\/Actuacio-policial-a-lEscola-Dolors-Monserda-de-Barcelona-l1-doctubre.jpg\" class=\"yoast-seo-meta-tag\" \/>\n\t<meta property=\"og:image:width\" content=\"1200\" class=\"yoast-seo-meta-tag\" \/>\n\t<meta property=\"og:image:height\" content=\"675\" class=\"yoast-seo-meta-tag\" \/>\n\t<meta property=\"og:image:type\" content=\"image\/jpeg\" class=\"yoast-seo-meta-tag\" \/>\n<meta name=\"author\" content=\"Mireia Marquez\" class=\"yoast-seo-meta-tag\" \/>\n<meta name=\"twitter:card\" content=\"summary_large_image\" class=\"yoast-seo-meta-tag\" \/>\n<meta name=\"twitter:creator\" content=\"@El_Triangle\" class=\"yoast-seo-meta-tag\" \/>\n<meta name=\"twitter:site\" content=\"@El_Triangle\" class=\"yoast-seo-meta-tag\" \/>\n<meta name=\"twitter:label1\" content=\"Escrito por\" class=\"yoast-seo-meta-tag\" \/>\n\t<meta name=\"twitter:data1\" content=\"Mireia Marquez\" class=\"yoast-seo-meta-tag\" \/>\n\t<meta name=\"twitter:label2\" content=\"Tiempo de lectura\" class=\"yoast-seo-meta-tag\" \/>\n\t<meta name=\"twitter:data2\" content=\"2 minutos\" class=\"yoast-seo-meta-tag\" \/>\n<script type=\"application\/ld+json\" class=\"yoast-schema-graph\">{\"@context\":\"https:\\\/\\\/schema.org\",\"@graph\":[{\"@type\":\"NewsArticle\",\"@id\":\"https:\\\/\\\/www.eltriangle.eu\\\/es\\\/2021\\\/09\\\/06\\\/el-tedh-desestima-los-dos-primeros-recursos-por-las-cargas-del-1-o\\\/#article\",\"isPartOf\":{\"@id\":\"https:\\\/\\\/www.eltriangle.eu\\\/es\\\/2021\\\/09\\\/06\\\/el-tedh-desestima-los-dos-primeros-recursos-por-las-cargas-del-1-o\\\/\"},\"author\":{\"name\":\"Mireia Marquez\",\"@id\":\"https:\\\/\\\/www.eltriangle.eu\\\/es\\\/#\\\/schema\\\/person\\\/a74e1a5cc56e2debe2bc7ccf5bdbbb55\"},\"headline\":\"El TEDH desestima los dos primeros recursos por las cargas del 1-O\",\"datePublished\":\"2021-09-06T16:00:04+00:00\",\"dateModified\":\"2021-09-06T16:22:20+00:00\",\"mainEntityOfPage\":{\"@id\":\"https:\\\/\\\/www.eltriangle.eu\\\/es\\\/2021\\\/09\\\/06\\\/el-tedh-desestima-los-dos-primeros-recursos-por-las-cargas-del-1-o\\\/\"},\"wordCount\":377,\"commentCount\":0,\"publisher\":{\"@id\":\"https:\\\/\\\/www.eltriangle.eu\\\/es\\\/#organization\"},\"image\":{\"@id\":\"https:\\\/\\\/www.eltriangle.eu\\\/es\\\/2021\\\/09\\\/06\\\/el-tedh-desestima-los-dos-primeros-recursos-por-las-cargas-del-1-o\\\/#primaryimage\"},\"thumbnailUrl\":\"https:\\\/\\\/www.eltriangle.eu\\\/wp-content\\\/uploads\\\/2021\\\/05\\\/Actuacio-policial-a-lEscola-Dolors-Monserda-de-Barcelona-l1-doctubre.jpg\",\"keywords\":[\"1-O\",\"TEDH\"],\"articleSection\":[\"Actualidad\",\"Represi\u00f3n\",\"Tribunales\"],\"inLanguage\":\"es\",\"potentialAction\":[{\"@type\":\"CommentAction\",\"name\":\"Comment\",\"target\":[\"https:\\\/\\\/www.eltriangle.eu\\\/es\\\/2021\\\/09\\\/06\\\/el-tedh-desestima-los-dos-primeros-recursos-por-las-cargas-del-1-o\\\/#respond\"]}]},{\"@type\":\"WebPage\",\"@id\":\"https:\\\/\\\/www.eltriangle.eu\\\/es\\\/2021\\\/09\\\/06\\\/el-tedh-desestima-los-dos-primeros-recursos-por-las-cargas-del-1-o\\\/\",\"url\":\"https:\\\/\\\/www.eltriangle.eu\\\/es\\\/2021\\\/09\\\/06\\\/el-tedh-desestima-los-dos-primeros-recursos-por-las-cargas-del-1-o\\\/\",\"name\":\"El TEDH desestima los dos primeros recursos por las cargas del 1-O - El Triangle\",\"isPartOf\":{\"@id\":\"https:\\\/\\\/www.eltriangle.eu\\\/es\\\/#website\"},\"primaryImageOfPage\":{\"@id\":\"https:\\\/\\\/www.eltriangle.eu\\\/es\\\/2021\\\/09\\\/06\\\/el-tedh-desestima-los-dos-primeros-recursos-por-las-cargas-del-1-o\\\/#primaryimage\"},\"image\":{\"@id\":\"https:\\\/\\\/www.eltriangle.eu\\\/es\\\/2021\\\/09\\\/06\\\/el-tedh-desestima-los-dos-primeros-recursos-por-las-cargas-del-1-o\\\/#primaryimage\"},\"thumbnailUrl\":\"https:\\\/\\\/www.eltriangle.eu\\\/wp-content\\\/uploads\\\/2021\\\/05\\\/Actuacio-policial-a-lEscola-Dolors-Monserda-de-Barcelona-l1-doctubre.jpg\",\"datePublished\":\"2021-09-06T16:00:04+00:00\",\"dateModified\":\"2021-09-06T16:22:20+00:00\",\"description\":\"El Tribunal Europeo de Derechos Humanos (TEDH) ha desestimado los dos primeros recursos que dos vecinos del Bages presentaron por las cargas policiales\",\"breadcrumb\":{\"@id\":\"https:\\\/\\\/www.eltriangle.eu\\\/es\\\/2021\\\/09\\\/06\\\/el-tedh-desestima-los-dos-primeros-recursos-por-las-cargas-del-1-o\\\/#breadcrumb\"},\"inLanguage\":\"es\",\"potentialAction\":[{\"@type\":\"ReadAction\",\"target\":[\"https:\\\/\\\/www.eltriangle.eu\\\/es\\\/2021\\\/09\\\/06\\\/el-tedh-desestima-los-dos-primeros-recursos-por-las-cargas-del-1-o\\\/\"]}]},{\"@type\":\"ImageObject\",\"inLanguage\":\"es\",\"@id\":\"https:\\\/\\\/www.eltriangle.eu\\\/es\\\/2021\\\/09\\\/06\\\/el-tedh-desestima-los-dos-primeros-recursos-por-las-cargas-del-1-o\\\/#primaryimage\",\"url\":\"https:\\\/\\\/www.eltriangle.eu\\\/wp-content\\\/uploads\\\/2021\\\/05\\\/Actuacio-policial-a-lEscola-Dolors-Monserda-de-Barcelona-l1-doctubre.jpg\",\"contentUrl\":\"https:\\\/\\\/www.eltriangle.eu\\\/wp-content\\\/uploads\\\/2021\\\/05\\\/Actuacio-policial-a-lEscola-Dolors-Monserda-de-Barcelona-l1-doctubre.jpg\",\"width\":1200,\"height\":675,\"caption\":\"El 1-O en la escuela Dolors Monserd\u00e0\"},{\"@type\":\"BreadcrumbList\",\"@id\":\"https:\\\/\\\/www.eltriangle.eu\\\/es\\\/2021\\\/09\\\/06\\\/el-tedh-desestima-los-dos-primeros-recursos-por-las-cargas-del-1-o\\\/#breadcrumb\",\"itemListElement\":[{\"@type\":\"ListItem\",\"position\":1,\"name\":\"Portada\",\"item\":\"https:\\\/\\\/www.eltriangle.eu\\\/es\\\/\"},{\"@type\":\"ListItem\",\"position\":2,\"name\":\"El TEDH desestima los dos primeros recursos por las cargas del 1-O\"}]},{\"@type\":\"WebSite\",\"@id\":\"https:\\\/\\\/www.eltriangle.eu\\\/es\\\/#website\",\"url\":\"https:\\\/\\\/www.eltriangle.eu\\\/es\\\/\",\"name\":\"El Triangle\",\"description\":\"El Triangle \u00e9s un Diari d&#039;informaci\u00f3 general, editat a Catalunya i escrit en llengua catalana, especialitzat en investigaci\u00f3 period\u00edstica\",\"publisher\":{\"@id\":\"https:\\\/\\\/www.eltriangle.eu\\\/es\\\/#organization\"},\"potentialAction\":[{\"@type\":\"SearchAction\",\"target\":{\"@type\":\"EntryPoint\",\"urlTemplate\":\"https:\\\/\\\/www.eltriangle.eu\\\/es\\\/?s={search_term_string}\"},\"query-input\":{\"@type\":\"PropertyValueSpecification\",\"valueRequired\":true,\"valueName\":\"search_term_string\"}}],\"inLanguage\":\"es\"},{\"@type\":[\"Organization\",\"NewsMediaOrganization\"],\"@id\":\"https:\\\/\\\/www.eltriangle.eu\\\/es\\\/#organization\",\"name\":\"El Triangle\",\"url\":\"https:\\\/\\\/www.eltriangle.eu\\\/es\\\/\",\"logo\":{\"@type\":\"ImageObject\",\"inLanguage\":\"es\",\"@id\":\"https:\\\/\\\/www.eltriangle.eu\\\/es\\\/#\\\/schema\\\/logo\\\/image\\\/\",\"url\":\"https:\\\/\\\/www.eltriangle.eu\\\/wp-content\\\/uploads\\\/2020\\\/11\\\/triangle_logo-ajustado.jpg\",\"contentUrl\":\"https:\\\/\\\/www.eltriangle.eu\\\/wp-content\\\/uploads\\\/2020\\\/11\\\/triangle_logo-ajustado.jpg\",\"width\":521,\"height\":92,\"caption\":\"El Triangle\"},\"image\":{\"@id\":\"https:\\\/\\\/www.eltriangle.eu\\\/es\\\/#\\\/schema\\\/logo\\\/image\\\/\"},\"sameAs\":[\"https:\\\/\\\/www.facebook.com\\\/El-Triangle-Diari-101787399020302\",\"https:\\\/\\\/x.com\\\/El_Triangle\",\"https:\\\/\\\/www.youtube.com\\\/channel\\\/UCTIjmYEMYSpdGonuAgNhbcg\"]},{\"@type\":\"Person\",\"@id\":\"https:\\\/\\\/www.eltriangle.eu\\\/es\\\/#\\\/schema\\\/person\\\/a74e1a5cc56e2debe2bc7ccf5bdbbb55\",\"name\":\"Mireia Marquez\",\"image\":{\"@type\":\"ImageObject\",\"inLanguage\":\"es\",\"@id\":\"\\\/\\\/www.gravatar.com\\\/avatar\\\/92bb22d74e94a12bb58a9178eb127215?s=96&#038;r=g&#038;d=mm\",\"url\":\"\\\/\\\/www.gravatar.com\\\/avatar\\\/92bb22d74e94a12bb58a9178eb127215?s=96&#038;r=g&#038;d=mm\",\"contentUrl\":\"\\\/\\\/www.gravatar.com\\\/avatar\\\/92bb22d74e94a12bb58a9178eb127215?s=96&#038;r=g&#038;d=mm\",\"caption\":\"Mireia Marquez\"},\"url\":\"https:\\\/\\\/www.eltriangle.eu\\\/es\\\/author\\\/mireia\\\/\"},{\"@type\":\"SiteNavigationElement\",\"@id\":\"https:\\\/\\\/www.eltriangle.eu\\\/es\\\/#site-navigation\",\"cssSelector\":[\".cib-main-menu\"]},{\"@type\":\"WPHeader\",\"@id\":\"https:\\\/\\\/www.eltriangle.eu\\\/es\\\/#header\",\"cssSelector\":[\".cib-header\"]},{\"@type\":\"WPFooter\",\"@id\":\"https:\\\/\\\/www.eltriangle.eu\\\/es\\\/#footer\",\"cssSelector\":[\".cib-footer\"]}]}<\/script>\n<!-- \/ Yoast SEO plugin. -->","yoast_head_json":{"title":"El TEDH desestima los dos primeros recursos por las cargas del 1-O - El Triangle","description":"El Tribunal Europeo de Derechos Humanos (TEDH) ha desestimado los dos primeros recursos que dos vecinos del Bages presentaron por las cargas policiales","robots":{"index":"index","follow":"follow","max-snippet":"max-snippet:-1","max-image-preview":"max-image-preview:large","max-video-preview":"max-video-preview:-1"},"canonical":"https:\/\/www.eltriangle.eu\/es\/2021\/09\/06\/el-tedh-desestima-los-dos-primeros-recursos-por-las-cargas-del-1-o\/","og_locale":"es_ES","og_type":"article","og_title":"El TEDH desestima los dos primeros recursos por las cargas del 1-O - El Triangle","og_description":"El Tribunal Europeo de Derechos Humanos (TEDH) ha desestimado los dos primeros recursos que dos vecinos del Bages presentaron por las cargas policiales","og_url":"https:\/\/www.eltriangle.eu\/es\/2021\/09\/06\/el-tedh-desestima-los-dos-primeros-recursos-por-las-cargas-del-1-o\/","og_site_name":"El Triangle","article_publisher":"https:\/\/www.facebook.com\/El-Triangle-Diari-101787399020302","article_published_time":"2021-09-06T16:00:04+00:00","article_modified_time":"2021-09-06T16:22:20+00:00","og_image":[{"width":1200,"height":675,"url":"https:\/\/www.eltriangle.eu\/wp-content\/uploads\/2021\/05\/Actuacio-policial-a-lEscola-Dolors-Monserda-de-Barcelona-l1-doctubre.jpg","type":"image\/jpeg"}],"author":"Mireia Marquez","twitter_card":"summary_large_image","twitter_creator":"@El_Triangle","twitter_site":"@El_Triangle","twitter_misc":{"Escrito por":"Mireia Marquez","Tiempo de lectura":"2 minutos"},"schema":{"@context":"https:\/\/schema.org","@graph":[{"@type":"NewsArticle","@id":"https:\/\/www.eltriangle.eu\/es\/2021\/09\/06\/el-tedh-desestima-los-dos-primeros-recursos-por-las-cargas-del-1-o\/#article","isPartOf":{"@id":"https:\/\/www.eltriangle.eu\/es\/2021\/09\/06\/el-tedh-desestima-los-dos-primeros-recursos-por-las-cargas-del-1-o\/"},"author":{"name":"Mireia Marquez","@id":"https:\/\/www.eltriangle.eu\/es\/#\/schema\/person\/a74e1a5cc56e2debe2bc7ccf5bdbbb55"},"headline":"El TEDH desestima los dos primeros recursos por las cargas del 1-O","datePublished":"2021-09-06T16:00:04+00:00","dateModified":"2021-09-06T16:22:20+00:00","mainEntityOfPage":{"@id":"https:\/\/www.eltriangle.eu\/es\/2021\/09\/06\/el-tedh-desestima-los-dos-primeros-recursos-por-las-cargas-del-1-o\/"},"wordCount":377,"commentCount":0,"publisher":{"@id":"https:\/\/www.eltriangle.eu\/es\/#organization"},"image":{"@id":"https:\/\/www.eltriangle.eu\/es\/2021\/09\/06\/el-tedh-desestima-los-dos-primeros-recursos-por-las-cargas-del-1-o\/#primaryimage"},"thumbnailUrl":"https:\/\/www.eltriangle.eu\/wp-content\/uploads\/2021\/05\/Actuacio-policial-a-lEscola-Dolors-Monserda-de-Barcelona-l1-doctubre.jpg","keywords":["1-O","TEDH"],"articleSection":["Actualidad","Represi\u00f3n","Tribunales"],"inLanguage":"es","potentialAction":[{"@type":"CommentAction","name":"Comment","target":["https:\/\/www.eltriangle.eu\/es\/2021\/09\/06\/el-tedh-desestima-los-dos-primeros-recursos-por-las-cargas-del-1-o\/#respond"]}]},{"@type":"WebPage","@id":"https:\/\/www.eltriangle.eu\/es\/2021\/09\/06\/el-tedh-desestima-los-dos-primeros-recursos-por-las-cargas-del-1-o\/","url":"https:\/\/www.eltriangle.eu\/es\/2021\/09\/06\/el-tedh-desestima-los-dos-primeros-recursos-por-las-cargas-del-1-o\/","name":"El TEDH desestima los dos primeros recursos por las cargas del 1-O - El Triangle","isPartOf":{"@id":"https:\/\/www.eltriangle.eu\/es\/#website"},"primaryImageOfPage":{"@id":"https:\/\/www.eltriangle.eu\/es\/2021\/09\/06\/el-tedh-desestima-los-dos-primeros-recursos-por-las-cargas-del-1-o\/#primaryimage"},"image":{"@id":"https:\/\/www.eltriangle.eu\/es\/2021\/09\/06\/el-tedh-desestima-los-dos-primeros-recursos-por-las-cargas-del-1-o\/#primaryimage"},"thumbnailUrl":"https:\/\/www.eltriangle.eu\/wp-content\/uploads\/2021\/05\/Actuacio-policial-a-lEscola-Dolors-Monserda-de-Barcelona-l1-doctubre.jpg","datePublished":"2021-09-06T16:00:04+00:00","dateModified":"2021-09-06T16:22:20+00:00","description":"El Tribunal Europeo de Derechos Humanos (TEDH) ha desestimado los dos primeros recursos que dos vecinos del Bages presentaron por las cargas policiales","breadcrumb":{"@id":"https:\/\/www.eltriangle.eu\/es\/2021\/09\/06\/el-tedh-desestima-los-dos-primeros-recursos-por-las-cargas-del-1-o\/#breadcrumb"},"inLanguage":"es","potentialAction":[{"@type":"ReadAction","target":["https:\/\/www.eltriangle.eu\/es\/2021\/09\/06\/el-tedh-desestima-los-dos-primeros-recursos-por-las-cargas-del-1-o\/"]}]},{"@type":"ImageObject","inLanguage":"es","@id":"https:\/\/www.eltriangle.eu\/es\/2021\/09\/06\/el-tedh-desestima-los-dos-primeros-recursos-por-las-cargas-del-1-o\/#primaryimage","url":"https:\/\/www.eltriangle.eu\/wp-content\/uploads\/2021\/05\/Actuacio-policial-a-lEscola-Dolors-Monserda-de-Barcelona-l1-doctubre.jpg","contentUrl":"https:\/\/www.eltriangle.eu\/wp-content\/uploads\/2021\/05\/Actuacio-policial-a-lEscola-Dolors-Monserda-de-Barcelona-l1-doctubre.jpg","width":1200,"height":675,"caption":"El 1-O en la escuela Dolors Monserd\u00e0"},{"@type":"BreadcrumbList","@id":"https:\/\/www.eltriangle.eu\/es\/2021\/09\/06\/el-tedh-desestima-los-dos-primeros-recursos-por-las-cargas-del-1-o\/#breadcrumb","itemListElement":[{"@type":"ListItem","position":1,"name":"Portada","item":"https:\/\/www.eltriangle.eu\/es\/"},{"@type":"ListItem","position":2,"name":"El TEDH desestima los dos primeros recursos por las cargas del 1-O"}]},{"@type":"WebSite","@id":"https:\/\/www.eltriangle.eu\/es\/#website","url":"https:\/\/www.eltriangle.eu\/es\/","name":"El Triangle","description":"El Triangle \u00e9s un Diari d&#039;informaci\u00f3 general, editat a Catalunya i escrit en llengua catalana, especialitzat en investigaci\u00f3 period\u00edstica","publisher":{"@id":"https:\/\/www.eltriangle.eu\/es\/#organization"},"potentialAction":[{"@type":"SearchAction","target":{"@type":"EntryPoint","urlTemplate":"https:\/\/www.eltriangle.eu\/es\/?s={search_term_string}"},"query-input":{"@type":"PropertyValueSpecification","valueRequired":true,"valueName":"search_term_string"}}],"inLanguage":"es"},{"@type":["Organization","NewsMediaOrganization"],"@id":"https:\/\/www.eltriangle.eu\/es\/#organization","name":"El Triangle","url":"https:\/\/www.eltriangle.eu\/es\/","logo":{"@type":"ImageObject","inLanguage":"es","@id":"https:\/\/www.eltriangle.eu\/es\/#\/schema\/logo\/image\/","url":"https:\/\/www.eltriangle.eu\/wp-content\/uploads\/2020\/11\/triangle_logo-ajustado.jpg","contentUrl":"https:\/\/www.eltriangle.eu\/wp-content\/uploads\/2020\/11\/triangle_logo-ajustado.jpg","width":521,"height":92,"caption":"El Triangle"},"image":{"@id":"https:\/\/www.eltriangle.eu\/es\/#\/schema\/logo\/image\/"},"sameAs":["https:\/\/www.facebook.com\/El-Triangle-Diari-101787399020302","https:\/\/x.com\/El_Triangle","https:\/\/www.youtube.com\/channel\/UCTIjmYEMYSpdGonuAgNhbcg"]},{"@type":"Person","@id":"https:\/\/www.eltriangle.eu\/es\/#\/schema\/person\/a74e1a5cc56e2debe2bc7ccf5bdbbb55","name":"Mireia Marquez","image":{"@type":"ImageObject","inLanguage":"es","@id":"\/\/www.gravatar.com\/avatar\/92bb22d74e94a12bb58a9178eb127215?s=96&#038;r=g&#038;d=mm","url":"\/\/www.gravatar.com\/avatar\/92bb22d74e94a12bb58a9178eb127215?s=96&#038;r=g&#038;d=mm","contentUrl":"\/\/www.gravatar.com\/avatar\/92bb22d74e94a12bb58a9178eb127215?s=96&#038;r=g&#038;d=mm","caption":"Mireia Marquez"},"url":"https:\/\/www.eltriangle.eu\/es\/author\/mireia\/"},{"@type":"SiteNavigationElement","@id":"https:\/\/www.eltriangle.eu\/es\/#site-navigation","cssSelector":[".cib-main-menu"]},{"@type":"WPHeader","@id":"https:\/\/www.eltriangle.eu\/es\/#header","cssSelector":[".cib-header"]},{"@type":"WPFooter","@id":"https:\/\/www.eltriangle.eu\/es\/#footer","cssSelector":[".cib-footer"]}]}},"amp_enabled":true,"_links":{"self":[{"href":"https:\/\/www.eltriangle.eu\/es\/wp-json\/wp\/v2\/posts\/111347","targetHints":{"allow":["GET"]}}],"collection":[{"href":"https:\/\/www.eltriangle.eu\/es\/wp-json\/wp\/v2\/posts"}],"about":[{"href":"https:\/\/www.eltriangle.eu\/es\/wp-json\/wp\/v2\/types\/post"}],"author":[{"embeddable":true,"href":"https:\/\/www.eltriangle.eu\/es\/wp-json\/wp\/v2\/users\/116"}],"replies":[{"embeddable":true,"href":"https:\/\/www.eltriangle.eu\/es\/wp-json\/wp\/v2\/comments?post=111347"}],"version-history":[{"count":0,"href":"https:\/\/www.eltriangle.eu\/es\/wp-json\/wp\/v2\/posts\/111347\/revisions"}],"wp:featuredmedia":[{"embeddable":true,"href":"https:\/\/www.eltriangle.eu\/es\/wp-json\/wp\/v2\/media\/98773"}],"wp:attachment":[{"href":"https:\/\/www.eltriangle.eu\/es\/wp-json\/wp\/v2\/media?parent=111347"}],"wp:term":[{"taxonomy":"category","embeddable":true,"href":"https:\/\/www.eltriangle.eu\/es\/wp-json\/wp\/v2\/categories?post=111347"},{"taxonomy":"post_tag","embeddable":true,"href":"https:\/\/www.eltriangle.eu\/es\/wp-json\/wp\/v2\/tags?post=111347"}],"curies":[{"name":"wp","href":"https:\/\/api.w.org\/{rel}","templated":true}]}}