{"id":107900,"date":"2021-07-29T20:09:44","date_gmt":"2021-07-29T18:09:44","guid":{"rendered":null},"modified":"2021-07-29T20:09:44","modified_gmt":"2021-07-29T18:09:44","slug":"procesan-a-fernandez-diaz-por-el-caso-kitchen-y-exculpan-a-cospedal","status":"publish","type":"post","link":"https:\/\/www.eltriangle.eu\/es\/2021\/07\/29\/procesan-a-fernandez-diaz-por-el-caso-kitchen-y-exculpan-a-cospedal\/","title":{"rendered":"Procesan a Fern\u00e1ndez D\u00edaz por el caso &#8216;Kitchen&#8217; y exculpan a Cospedal"},"content":{"rendered":"<p>La Audiencia Nacional propone juzgar al ex ministro <strong>Jorge Fern\u00e1ndez D\u00edaz<\/strong> por el caso Kitchen, la supuesta trama dirigida desde el Ministerio del Interior en tiempos del PP para espiar el extesorero del partido <strong>Luis B\u00e1rcenas<\/strong> y robarle informaci\u00f3n comprometedora del caso G\u00fcrtel.<\/p>\n<p>En cambio, deja fuera de la causa a la ex secretaria general del PP y tambi\u00e9n ex ministra <strong>Mar\u00eda Dolores de Cospedal<\/strong> y a su marido, el empresario <strong>Ignacio L\u00f3pez del Hierro<\/strong>, por falta de indicios.<\/p>\n<p>Una vez terminada la investigaci\u00f3n, el juez <strong>Manuel Garc\u00eda-Castell\u00f3n<\/strong> procesa Fern\u00e1ndez D\u00edaz y otros ex responsables de Interior y policiales, as\u00ed como el ch\u00f3fer de B\u00e1rcenas.<\/p>\n<p>El magistrado cree que cometieron descubrimiento y revelaci\u00f3n de secretos, prevaricaci\u00f3n, omisi\u00f3n del deber de perseguir delitos, cohecho, tr\u00e1fico de influencias y malversaci\u00f3n.<\/p>\n<p>Una vez anunciada la decisi\u00f3n, el PP ha anunciado la suspensi\u00f3n temporal de militancia de Fern\u00e1ndez D\u00edaz. El presidente del partido, <strong>Pablo Casado<\/strong>, afirm\u00f3 que actuar\u00e1n \u00aben consecuencia con los estatutos\u00bb de la formaci\u00f3n y ha defendido que la direcci\u00f3n actual del PP es \u00abhonesta\u00bb. \u00abYo no tengo nada que ver con Villarejo ni tengo nada que temer\u00bb, afirma.<\/p>\n","protected":false},"excerpt":{"rendered":"<p>La Audiencia Nacional propone juzgar al ex ministro Jorge Fern\u00e1ndez D\u00edaz por el caso Kitchen, la supuesta trama dirigida desde el Ministerio del Interior en tiempos del PP para espiar el extesorero del partido Luis B\u00e1rcenas y robarle informaci\u00f3n comprometedora del caso G\u00fcrtel. En cambio, deja fuera de la causa a la ex secretaria general &#8230; <a title=\"Procesan a Fern\u00e1ndez D\u00edaz por el caso &#8216;Kitchen&#8217; y exculpan a Cospedal\" class=\"read-more\" href=\"https:\/\/www.eltriangle.eu\/es\/2021\/07\/29\/procesan-a-fernandez-diaz-por-el-caso-kitchen-y-exculpan-a-cospedal\/\" aria-label=\"Leer m\u00e1s sobre Procesan a Fern\u00e1ndez D\u00edaz por el caso &#8216;Kitchen&#8217; y exculpan a Cospedal\">Leer m\u00e1s<\/a><\/p>\n","protected":false},"author":97,"featured_media":107886,"comment_status":"open","ping_status":"closed","sticky":false,"template":"","format":"standard","meta":{"_acf_changed":false,"pmpro_default_level":"","footnotes":""},"categories":[24,74,96],"tags":[777,886],"class_list":["post-107900","post","type-post","status-publish","format-standard","has-post-thumbnail","hentry","category-actualidad","category-poderes","category-tribunales","tag-jorge-fernandez-diaz-es","tag-maria-dolores-de-cospedal-es","lh_instant_articles-syndicate-yes","pmpro-has-access"],"acf":[],"yoast_head":"<!-- This site is optimized with the Yoast SEO plugin v27.4 - https:\/\/yoast.com\/product\/yoast-seo-wordpress\/ -->\n<title>Procesan a Fern\u00e1ndez D\u00edaz por el caso &#039;Kitchen&#039; y exculpan a Cospedal - El Triangle<\/title>\n<meta name=\"description\" content=\"La Audiencia Nacional propone juzgar al ex ministro Jorge Fern\u00e1ndez D\u00edaz por el caso Kitchen, la supuesta trama dirigida desde el Ministerio del Interior\" class=\"yoast-seo-meta-tag\" \/>\n<meta name=\"robots\" content=\"index, follow, max-snippet:-1, max-image-preview:large, max-video-preview:-1\" \/>\n<link rel=\"canonical\" href=\"https:\/\/www.eltriangle.eu\/es\/2021\/07\/29\/procesan-a-fernandez-diaz-por-el-caso-kitchen-y-exculpan-a-cospedal\/\" class=\"yoast-seo-meta-tag\" \/>\n<meta property=\"og:locale\" content=\"es_ES\" class=\"yoast-seo-meta-tag\" \/>\n<meta property=\"og:type\" content=\"article\" class=\"yoast-seo-meta-tag\" \/>\n<meta property=\"og:title\" content=\"Procesan a Fern\u00e1ndez D\u00edaz por el caso &#039;Kitchen&#039; y exculpan a Cospedal - El Triangle\" class=\"yoast-seo-meta-tag\" \/>\n<meta property=\"og:description\" content=\"La Audiencia Nacional propone juzgar al ex ministro Jorge Fern\u00e1ndez D\u00edaz por el caso Kitchen, la supuesta trama dirigida desde el Ministerio del Interior\" class=\"yoast-seo-meta-tag\" \/>\n<meta property=\"og:url\" content=\"https:\/\/www.eltriangle.eu\/es\/2021\/07\/29\/procesan-a-fernandez-diaz-por-el-caso-kitchen-y-exculpan-a-cospedal\/\" class=\"yoast-seo-meta-tag\" \/>\n<meta property=\"og:site_name\" content=\"El Triangle\" class=\"yoast-seo-meta-tag\" \/>\n<meta property=\"article:publisher\" content=\"https:\/\/www.facebook.com\/El-Triangle-Diari-101787399020302\" class=\"yoast-seo-meta-tag\" \/>\n<meta property=\"article:published_time\" content=\"2021-07-29T18:09:44+00:00\" class=\"yoast-seo-meta-tag\" \/>\n<meta property=\"og:image\" content=\"https:\/\/www.eltriangle.eu\/wp-content\/uploads\/2021\/07\/Jorge-Fernandez-Diaz.jpeg\" class=\"yoast-seo-meta-tag\" \/>\n\t<meta property=\"og:image:width\" content=\"630\" class=\"yoast-seo-meta-tag\" \/>\n\t<meta property=\"og:image:height\" content=\"420\" class=\"yoast-seo-meta-tag\" \/>\n\t<meta property=\"og:image:type\" content=\"image\/jpeg\" class=\"yoast-seo-meta-tag\" \/>\n<meta name=\"author\" content=\"xavier\" class=\"yoast-seo-meta-tag\" \/>\n<meta name=\"twitter:card\" content=\"summary_large_image\" class=\"yoast-seo-meta-tag\" \/>\n<meta name=\"twitter:creator\" content=\"@El_Triangle\" class=\"yoast-seo-meta-tag\" \/>\n<meta name=\"twitter:site\" content=\"@El_Triangle\" class=\"yoast-seo-meta-tag\" \/>\n<meta name=\"twitter:label1\" content=\"Escrito por\" class=\"yoast-seo-meta-tag\" \/>\n\t<meta name=\"twitter:data1\" content=\"xavier\" class=\"yoast-seo-meta-tag\" \/>\n\t<meta name=\"twitter:label2\" content=\"Tiempo de lectura\" class=\"yoast-seo-meta-tag\" \/>\n\t<meta name=\"twitter:data2\" content=\"1 minuto\" class=\"yoast-seo-meta-tag\" \/>\n<script type=\"application\/ld+json\" class=\"yoast-schema-graph\">{\"@context\":\"https:\\\/\\\/schema.org\",\"@graph\":[{\"@type\":\"NewsArticle\",\"@id\":\"https:\\\/\\\/www.eltriangle.eu\\\/es\\\/2021\\\/07\\\/29\\\/procesan-a-fernandez-diaz-por-el-caso-kitchen-y-exculpan-a-cospedal\\\/#article\",\"isPartOf\":{\"@id\":\"https:\\\/\\\/www.eltriangle.eu\\\/es\\\/2021\\\/07\\\/29\\\/procesan-a-fernandez-diaz-por-el-caso-kitchen-y-exculpan-a-cospedal\\\/\"},\"author\":{\"name\":\"xavier\",\"@id\":\"https:\\\/\\\/www.eltriangle.eu\\\/es\\\/#\\\/schema\\\/person\\\/df9cb61ef0b061092c35cf7a8636dfc6\"},\"headline\":\"Procesan a Fern\u00e1ndez D\u00edaz por el caso &#8216;Kitchen&#8217; y exculpan a Cospedal\",\"datePublished\":\"2021-07-29T18:09:44+00:00\",\"mainEntityOfPage\":{\"@id\":\"https:\\\/\\\/www.eltriangle.eu\\\/es\\\/2021\\\/07\\\/29\\\/procesan-a-fernandez-diaz-por-el-caso-kitchen-y-exculpan-a-cospedal\\\/\"},\"wordCount\":228,\"commentCount\":0,\"publisher\":{\"@id\":\"https:\\\/\\\/www.eltriangle.eu\\\/es\\\/#organization\"},\"image\":{\"@id\":\"https:\\\/\\\/www.eltriangle.eu\\\/es\\\/2021\\\/07\\\/29\\\/procesan-a-fernandez-diaz-por-el-caso-kitchen-y-exculpan-a-cospedal\\\/#primaryimage\"},\"thumbnailUrl\":\"https:\\\/\\\/www.eltriangle.eu\\\/wp-content\\\/uploads\\\/2021\\\/07\\\/Jorge-Fernandez-Diaz.jpeg\",\"keywords\":[\"Jorge Fern\u00e1ndez D\u00edaz\",\"Mar\u00eda Dolores de Cospedal\"],\"articleSection\":[\"Actualidad\",\"Poderes\",\"Tribunales\"],\"inLanguage\":\"es\",\"potentialAction\":[{\"@type\":\"CommentAction\",\"name\":\"Comment\",\"target\":[\"https:\\\/\\\/www.eltriangle.eu\\\/es\\\/2021\\\/07\\\/29\\\/procesan-a-fernandez-diaz-por-el-caso-kitchen-y-exculpan-a-cospedal\\\/#respond\"]}]},{\"@type\":\"WebPage\",\"@id\":\"https:\\\/\\\/www.eltriangle.eu\\\/es\\\/2021\\\/07\\\/29\\\/procesan-a-fernandez-diaz-por-el-caso-kitchen-y-exculpan-a-cospedal\\\/\",\"url\":\"https:\\\/\\\/www.eltriangle.eu\\\/es\\\/2021\\\/07\\\/29\\\/procesan-a-fernandez-diaz-por-el-caso-kitchen-y-exculpan-a-cospedal\\\/\",\"name\":\"Procesan a Fern\u00e1ndez D\u00edaz por el caso 'Kitchen' y exculpan a Cospedal - El Triangle\",\"isPartOf\":{\"@id\":\"https:\\\/\\\/www.eltriangle.eu\\\/es\\\/#website\"},\"primaryImageOfPage\":{\"@id\":\"https:\\\/\\\/www.eltriangle.eu\\\/es\\\/2021\\\/07\\\/29\\\/procesan-a-fernandez-diaz-por-el-caso-kitchen-y-exculpan-a-cospedal\\\/#primaryimage\"},\"image\":{\"@id\":\"https:\\\/\\\/www.eltriangle.eu\\\/es\\\/2021\\\/07\\\/29\\\/procesan-a-fernandez-diaz-por-el-caso-kitchen-y-exculpan-a-cospedal\\\/#primaryimage\"},\"thumbnailUrl\":\"https:\\\/\\\/www.eltriangle.eu\\\/wp-content\\\/uploads\\\/2021\\\/07\\\/Jorge-Fernandez-Diaz.jpeg\",\"datePublished\":\"2021-07-29T18:09:44+00:00\",\"description\":\"La Audiencia Nacional propone juzgar al ex ministro Jorge Fern\u00e1ndez D\u00edaz por el caso Kitchen, la supuesta trama dirigida desde el Ministerio del Interior\",\"breadcrumb\":{\"@id\":\"https:\\\/\\\/www.eltriangle.eu\\\/es\\\/2021\\\/07\\\/29\\\/procesan-a-fernandez-diaz-por-el-caso-kitchen-y-exculpan-a-cospedal\\\/#breadcrumb\"},\"inLanguage\":\"es\",\"potentialAction\":[{\"@type\":\"ReadAction\",\"target\":[\"https:\\\/\\\/www.eltriangle.eu\\\/es\\\/2021\\\/07\\\/29\\\/procesan-a-fernandez-diaz-por-el-caso-kitchen-y-exculpan-a-cospedal\\\/\"]}]},{\"@type\":\"ImageObject\",\"inLanguage\":\"es\",\"@id\":\"https:\\\/\\\/www.eltriangle.eu\\\/es\\\/2021\\\/07\\\/29\\\/procesan-a-fernandez-diaz-por-el-caso-kitchen-y-exculpan-a-cospedal\\\/#primaryimage\",\"url\":\"https:\\\/\\\/www.eltriangle.eu\\\/wp-content\\\/uploads\\\/2021\\\/07\\\/Jorge-Fernandez-Diaz.jpeg\",\"contentUrl\":\"https:\\\/\\\/www.eltriangle.eu\\\/wp-content\\\/uploads\\\/2021\\\/07\\\/Jorge-Fernandez-Diaz.jpeg\",\"width\":630,\"height\":420,\"caption\":\"Jorge Fern\u00e1ndez D\u00edaz\"},{\"@type\":\"BreadcrumbList\",\"@id\":\"https:\\\/\\\/www.eltriangle.eu\\\/es\\\/2021\\\/07\\\/29\\\/procesan-a-fernandez-diaz-por-el-caso-kitchen-y-exculpan-a-cospedal\\\/#breadcrumb\",\"itemListElement\":[{\"@type\":\"ListItem\",\"position\":1,\"name\":\"Portada\",\"item\":\"https:\\\/\\\/www.eltriangle.eu\\\/es\\\/\"},{\"@type\":\"ListItem\",\"position\":2,\"name\":\"Procesan a Fern\u00e1ndez D\u00edaz por el caso &#8216;Kitchen&#8217; y exculpan a Cospedal\"}]},{\"@type\":\"WebSite\",\"@id\":\"https:\\\/\\\/www.eltriangle.eu\\\/es\\\/#website\",\"url\":\"https:\\\/\\\/www.eltriangle.eu\\\/es\\\/\",\"name\":\"El Triangle\",\"description\":\"El Triangle \u00e9s un Diari d&#039;informaci\u00f3 general, editat a Catalunya i escrit en llengua catalana, especialitzat en investigaci\u00f3 period\u00edstica\",\"publisher\":{\"@id\":\"https:\\\/\\\/www.eltriangle.eu\\\/es\\\/#organization\"},\"potentialAction\":[{\"@type\":\"SearchAction\",\"target\":{\"@type\":\"EntryPoint\",\"urlTemplate\":\"https:\\\/\\\/www.eltriangle.eu\\\/es\\\/?s={search_term_string}\"},\"query-input\":{\"@type\":\"PropertyValueSpecification\",\"valueRequired\":true,\"valueName\":\"search_term_string\"}}],\"inLanguage\":\"es\"},{\"@type\":[\"Organization\",\"NewsMediaOrganization\"],\"@id\":\"https:\\\/\\\/www.eltriangle.eu\\\/es\\\/#organization\",\"name\":\"El Triangle\",\"url\":\"https:\\\/\\\/www.eltriangle.eu\\\/es\\\/\",\"logo\":{\"@type\":\"ImageObject\",\"inLanguage\":\"es\",\"@id\":\"https:\\\/\\\/www.eltriangle.eu\\\/es\\\/#\\\/schema\\\/logo\\\/image\\\/\",\"url\":\"https:\\\/\\\/www.eltriangle.eu\\\/wp-content\\\/uploads\\\/2020\\\/11\\\/triangle_logo-ajustado.jpg\",\"contentUrl\":\"https:\\\/\\\/www.eltriangle.eu\\\/wp-content\\\/uploads\\\/2020\\\/11\\\/triangle_logo-ajustado.jpg\",\"width\":521,\"height\":92,\"caption\":\"El Triangle\"},\"image\":{\"@id\":\"https:\\\/\\\/www.eltriangle.eu\\\/es\\\/#\\\/schema\\\/logo\\\/image\\\/\"},\"sameAs\":[\"https:\\\/\\\/www.facebook.com\\\/El-Triangle-Diari-101787399020302\",\"https:\\\/\\\/x.com\\\/El_Triangle\",\"https:\\\/\\\/www.youtube.com\\\/channel\\\/UCTIjmYEMYSpdGonuAgNhbcg\"]},{\"@type\":\"Person\",\"@id\":\"https:\\\/\\\/www.eltriangle.eu\\\/es\\\/#\\\/schema\\\/person\\\/df9cb61ef0b061092c35cf7a8636dfc6\",\"name\":\"xavier\",\"image\":{\"@type\":\"ImageObject\",\"inLanguage\":\"es\",\"@id\":\"\\\/\\\/www.gravatar.com\\\/avatar\\\/70cc50ebe4287089b363a6a3c8fa3e72?s=96&#038;r=g&#038;d=mm\",\"url\":\"\\\/\\\/www.gravatar.com\\\/avatar\\\/70cc50ebe4287089b363a6a3c8fa3e72?s=96&#038;r=g&#038;d=mm\",\"contentUrl\":\"\\\/\\\/www.gravatar.com\\\/avatar\\\/70cc50ebe4287089b363a6a3c8fa3e72?s=96&#038;r=g&#038;d=mm\",\"caption\":\"xavier\"},\"url\":\"https:\\\/\\\/www.eltriangle.eu\\\/es\\\/author\\\/xavier\\\/\"},{\"@type\":\"SiteNavigationElement\",\"@id\":\"https:\\\/\\\/www.eltriangle.eu\\\/es\\\/#site-navigation\",\"cssSelector\":[\".cib-main-menu\"]},{\"@type\":\"WPHeader\",\"@id\":\"https:\\\/\\\/www.eltriangle.eu\\\/es\\\/#header\",\"cssSelector\":[\".cib-header\"]},{\"@type\":\"WPFooter\",\"@id\":\"https:\\\/\\\/www.eltriangle.eu\\\/es\\\/#footer\",\"cssSelector\":[\".cib-footer\"]}]}<\/script>\n<!-- \/ Yoast SEO plugin. -->","yoast_head_json":{"title":"Procesan a Fern\u00e1ndez D\u00edaz por el caso 'Kitchen' y exculpan a Cospedal - El Triangle","description":"La Audiencia Nacional propone juzgar al ex ministro Jorge Fern\u00e1ndez D\u00edaz por el caso Kitchen, la supuesta trama dirigida desde el Ministerio del Interior","robots":{"index":"index","follow":"follow","max-snippet":"max-snippet:-1","max-image-preview":"max-image-preview:large","max-video-preview":"max-video-preview:-1"},"canonical":"https:\/\/www.eltriangle.eu\/es\/2021\/07\/29\/procesan-a-fernandez-diaz-por-el-caso-kitchen-y-exculpan-a-cospedal\/","og_locale":"es_ES","og_type":"article","og_title":"Procesan a Fern\u00e1ndez D\u00edaz por el caso 'Kitchen' y exculpan a Cospedal - El Triangle","og_description":"La Audiencia Nacional propone juzgar al ex ministro Jorge Fern\u00e1ndez D\u00edaz por el caso Kitchen, la supuesta trama dirigida desde el Ministerio del Interior","og_url":"https:\/\/www.eltriangle.eu\/es\/2021\/07\/29\/procesan-a-fernandez-diaz-por-el-caso-kitchen-y-exculpan-a-cospedal\/","og_site_name":"El Triangle","article_publisher":"https:\/\/www.facebook.com\/El-Triangle-Diari-101787399020302","article_published_time":"2021-07-29T18:09:44+00:00","og_image":[{"width":630,"height":420,"url":"https:\/\/www.eltriangle.eu\/wp-content\/uploads\/2021\/07\/Jorge-Fernandez-Diaz.jpeg","type":"image\/jpeg"}],"author":"xavier","twitter_card":"summary_large_image","twitter_creator":"@El_Triangle","twitter_site":"@El_Triangle","twitter_misc":{"Escrito por":"xavier","Tiempo de lectura":"1 minuto"},"schema":{"@context":"https:\/\/schema.org","@graph":[{"@type":"NewsArticle","@id":"https:\/\/www.eltriangle.eu\/es\/2021\/07\/29\/procesan-a-fernandez-diaz-por-el-caso-kitchen-y-exculpan-a-cospedal\/#article","isPartOf":{"@id":"https:\/\/www.eltriangle.eu\/es\/2021\/07\/29\/procesan-a-fernandez-diaz-por-el-caso-kitchen-y-exculpan-a-cospedal\/"},"author":{"name":"xavier","@id":"https:\/\/www.eltriangle.eu\/es\/#\/schema\/person\/df9cb61ef0b061092c35cf7a8636dfc6"},"headline":"Procesan a Fern\u00e1ndez D\u00edaz por el caso &#8216;Kitchen&#8217; y exculpan a Cospedal","datePublished":"2021-07-29T18:09:44+00:00","mainEntityOfPage":{"@id":"https:\/\/www.eltriangle.eu\/es\/2021\/07\/29\/procesan-a-fernandez-diaz-por-el-caso-kitchen-y-exculpan-a-cospedal\/"},"wordCount":228,"commentCount":0,"publisher":{"@id":"https:\/\/www.eltriangle.eu\/es\/#organization"},"image":{"@id":"https:\/\/www.eltriangle.eu\/es\/2021\/07\/29\/procesan-a-fernandez-diaz-por-el-caso-kitchen-y-exculpan-a-cospedal\/#primaryimage"},"thumbnailUrl":"https:\/\/www.eltriangle.eu\/wp-content\/uploads\/2021\/07\/Jorge-Fernandez-Diaz.jpeg","keywords":["Jorge Fern\u00e1ndez D\u00edaz","Mar\u00eda Dolores de Cospedal"],"articleSection":["Actualidad","Poderes","Tribunales"],"inLanguage":"es","potentialAction":[{"@type":"CommentAction","name":"Comment","target":["https:\/\/www.eltriangle.eu\/es\/2021\/07\/29\/procesan-a-fernandez-diaz-por-el-caso-kitchen-y-exculpan-a-cospedal\/#respond"]}]},{"@type":"WebPage","@id":"https:\/\/www.eltriangle.eu\/es\/2021\/07\/29\/procesan-a-fernandez-diaz-por-el-caso-kitchen-y-exculpan-a-cospedal\/","url":"https:\/\/www.eltriangle.eu\/es\/2021\/07\/29\/procesan-a-fernandez-diaz-por-el-caso-kitchen-y-exculpan-a-cospedal\/","name":"Procesan a Fern\u00e1ndez D\u00edaz por el caso 'Kitchen' y exculpan a Cospedal - El Triangle","isPartOf":{"@id":"https:\/\/www.eltriangle.eu\/es\/#website"},"primaryImageOfPage":{"@id":"https:\/\/www.eltriangle.eu\/es\/2021\/07\/29\/procesan-a-fernandez-diaz-por-el-caso-kitchen-y-exculpan-a-cospedal\/#primaryimage"},"image":{"@id":"https:\/\/www.eltriangle.eu\/es\/2021\/07\/29\/procesan-a-fernandez-diaz-por-el-caso-kitchen-y-exculpan-a-cospedal\/#primaryimage"},"thumbnailUrl":"https:\/\/www.eltriangle.eu\/wp-content\/uploads\/2021\/07\/Jorge-Fernandez-Diaz.jpeg","datePublished":"2021-07-29T18:09:44+00:00","description":"La Audiencia Nacional propone juzgar al ex ministro Jorge Fern\u00e1ndez D\u00edaz por el caso Kitchen, la supuesta trama dirigida desde el Ministerio del Interior","breadcrumb":{"@id":"https:\/\/www.eltriangle.eu\/es\/2021\/07\/29\/procesan-a-fernandez-diaz-por-el-caso-kitchen-y-exculpan-a-cospedal\/#breadcrumb"},"inLanguage":"es","potentialAction":[{"@type":"ReadAction","target":["https:\/\/www.eltriangle.eu\/es\/2021\/07\/29\/procesan-a-fernandez-diaz-por-el-caso-kitchen-y-exculpan-a-cospedal\/"]}]},{"@type":"ImageObject","inLanguage":"es","@id":"https:\/\/www.eltriangle.eu\/es\/2021\/07\/29\/procesan-a-fernandez-diaz-por-el-caso-kitchen-y-exculpan-a-cospedal\/#primaryimage","url":"https:\/\/www.eltriangle.eu\/wp-content\/uploads\/2021\/07\/Jorge-Fernandez-Diaz.jpeg","contentUrl":"https:\/\/www.eltriangle.eu\/wp-content\/uploads\/2021\/07\/Jorge-Fernandez-Diaz.jpeg","width":630,"height":420,"caption":"Jorge Fern\u00e1ndez D\u00edaz"},{"@type":"BreadcrumbList","@id":"https:\/\/www.eltriangle.eu\/es\/2021\/07\/29\/procesan-a-fernandez-diaz-por-el-caso-kitchen-y-exculpan-a-cospedal\/#breadcrumb","itemListElement":[{"@type":"ListItem","position":1,"name":"Portada","item":"https:\/\/www.eltriangle.eu\/es\/"},{"@type":"ListItem","position":2,"name":"Procesan a Fern\u00e1ndez D\u00edaz por el caso &#8216;Kitchen&#8217; y exculpan a Cospedal"}]},{"@type":"WebSite","@id":"https:\/\/www.eltriangle.eu\/es\/#website","url":"https:\/\/www.eltriangle.eu\/es\/","name":"El Triangle","description":"El Triangle \u00e9s un Diari d&#039;informaci\u00f3 general, editat a Catalunya i escrit en llengua catalana, especialitzat en investigaci\u00f3 period\u00edstica","publisher":{"@id":"https:\/\/www.eltriangle.eu\/es\/#organization"},"potentialAction":[{"@type":"SearchAction","target":{"@type":"EntryPoint","urlTemplate":"https:\/\/www.eltriangle.eu\/es\/?s={search_term_string}"},"query-input":{"@type":"PropertyValueSpecification","valueRequired":true,"valueName":"search_term_string"}}],"inLanguage":"es"},{"@type":["Organization","NewsMediaOrganization"],"@id":"https:\/\/www.eltriangle.eu\/es\/#organization","name":"El Triangle","url":"https:\/\/www.eltriangle.eu\/es\/","logo":{"@type":"ImageObject","inLanguage":"es","@id":"https:\/\/www.eltriangle.eu\/es\/#\/schema\/logo\/image\/","url":"https:\/\/www.eltriangle.eu\/wp-content\/uploads\/2020\/11\/triangle_logo-ajustado.jpg","contentUrl":"https:\/\/www.eltriangle.eu\/wp-content\/uploads\/2020\/11\/triangle_logo-ajustado.jpg","width":521,"height":92,"caption":"El Triangle"},"image":{"@id":"https:\/\/www.eltriangle.eu\/es\/#\/schema\/logo\/image\/"},"sameAs":["https:\/\/www.facebook.com\/El-Triangle-Diari-101787399020302","https:\/\/x.com\/El_Triangle","https:\/\/www.youtube.com\/channel\/UCTIjmYEMYSpdGonuAgNhbcg"]},{"@type":"Person","@id":"https:\/\/www.eltriangle.eu\/es\/#\/schema\/person\/df9cb61ef0b061092c35cf7a8636dfc6","name":"xavier","image":{"@type":"ImageObject","inLanguage":"es","@id":"\/\/www.gravatar.com\/avatar\/70cc50ebe4287089b363a6a3c8fa3e72?s=96&#038;r=g&#038;d=mm","url":"\/\/www.gravatar.com\/avatar\/70cc50ebe4287089b363a6a3c8fa3e72?s=96&#038;r=g&#038;d=mm","contentUrl":"\/\/www.gravatar.com\/avatar\/70cc50ebe4287089b363a6a3c8fa3e72?s=96&#038;r=g&#038;d=mm","caption":"xavier"},"url":"https:\/\/www.eltriangle.eu\/es\/author\/xavier\/"},{"@type":"SiteNavigationElement","@id":"https:\/\/www.eltriangle.eu\/es\/#site-navigation","cssSelector":[".cib-main-menu"]},{"@type":"WPHeader","@id":"https:\/\/www.eltriangle.eu\/es\/#header","cssSelector":[".cib-header"]},{"@type":"WPFooter","@id":"https:\/\/www.eltriangle.eu\/es\/#footer","cssSelector":[".cib-footer"]}]}},"amp_enabled":true,"_links":{"self":[{"href":"https:\/\/www.eltriangle.eu\/es\/wp-json\/wp\/v2\/posts\/107900","targetHints":{"allow":["GET"]}}],"collection":[{"href":"https:\/\/www.eltriangle.eu\/es\/wp-json\/wp\/v2\/posts"}],"about":[{"href":"https:\/\/www.eltriangle.eu\/es\/wp-json\/wp\/v2\/types\/post"}],"author":[{"embeddable":true,"href":"https:\/\/www.eltriangle.eu\/es\/wp-json\/wp\/v2\/users\/97"}],"replies":[{"embeddable":true,"href":"https:\/\/www.eltriangle.eu\/es\/wp-json\/wp\/v2\/comments?post=107900"}],"version-history":[{"count":0,"href":"https:\/\/www.eltriangle.eu\/es\/wp-json\/wp\/v2\/posts\/107900\/revisions"}],"wp:featuredmedia":[{"embeddable":true,"href":"https:\/\/www.eltriangle.eu\/es\/wp-json\/wp\/v2\/media\/107886"}],"wp:attachment":[{"href":"https:\/\/www.eltriangle.eu\/es\/wp-json\/wp\/v2\/media?parent=107900"}],"wp:term":[{"taxonomy":"category","embeddable":true,"href":"https:\/\/www.eltriangle.eu\/es\/wp-json\/wp\/v2\/categories?post=107900"},{"taxonomy":"post_tag","embeddable":true,"href":"https:\/\/www.eltriangle.eu\/es\/wp-json\/wp\/v2\/tags?post=107900"}],"curies":[{"name":"wp","href":"https:\/\/api.w.org\/{rel}","templated":true}]}}