{"id":106496,"date":"2021-07-23T06:00:14","date_gmt":"2021-07-23T04:00:14","guid":{"rendered":null},"modified":"2021-07-20T11:39:01","modified_gmt":"2021-07-20T09:39:01","slug":"la-vida-como-novela-y-como-pelicula","status":"publish","type":"post","link":"https:\/\/www.eltriangle.eu\/es\/2021\/07\/23\/la-vida-como-novela-y-como-pelicula\/","title":{"rendered":"La vida como novela y como pel\u00edcula"},"content":{"rendered":"<figure id=\"attachment_106541\" aria-describedby=\"caption-attachment-106541\" style=\"width: 290px\" class=\"wp-caption alignright\"><img decoding=\"async\" loading=\"lazy\" class=\"size-medium wp-image-106541\" src=\"https:\/\/www.eltriangle.eu\/wp-content\/uploads\/2021\/07\/Susana-Alonso-3-300x272.jpg\" alt=\"\" width=\"300\" height=\"272\" srcset=\"https:\/\/www.eltriangle.eu\/wp-content\/uploads\/2021\/07\/Susana-Alonso-3-300x272.jpg 300w, https:\/\/www.eltriangle.eu\/wp-content\/uploads\/2021\/07\/Susana-Alonso-3.jpg 552w\" sizes=\"auto, (max-width: 300px) 100vw, 300px\" \/><figcaption id=\"caption-attachment-106541\" class=\"wp-caption-text\">Susana Alonso<\/figcaption><\/figure>\n<p>En una de las primeras y m\u00e1s exitosas pel\u00edculas del director franc\u00e9s <strong>Jean-Luc Godard<\/strong>, <strong>Pierrot le fou<\/strong>, la protagonista femenina, <strong>Marianne (Anna Karina)<\/strong>, le dec\u00eda a <strong>Pierrot (Jean-Paul Belmondo)<\/strong>, mientras escapaban en coche hacia el sur: \u00abMe entristece que la vida sea tan diferente de las novelas, que son claras, l\u00f3gicas y ordenadas\u00bb. Pierrot contestaba: \u00abLa vida y las novelas son m\u00e1s parecidas de lo que la gente piensa\u00bb. A continuaci\u00f3n, cada uno de los dos personajes manifestaba, casi como en una novela actual, su deseo de besar el cuerpo entero del otro.<\/p>\n<p>Teniendo en cuenta que la pel\u00edcula <em>Pierrot le fou<\/em> es de los a\u00f1os sesenta del siglo pasado, podemos aventurar que ni Marianne ni Pierrot hab\u00edan le\u00eddo demasiadas novelas actuales, muchas de las cuales justamente son oscuras, poco l\u00f3gicas y desordenadas. Como muchas vidas. No es una casualidad que fuera tambi\u00e9n durante los a\u00f1os sesenta que se puso de moda el llamado teatro del absurdo (<strong>Ionesco, Beckett <\/strong>&#8230;), que Jean-Luc Godard seguramente deb\u00eda conocer.<\/p>\n<p>Que la vida se puede vivir como una novela, a ratos coherente, y a ratos m\u00e1s bien absurda, es un lugar com\u00fan entre muchos literatos y tambi\u00e9n entre un mont\u00f3n de vividores. Sin embargo, siempre hay vidas m\u00e1s de novela que otras. <strong>Stefan Zweig<\/strong> titul\u00f3 su monumental biograf\u00eda sobre <strong>Balzac<\/strong> <em>La novela de una vida<\/em>, una biograf\u00eda que tambi\u00e9n se puede leer como una novela del autor de <em>El padre Goriot<\/em> y de <em>Las ilusiones perdidas<\/em>.<\/p>\n<p>Lo mismo se podr\u00eda decir de autores como el republicano <strong>P\u00e9rez Gald\u00f3s<\/strong> que, igual que un Balzac espa\u00f1ol, dedic\u00f3 una parte considerable de su vida a escribir una comedia humana de la Restauraci\u00f3n borb\u00f3nica.<\/p>\n<p>Creo haber le\u00eddo en alguna parte que <strong>Lord Byron<\/strong> afirmaba que hab\u00eda que elegir entre la vida o la literatura y \u00e9l, a pesar de su compromiso con la causa griega, a la que entreg\u00f3 su vida, eligi\u00f3 la segunda.<\/p>\n<p>Tambi\u00e9n <strong>Delibes<\/strong> hizo una elecci\u00f3n similar: en el discurso que sigui\u00f3 a la concesi\u00f3n del premio <strong>Cervantes<\/strong>, dijo que toda vida es breve, pero que la vida de un escritor es m\u00e1s breve que la de las otras personas, ya que ha de vivir la vida de sus personajes, y eso no le permite vivir su propia vida plenamente.<\/p>\n<p>Sin embargo, quiz\u00e1s Pierrot ten\u00eda raz\u00f3n: nuestras vidas no son tan diferentes de las novelas que, en cada \u00e9poca, encuentran sus lectores. En definitiva, es de su experiencia vital donde cada novelista saca, con m\u00e1s o menos fortuna, el jugo -la sustancia- para construir -o desconstruir- una novela -o una antinovela.<\/p>\n<p>Explicaba <strong>Maria Aur\u00e8lia Capmany<\/strong> que, cuando su familia se enter\u00f3 de sus aficiones literarias, alguna abuela o t\u00eda le dijo, y seguramente lo hizo con cierta preocupaci\u00f3n, que ahora todos ellos saldr\u00edan retratados en sus novelas. Y es as\u00ed: la vida de cada uno de nosotros -y de todos nuestros sue\u00f1os m\u00e1s felices y de nuestras pesadillas m\u00e1s desgraciadas- puede llegar a dar argumento a una novela, de la que nosotros ser\u00edamos personajes principales o tal vez secundarios; pero siempre debe haber alguien -un alguien que podemos ser perfectamente nosotros mismos- que nos convierta en ficci\u00f3n, nos reinterprete, nos traduzca en palabras.<\/p>\n<p>Dicen que actualmente muchas novelas se escriben pensando en una posible adaptaci\u00f3n cinematogr\u00e1fica, que en el imaginario de las nuevas generaciones, el cine y sus plataformas -aunque se basan a menudo en guiones novelescos- est\u00e1n sustituyendo progresivamente no s\u00f3lo las novelas claras, l\u00f3gicas y ordenadas de las que hablaba Marianne en <em>Pierrot le fou<\/em>, sino tambi\u00e9n las novelas oscuras, absurdas y desordenadas que todos hemos le\u00eddo (o nos han hecho leer) durante estos \u00faltimos a\u00f1os. Una sustituci\u00f3n que, seg\u00fan c\u00f3mo, puede llegar a convertirse en inevitable.<\/p>\n<p>Hace unas semanas, la cineasta <strong>Jos\u00e9e Dayan<\/strong>, en una entrevista publicada en el OBS, dec\u00eda que prefer\u00eda las pel\u00edculas que la vida: \u00abYo amo la ficci\u00f3n, detesto la cotidianidad; prefiero el sue\u00f1o, la utop\u00eda; es en un plat\u00f3 donde me siento como en casa\u00bb. De acuerdo con ello, debemos llegar a la conclusi\u00f3n (o no) de que la vida se puede vivir como una pel\u00edcula, que (de momento) estar\u00e1 basada en un gui\u00f3n, y \u00e9ste, tal vez, en una novela.<\/p>\n","protected":false},"excerpt":{"rendered":"<p>En una de las primeras y m\u00e1s exitosas pel\u00edculas del director franc\u00e9s Jean-Luc Godard, Pierrot le fou, la protagonista femenina, Marianne (Anna Karina), le dec\u00eda a Pierrot (Jean-Paul Belmondo), mientras escapaban en coche hacia el sur: \u00abMe entristece que la vida sea tan diferente de las novelas, que son claras, l\u00f3gicas y ordenadas\u00bb. Pierrot contestaba: &#8230; <a title=\"La vida como novela y como pel\u00edcula\" class=\"read-more\" href=\"https:\/\/www.eltriangle.eu\/es\/2021\/07\/23\/la-vida-como-novela-y-como-pelicula\/\" aria-label=\"Leer m\u00e1s sobre La vida como novela y como pel\u00edcula\">Leer m\u00e1s<\/a><\/p>\n","protected":false},"author":36,"featured_media":0,"comment_status":"open","ping_status":"closed","sticky":false,"template":"","format":"standard","meta":{"_acf_changed":false,"pmpro_default_level":"","footnotes":""},"categories":[10],"tags":[],"class_list":["post-106496","post","type-post","status-publish","format-standard","hentry","category-opinion","lh_instant_articles-syndicate-yes","pmpro-has-access"],"acf":[],"yoast_head":"<!-- This site is optimized with the Yoast SEO plugin v27.4 - https:\/\/yoast.com\/product\/yoast-seo-wordpress\/ -->\n<title>La vida como novela y como pel\u00edcula - El Triangle<\/title>\n<meta name=\"description\" content=\"En una de las primeras y m\u00e1s exitosas pel\u00edculas del director franc\u00e9s Jean-Luc Godard, Pierrot le fou, la protagonista femenina, Marianne (Anna Karina), le\" class=\"yoast-seo-meta-tag\" \/>\n<meta name=\"robots\" content=\"index, follow, max-snippet:-1, max-image-preview:large, max-video-preview:-1\" \/>\n<link rel=\"canonical\" href=\"https:\/\/www.eltriangle.eu\/es\/2021\/07\/23\/la-vida-como-novela-y-como-pelicula\/\" class=\"yoast-seo-meta-tag\" \/>\n<meta property=\"og:locale\" content=\"es_ES\" class=\"yoast-seo-meta-tag\" \/>\n<meta property=\"og:type\" content=\"article\" class=\"yoast-seo-meta-tag\" \/>\n<meta property=\"og:title\" content=\"La vida como novela y como pel\u00edcula - El Triangle\" class=\"yoast-seo-meta-tag\" \/>\n<meta property=\"og:description\" content=\"En una de las primeras y m\u00e1s exitosas pel\u00edculas del director franc\u00e9s Jean-Luc Godard, Pierrot le fou, la protagonista femenina, Marianne (Anna Karina), le\" class=\"yoast-seo-meta-tag\" \/>\n<meta property=\"og:url\" content=\"https:\/\/www.eltriangle.eu\/es\/2021\/07\/23\/la-vida-como-novela-y-como-pelicula\/\" class=\"yoast-seo-meta-tag\" \/>\n<meta property=\"og:site_name\" content=\"El Triangle\" class=\"yoast-seo-meta-tag\" \/>\n<meta property=\"article:publisher\" content=\"https:\/\/www.facebook.com\/El-Triangle-Diari-101787399020302\" class=\"yoast-seo-meta-tag\" \/>\n<meta property=\"article:published_time\" content=\"2021-07-23T04:00:14+00:00\" class=\"yoast-seo-meta-tag\" \/>\n<meta property=\"og:image\" content=\"https:\/\/www.eltriangle.eu\/wp-content\/uploads\/2021\/07\/Susana-Alonso-3-300x272.jpg\" class=\"yoast-seo-meta-tag\" \/>\n<meta name=\"author\" content=\"Eladi Crehuet\" class=\"yoast-seo-meta-tag\" \/>\n<meta name=\"twitter:card\" content=\"summary_large_image\" class=\"yoast-seo-meta-tag\" \/>\n<meta name=\"twitter:creator\" content=\"@El_Triangle\" class=\"yoast-seo-meta-tag\" \/>\n<meta name=\"twitter:site\" content=\"@El_Triangle\" class=\"yoast-seo-meta-tag\" \/>\n<meta name=\"twitter:label1\" content=\"Escrito por\" class=\"yoast-seo-meta-tag\" \/>\n\t<meta name=\"twitter:data1\" content=\"Eladi Crehuet\" class=\"yoast-seo-meta-tag\" \/>\n\t<meta name=\"twitter:label2\" content=\"Tiempo de lectura\" class=\"yoast-seo-meta-tag\" \/>\n\t<meta name=\"twitter:data2\" content=\"4 minutos\" class=\"yoast-seo-meta-tag\" \/>\n<script type=\"application\/ld+json\" class=\"yoast-schema-graph\">{\"@context\":\"https:\\\/\\\/schema.org\",\"@graph\":[{\"@type\":\"NewsArticle\",\"@id\":\"https:\\\/\\\/www.eltriangle.eu\\\/es\\\/2021\\\/07\\\/23\\\/la-vida-como-novela-y-como-pelicula\\\/#article\",\"isPartOf\":{\"@id\":\"https:\\\/\\\/www.eltriangle.eu\\\/es\\\/2021\\\/07\\\/23\\\/la-vida-como-novela-y-como-pelicula\\\/\"},\"author\":{\"name\":\"Eladi Crehuet\",\"@id\":\"https:\\\/\\\/www.eltriangle.eu\\\/es\\\/#\\\/schema\\\/person\\\/30117744ad5b2c179f1059a317f7e7b3\"},\"headline\":\"La vida como novela y como pel\u00edcula\",\"datePublished\":\"2021-07-23T04:00:14+00:00\",\"mainEntityOfPage\":{\"@id\":\"https:\\\/\\\/www.eltriangle.eu\\\/es\\\/2021\\\/07\\\/23\\\/la-vida-como-novela-y-como-pelicula\\\/\"},\"wordCount\":779,\"commentCount\":0,\"publisher\":{\"@id\":\"https:\\\/\\\/www.eltriangle.eu\\\/es\\\/#organization\"},\"image\":{\"@id\":\"https:\\\/\\\/www.eltriangle.eu\\\/es\\\/2021\\\/07\\\/23\\\/la-vida-como-novela-y-como-pelicula\\\/#primaryimage\"},\"thumbnailUrl\":\"https:\\\/\\\/www.eltriangle.eu\\\/wp-content\\\/uploads\\\/2021\\\/07\\\/Susana-Alonso-3-300x272.jpg\",\"articleSection\":[\"Opini\u00f3n\"],\"inLanguage\":\"es\",\"potentialAction\":[{\"@type\":\"CommentAction\",\"name\":\"Comment\",\"target\":[\"https:\\\/\\\/www.eltriangle.eu\\\/es\\\/2021\\\/07\\\/23\\\/la-vida-como-novela-y-como-pelicula\\\/#respond\"]}]},{\"@type\":\"WebPage\",\"@id\":\"https:\\\/\\\/www.eltriangle.eu\\\/es\\\/2021\\\/07\\\/23\\\/la-vida-como-novela-y-como-pelicula\\\/\",\"url\":\"https:\\\/\\\/www.eltriangle.eu\\\/es\\\/2021\\\/07\\\/23\\\/la-vida-como-novela-y-como-pelicula\\\/\",\"name\":\"La vida como novela y como pel\u00edcula - El Triangle\",\"isPartOf\":{\"@id\":\"https:\\\/\\\/www.eltriangle.eu\\\/es\\\/#website\"},\"primaryImageOfPage\":{\"@id\":\"https:\\\/\\\/www.eltriangle.eu\\\/es\\\/2021\\\/07\\\/23\\\/la-vida-como-novela-y-como-pelicula\\\/#primaryimage\"},\"image\":{\"@id\":\"https:\\\/\\\/www.eltriangle.eu\\\/es\\\/2021\\\/07\\\/23\\\/la-vida-como-novela-y-como-pelicula\\\/#primaryimage\"},\"thumbnailUrl\":\"https:\\\/\\\/www.eltriangle.eu\\\/wp-content\\\/uploads\\\/2021\\\/07\\\/Susana-Alonso-3-300x272.jpg\",\"datePublished\":\"2021-07-23T04:00:14+00:00\",\"description\":\"En una de las primeras y m\u00e1s exitosas pel\u00edculas del director franc\u00e9s Jean-Luc Godard, Pierrot le fou, la protagonista femenina, Marianne (Anna Karina), le\",\"breadcrumb\":{\"@id\":\"https:\\\/\\\/www.eltriangle.eu\\\/es\\\/2021\\\/07\\\/23\\\/la-vida-como-novela-y-como-pelicula\\\/#breadcrumb\"},\"inLanguage\":\"es\",\"potentialAction\":[{\"@type\":\"ReadAction\",\"target\":[\"https:\\\/\\\/www.eltriangle.eu\\\/es\\\/2021\\\/07\\\/23\\\/la-vida-como-novela-y-como-pelicula\\\/\"]}]},{\"@type\":\"ImageObject\",\"inLanguage\":\"es\",\"@id\":\"https:\\\/\\\/www.eltriangle.eu\\\/es\\\/2021\\\/07\\\/23\\\/la-vida-como-novela-y-como-pelicula\\\/#primaryimage\",\"url\":\"https:\\\/\\\/www.eltriangle.eu\\\/wp-content\\\/uploads\\\/2021\\\/07\\\/Susana-Alonso-3-300x272.jpg\",\"contentUrl\":\"https:\\\/\\\/www.eltriangle.eu\\\/wp-content\\\/uploads\\\/2021\\\/07\\\/Susana-Alonso-3-300x272.jpg\"},{\"@type\":\"BreadcrumbList\",\"@id\":\"https:\\\/\\\/www.eltriangle.eu\\\/es\\\/2021\\\/07\\\/23\\\/la-vida-como-novela-y-como-pelicula\\\/#breadcrumb\",\"itemListElement\":[{\"@type\":\"ListItem\",\"position\":1,\"name\":\"Portada\",\"item\":\"https:\\\/\\\/www.eltriangle.eu\\\/es\\\/\"},{\"@type\":\"ListItem\",\"position\":2,\"name\":\"La vida como novela y como pel\u00edcula\"}]},{\"@type\":\"WebSite\",\"@id\":\"https:\\\/\\\/www.eltriangle.eu\\\/es\\\/#website\",\"url\":\"https:\\\/\\\/www.eltriangle.eu\\\/es\\\/\",\"name\":\"El Triangle\",\"description\":\"El Triangle \u00e9s un Diari d&#039;informaci\u00f3 general, editat a Catalunya i escrit en llengua catalana, especialitzat en investigaci\u00f3 period\u00edstica\",\"publisher\":{\"@id\":\"https:\\\/\\\/www.eltriangle.eu\\\/es\\\/#organization\"},\"potentialAction\":[{\"@type\":\"SearchAction\",\"target\":{\"@type\":\"EntryPoint\",\"urlTemplate\":\"https:\\\/\\\/www.eltriangle.eu\\\/es\\\/?s={search_term_string}\"},\"query-input\":{\"@type\":\"PropertyValueSpecification\",\"valueRequired\":true,\"valueName\":\"search_term_string\"}}],\"inLanguage\":\"es\"},{\"@type\":[\"Organization\",\"NewsMediaOrganization\"],\"@id\":\"https:\\\/\\\/www.eltriangle.eu\\\/es\\\/#organization\",\"name\":\"El Triangle\",\"url\":\"https:\\\/\\\/www.eltriangle.eu\\\/es\\\/\",\"logo\":{\"@type\":\"ImageObject\",\"inLanguage\":\"es\",\"@id\":\"https:\\\/\\\/www.eltriangle.eu\\\/es\\\/#\\\/schema\\\/logo\\\/image\\\/\",\"url\":\"https:\\\/\\\/www.eltriangle.eu\\\/wp-content\\\/uploads\\\/2020\\\/11\\\/triangle_logo-ajustado.jpg\",\"contentUrl\":\"https:\\\/\\\/www.eltriangle.eu\\\/wp-content\\\/uploads\\\/2020\\\/11\\\/triangle_logo-ajustado.jpg\",\"width\":521,\"height\":92,\"caption\":\"El Triangle\"},\"image\":{\"@id\":\"https:\\\/\\\/www.eltriangle.eu\\\/es\\\/#\\\/schema\\\/logo\\\/image\\\/\"},\"sameAs\":[\"https:\\\/\\\/www.facebook.com\\\/El-Triangle-Diari-101787399020302\",\"https:\\\/\\\/x.com\\\/El_Triangle\",\"https:\\\/\\\/www.youtube.com\\\/channel\\\/UCTIjmYEMYSpdGonuAgNhbcg\"]},{\"@type\":\"Person\",\"@id\":\"https:\\\/\\\/www.eltriangle.eu\\\/es\\\/#\\\/schema\\\/person\\\/30117744ad5b2c179f1059a317f7e7b3\",\"name\":\"Eladi Crehuet\",\"image\":{\"@type\":\"ImageObject\",\"inLanguage\":\"es\",\"@id\":\"https:\\\/\\\/www.eltriangle.eu\\\/wp-content\\\/uploads\\\/2023\\\/10\\\/whatsapp-image-2023-10-21-at-095137-96x96.jpg\",\"url\":\"https:\\\/\\\/www.eltriangle.eu\\\/wp-content\\\/uploads\\\/2023\\\/10\\\/whatsapp-image-2023-10-21-at-095137-96x96.jpg\",\"contentUrl\":\"https:\\\/\\\/www.eltriangle.eu\\\/wp-content\\\/uploads\\\/2023\\\/10\\\/whatsapp-image-2023-10-21-at-095137-96x96.jpg\",\"caption\":\"Eladi Crehuet\"},\"description\":\"Poeta i editor\",\"url\":\"https:\\\/\\\/www.eltriangle.eu\\\/es\\\/author\\\/autor-106\\\/\"},{\"@type\":\"SiteNavigationElement\",\"@id\":\"https:\\\/\\\/www.eltriangle.eu\\\/es\\\/#site-navigation\",\"cssSelector\":[\".cib-main-menu\"]},{\"@type\":\"WPHeader\",\"@id\":\"https:\\\/\\\/www.eltriangle.eu\\\/es\\\/#header\",\"cssSelector\":[\".cib-header\"]},{\"@type\":\"WPFooter\",\"@id\":\"https:\\\/\\\/www.eltriangle.eu\\\/es\\\/#footer\",\"cssSelector\":[\".cib-footer\"]}]}<\/script>\n<!-- \/ Yoast SEO plugin. -->","yoast_head_json":{"title":"La vida como novela y como pel\u00edcula - El Triangle","description":"En una de las primeras y m\u00e1s exitosas pel\u00edculas del director franc\u00e9s Jean-Luc Godard, Pierrot le fou, la protagonista femenina, Marianne (Anna Karina), le","robots":{"index":"index","follow":"follow","max-snippet":"max-snippet:-1","max-image-preview":"max-image-preview:large","max-video-preview":"max-video-preview:-1"},"canonical":"https:\/\/www.eltriangle.eu\/es\/2021\/07\/23\/la-vida-como-novela-y-como-pelicula\/","og_locale":"es_ES","og_type":"article","og_title":"La vida como novela y como pel\u00edcula - El Triangle","og_description":"En una de las primeras y m\u00e1s exitosas pel\u00edculas del director franc\u00e9s Jean-Luc Godard, Pierrot le fou, la protagonista femenina, Marianne (Anna Karina), le","og_url":"https:\/\/www.eltriangle.eu\/es\/2021\/07\/23\/la-vida-como-novela-y-como-pelicula\/","og_site_name":"El Triangle","article_publisher":"https:\/\/www.facebook.com\/El-Triangle-Diari-101787399020302","article_published_time":"2021-07-23T04:00:14+00:00","og_image":[{"url":"https:\/\/www.eltriangle.eu\/wp-content\/uploads\/2021\/07\/Susana-Alonso-3-300x272.jpg","type":"","width":"","height":""}],"author":"Eladi Crehuet","twitter_card":"summary_large_image","twitter_creator":"@El_Triangle","twitter_site":"@El_Triangle","twitter_misc":{"Escrito por":"Eladi Crehuet","Tiempo de lectura":"4 minutos"},"schema":{"@context":"https:\/\/schema.org","@graph":[{"@type":"NewsArticle","@id":"https:\/\/www.eltriangle.eu\/es\/2021\/07\/23\/la-vida-como-novela-y-como-pelicula\/#article","isPartOf":{"@id":"https:\/\/www.eltriangle.eu\/es\/2021\/07\/23\/la-vida-como-novela-y-como-pelicula\/"},"author":{"name":"Eladi Crehuet","@id":"https:\/\/www.eltriangle.eu\/es\/#\/schema\/person\/30117744ad5b2c179f1059a317f7e7b3"},"headline":"La vida como novela y como pel\u00edcula","datePublished":"2021-07-23T04:00:14+00:00","mainEntityOfPage":{"@id":"https:\/\/www.eltriangle.eu\/es\/2021\/07\/23\/la-vida-como-novela-y-como-pelicula\/"},"wordCount":779,"commentCount":0,"publisher":{"@id":"https:\/\/www.eltriangle.eu\/es\/#organization"},"image":{"@id":"https:\/\/www.eltriangle.eu\/es\/2021\/07\/23\/la-vida-como-novela-y-como-pelicula\/#primaryimage"},"thumbnailUrl":"https:\/\/www.eltriangle.eu\/wp-content\/uploads\/2021\/07\/Susana-Alonso-3-300x272.jpg","articleSection":["Opini\u00f3n"],"inLanguage":"es","potentialAction":[{"@type":"CommentAction","name":"Comment","target":["https:\/\/www.eltriangle.eu\/es\/2021\/07\/23\/la-vida-como-novela-y-como-pelicula\/#respond"]}]},{"@type":"WebPage","@id":"https:\/\/www.eltriangle.eu\/es\/2021\/07\/23\/la-vida-como-novela-y-como-pelicula\/","url":"https:\/\/www.eltriangle.eu\/es\/2021\/07\/23\/la-vida-como-novela-y-como-pelicula\/","name":"La vida como novela y como pel\u00edcula - El Triangle","isPartOf":{"@id":"https:\/\/www.eltriangle.eu\/es\/#website"},"primaryImageOfPage":{"@id":"https:\/\/www.eltriangle.eu\/es\/2021\/07\/23\/la-vida-como-novela-y-como-pelicula\/#primaryimage"},"image":{"@id":"https:\/\/www.eltriangle.eu\/es\/2021\/07\/23\/la-vida-como-novela-y-como-pelicula\/#primaryimage"},"thumbnailUrl":"https:\/\/www.eltriangle.eu\/wp-content\/uploads\/2021\/07\/Susana-Alonso-3-300x272.jpg","datePublished":"2021-07-23T04:00:14+00:00","description":"En una de las primeras y m\u00e1s exitosas pel\u00edculas del director franc\u00e9s Jean-Luc Godard, Pierrot le fou, la protagonista femenina, Marianne (Anna Karina), le","breadcrumb":{"@id":"https:\/\/www.eltriangle.eu\/es\/2021\/07\/23\/la-vida-como-novela-y-como-pelicula\/#breadcrumb"},"inLanguage":"es","potentialAction":[{"@type":"ReadAction","target":["https:\/\/www.eltriangle.eu\/es\/2021\/07\/23\/la-vida-como-novela-y-como-pelicula\/"]}]},{"@type":"ImageObject","inLanguage":"es","@id":"https:\/\/www.eltriangle.eu\/es\/2021\/07\/23\/la-vida-como-novela-y-como-pelicula\/#primaryimage","url":"https:\/\/www.eltriangle.eu\/wp-content\/uploads\/2021\/07\/Susana-Alonso-3-300x272.jpg","contentUrl":"https:\/\/www.eltriangle.eu\/wp-content\/uploads\/2021\/07\/Susana-Alonso-3-300x272.jpg"},{"@type":"BreadcrumbList","@id":"https:\/\/www.eltriangle.eu\/es\/2021\/07\/23\/la-vida-como-novela-y-como-pelicula\/#breadcrumb","itemListElement":[{"@type":"ListItem","position":1,"name":"Portada","item":"https:\/\/www.eltriangle.eu\/es\/"},{"@type":"ListItem","position":2,"name":"La vida como novela y como pel\u00edcula"}]},{"@type":"WebSite","@id":"https:\/\/www.eltriangle.eu\/es\/#website","url":"https:\/\/www.eltriangle.eu\/es\/","name":"El Triangle","description":"El Triangle \u00e9s un Diari d&#039;informaci\u00f3 general, editat a Catalunya i escrit en llengua catalana, especialitzat en investigaci\u00f3 period\u00edstica","publisher":{"@id":"https:\/\/www.eltriangle.eu\/es\/#organization"},"potentialAction":[{"@type":"SearchAction","target":{"@type":"EntryPoint","urlTemplate":"https:\/\/www.eltriangle.eu\/es\/?s={search_term_string}"},"query-input":{"@type":"PropertyValueSpecification","valueRequired":true,"valueName":"search_term_string"}}],"inLanguage":"es"},{"@type":["Organization","NewsMediaOrganization"],"@id":"https:\/\/www.eltriangle.eu\/es\/#organization","name":"El Triangle","url":"https:\/\/www.eltriangle.eu\/es\/","logo":{"@type":"ImageObject","inLanguage":"es","@id":"https:\/\/www.eltriangle.eu\/es\/#\/schema\/logo\/image\/","url":"https:\/\/www.eltriangle.eu\/wp-content\/uploads\/2020\/11\/triangle_logo-ajustado.jpg","contentUrl":"https:\/\/www.eltriangle.eu\/wp-content\/uploads\/2020\/11\/triangle_logo-ajustado.jpg","width":521,"height":92,"caption":"El Triangle"},"image":{"@id":"https:\/\/www.eltriangle.eu\/es\/#\/schema\/logo\/image\/"},"sameAs":["https:\/\/www.facebook.com\/El-Triangle-Diari-101787399020302","https:\/\/x.com\/El_Triangle","https:\/\/www.youtube.com\/channel\/UCTIjmYEMYSpdGonuAgNhbcg"]},{"@type":"Person","@id":"https:\/\/www.eltriangle.eu\/es\/#\/schema\/person\/30117744ad5b2c179f1059a317f7e7b3","name":"Eladi Crehuet","image":{"@type":"ImageObject","inLanguage":"es","@id":"https:\/\/www.eltriangle.eu\/wp-content\/uploads\/2023\/10\/whatsapp-image-2023-10-21-at-095137-96x96.jpg","url":"https:\/\/www.eltriangle.eu\/wp-content\/uploads\/2023\/10\/whatsapp-image-2023-10-21-at-095137-96x96.jpg","contentUrl":"https:\/\/www.eltriangle.eu\/wp-content\/uploads\/2023\/10\/whatsapp-image-2023-10-21-at-095137-96x96.jpg","caption":"Eladi Crehuet"},"description":"Poeta i editor","url":"https:\/\/www.eltriangle.eu\/es\/author\/autor-106\/"},{"@type":"SiteNavigationElement","@id":"https:\/\/www.eltriangle.eu\/es\/#site-navigation","cssSelector":[".cib-main-menu"]},{"@type":"WPHeader","@id":"https:\/\/www.eltriangle.eu\/es\/#header","cssSelector":[".cib-header"]},{"@type":"WPFooter","@id":"https:\/\/www.eltriangle.eu\/es\/#footer","cssSelector":[".cib-footer"]}]}},"amp_enabled":true,"_links":{"self":[{"href":"https:\/\/www.eltriangle.eu\/es\/wp-json\/wp\/v2\/posts\/106496","targetHints":{"allow":["GET"]}}],"collection":[{"href":"https:\/\/www.eltriangle.eu\/es\/wp-json\/wp\/v2\/posts"}],"about":[{"href":"https:\/\/www.eltriangle.eu\/es\/wp-json\/wp\/v2\/types\/post"}],"author":[{"embeddable":true,"href":"https:\/\/www.eltriangle.eu\/es\/wp-json\/wp\/v2\/users\/36"}],"replies":[{"embeddable":true,"href":"https:\/\/www.eltriangle.eu\/es\/wp-json\/wp\/v2\/comments?post=106496"}],"version-history":[{"count":0,"href":"https:\/\/www.eltriangle.eu\/es\/wp-json\/wp\/v2\/posts\/106496\/revisions"}],"wp:attachment":[{"href":"https:\/\/www.eltriangle.eu\/es\/wp-json\/wp\/v2\/media?parent=106496"}],"wp:term":[{"taxonomy":"category","embeddable":true,"href":"https:\/\/www.eltriangle.eu\/es\/wp-json\/wp\/v2\/categories?post=106496"},{"taxonomy":"post_tag","embeddable":true,"href":"https:\/\/www.eltriangle.eu\/es\/wp-json\/wp\/v2\/tags?post=106496"}],"curies":[{"name":"wp","href":"https:\/\/api.w.org\/{rel}","templated":true}]}}