{"id":104214,"date":"2021-06-30T11:31:40","date_gmt":"2021-06-30T09:31:40","guid":{"rendered":null},"modified":"2021-06-30T11:31:40","modified_gmt":"2021-06-30T09:31:40","slug":"el-asunto-de-eduard-pujol-airea-desavenencias-en-jxcat","status":"publish","type":"post","link":"https:\/\/www.eltriangle.eu\/es\/2021\/06\/30\/el-asunto-de-eduard-pujol-airea-desavenencias-en-jxcat\/","title":{"rendered":"El asunto de Eduard Pujol airea desavenencias en JxCat"},"content":{"rendered":"<p>El exdiputado y exportavoz de JxCat el Parlamento<strong> Eduard Pujol<\/strong> fue apartado de la militancia del partido del ex Carles Puigdemont no s\u00f3lo por el presunto acoso sexual a dos militantes, sino que tambi\u00e9n tuvo que ver una batalla interna, revela <em>El Peri\u00f3dico<\/em> citando fuentes de JxCat.<\/p>\n<p>Pujol ha sido restituido como militante esta semana despu\u00e9s de que, en los ocho meses que pasaron desde que estall\u00f3 el asunto, no se haya presentado ninguna denuncia contra \u00e9l en los tribunales. Pujol, que siempre neg\u00f3 los hechos, ha recibido ahora las disculpas del partido, que por boca de su secretario general, <strong>Jordi S\u00e0nchez<\/strong>, ha dicho que la restituci\u00f3n era el \u00abprimer paso\u00bb, pero \u00abno el \u00faltimo\u00bb.<\/p>\n<p>Seg\u00fan publica<em> El Peri\u00f3dico<\/em>, el entorno del exdiputado lo considera la v\u00edctima de un acoso continuado desde marzo de 2019 y de un linchamiento a JxCat en octubre de 2020, cuando se dieron a conocer las acusaciones de acoso y fue apartado. Tambi\u00e9n indican que le privaron del derecho de defenderse.<\/p>\n<p>La misma informaci\u00f3n recoge la confirmaci\u00f3n de varias fuentes de la formaci\u00f3n de Puigdemont que enmarca este caso en un pulso por el poder interno. En este sentido, se especifica que Pujol actu\u00f3 judicialmente junto a un amigo en un caso de divorcio no amistoso, con lo que se gan\u00f3 enemigos en el partido.<\/p>\n<p>Tambi\u00e9n se refleja el parecer de otras fuentes que consideran excesiva la actuaci\u00f3n contra Pujol, as\u00ed como disconformidad por la actividad parlamentaria del exportavoz y su falta de apoyos internos.<\/p>\n<p>Una voz que se levant\u00f3 el pasado oto\u00f1o a favor de la presunci\u00f3n de inocencia del exdiputado fue la de <strong>Josep Mart\u00ed i Blanch<\/strong>, exsecretario de Comunicaci\u00f3n de la Generalitat durante la presidencia de Artur Mas, que consider\u00f3 que se hab\u00eda \u00abmatado pol\u00edticamente y tambi\u00e9n por un tiempo socialmente\u00bb a Pujol.<\/p>\n<p>Mart\u00ed reproch\u00f3 a la exconsejera y dirigente de JxCat Elsa Artadi que \u00ablo conden\u00f3 desde el atril dejando la presunci\u00f3n de inocencia, a la que se refiri\u00f3 con extrema pereza, sin ning\u00fan valor\u00bb. Junts defendi\u00f3 entonces que hab\u00eda actuado ante informaciones \u00abgraves y urgentes\u00bb contra Pujol, y Jordi S\u00e1nchez ha afirmado esta semana que la informaci\u00f3n que ten\u00edan no era falsa, pero s\u00ed \u00abincompleta\u00bb.<\/p>\n<p>\u00abEsto no puede volver a pasar. La protecci\u00f3n de la mujer ha de llevarse al l\u00edmite, pero el precio no puede ser la muerte civil de una persona que no ha hecho nada\u00bb, ha declarado recientemente Pujol a <em>El Pa\u00eds<\/em>. El exdiputado emprendi\u00f3 acciones legales contra las dos mujeres que le acusaron y que finalmente no le llevaron a los tribunales.<\/p>\n","protected":false},"excerpt":{"rendered":"<p>El exdiputado y exportavoz de JxCat el Parlamento Eduard Pujol fue apartado de la militancia del partido del ex Carles Puigdemont no s\u00f3lo por el presunto acoso sexual a dos militantes, sino que tambi\u00e9n tuvo que ver una batalla interna, revela El Peri\u00f3dico citando fuentes de JxCat. Pujol ha sido restituido como militante esta semana &#8230; <a title=\"El asunto de Eduard Pujol airea desavenencias en JxCat\" class=\"read-more\" href=\"https:\/\/www.eltriangle.eu\/es\/2021\/06\/30\/el-asunto-de-eduard-pujol-airea-desavenencias-en-jxcat\/\" aria-label=\"Leer m\u00e1s sobre El asunto de Eduard Pujol airea desavenencias en JxCat\">Leer m\u00e1s<\/a><\/p>\n","protected":false},"author":99,"featured_media":30162,"comment_status":"open","ping_status":"closed","sticky":false,"template":"","format":"standard","meta":{"_acf_changed":false,"pmpro_default_level":"","footnotes":""},"categories":[24,74],"tags":[915,914],"class_list":["post-104214","post","type-post","status-publish","format-standard","has-post-thumbnail","hentry","category-actualidad","category-poderes","tag-eduard-pujol-es","tag-junts-per-catalunya-es","lh_instant_articles-syndicate-yes","pmpro-has-access"],"acf":[],"yoast_head":"<!-- This site is optimized with the Yoast SEO plugin v27.4 - https:\/\/yoast.com\/product\/yoast-seo-wordpress\/ -->\n<title>El asunto de Eduard Pujol airea desavenencias en JxCat - El Triangle<\/title>\n<meta name=\"description\" content=\"El exdiputado y exportavoz de JxCat el Parlamento Eduard Pujol fue apartado de la militancia del partido del ex Carles Puigdemont no s\u00f3lo por el presunto\" class=\"yoast-seo-meta-tag\" \/>\n<meta name=\"robots\" content=\"index, follow, max-snippet:-1, max-image-preview:large, max-video-preview:-1\" \/>\n<link rel=\"canonical\" href=\"https:\/\/www.eltriangle.eu\/es\/2021\/06\/30\/el-asunto-de-eduard-pujol-airea-desavenencias-en-jxcat\/\" class=\"yoast-seo-meta-tag\" \/>\n<meta property=\"og:locale\" content=\"es_ES\" class=\"yoast-seo-meta-tag\" \/>\n<meta property=\"og:type\" content=\"article\" class=\"yoast-seo-meta-tag\" \/>\n<meta property=\"og:title\" content=\"El asunto de Eduard Pujol airea desavenencias en JxCat - El Triangle\" class=\"yoast-seo-meta-tag\" \/>\n<meta property=\"og:description\" content=\"El exdiputado y exportavoz de JxCat el Parlamento Eduard Pujol fue apartado de la militancia del partido del ex Carles Puigdemont no s\u00f3lo por el presunto\" class=\"yoast-seo-meta-tag\" \/>\n<meta property=\"og:url\" content=\"https:\/\/www.eltriangle.eu\/es\/2021\/06\/30\/el-asunto-de-eduard-pujol-airea-desavenencias-en-jxcat\/\" class=\"yoast-seo-meta-tag\" \/>\n<meta property=\"og:site_name\" content=\"El Triangle\" class=\"yoast-seo-meta-tag\" \/>\n<meta property=\"article:publisher\" content=\"https:\/\/www.facebook.com\/El-Triangle-Diari-101787399020302\" class=\"yoast-seo-meta-tag\" \/>\n<meta property=\"article:published_time\" content=\"2021-06-30T09:31:40+00:00\" class=\"yoast-seo-meta-tag\" \/>\n<meta property=\"og:image\" content=\"https:\/\/www.eltriangle.eu\/wp-content\/uploads\/2020\/11\/captura-de-pantalla-2019-03-04-a-la-s-16-06-58.png\" class=\"yoast-seo-meta-tag\" \/>\n\t<meta property=\"og:image:width\" content=\"1120\" class=\"yoast-seo-meta-tag\" \/>\n\t<meta property=\"og:image:height\" content=\"748\" class=\"yoast-seo-meta-tag\" \/>\n\t<meta property=\"og:image:type\" content=\"image\/png\" class=\"yoast-seo-meta-tag\" \/>\n<meta name=\"author\" content=\"david\" class=\"yoast-seo-meta-tag\" \/>\n<meta name=\"twitter:card\" content=\"summary_large_image\" class=\"yoast-seo-meta-tag\" \/>\n<meta name=\"twitter:creator\" content=\"@El_Triangle\" class=\"yoast-seo-meta-tag\" \/>\n<meta name=\"twitter:site\" content=\"@El_Triangle\" class=\"yoast-seo-meta-tag\" \/>\n<meta name=\"twitter:label1\" content=\"Escrito por\" class=\"yoast-seo-meta-tag\" \/>\n\t<meta name=\"twitter:data1\" content=\"david\" class=\"yoast-seo-meta-tag\" \/>\n\t<meta name=\"twitter:label2\" content=\"Tiempo de lectura\" class=\"yoast-seo-meta-tag\" \/>\n\t<meta name=\"twitter:data2\" content=\"2 minutos\" class=\"yoast-seo-meta-tag\" \/>\n<script type=\"application\/ld+json\" class=\"yoast-schema-graph\">{\"@context\":\"https:\\\/\\\/schema.org\",\"@graph\":[{\"@type\":\"NewsArticle\",\"@id\":\"https:\\\/\\\/www.eltriangle.eu\\\/es\\\/2021\\\/06\\\/30\\\/el-asunto-de-eduard-pujol-airea-desavenencias-en-jxcat\\\/#article\",\"isPartOf\":{\"@id\":\"https:\\\/\\\/www.eltriangle.eu\\\/es\\\/2021\\\/06\\\/30\\\/el-asunto-de-eduard-pujol-airea-desavenencias-en-jxcat\\\/\"},\"author\":{\"name\":\"david\",\"@id\":\"https:\\\/\\\/www.eltriangle.eu\\\/es\\\/#\\\/schema\\\/person\\\/cd672cc0045a30d0189a4a97aad9b8ac\"},\"headline\":\"El asunto de Eduard Pujol airea desavenencias en JxCat\",\"datePublished\":\"2021-06-30T09:31:40+00:00\",\"mainEntityOfPage\":{\"@id\":\"https:\\\/\\\/www.eltriangle.eu\\\/es\\\/2021\\\/06\\\/30\\\/el-asunto-de-eduard-pujol-airea-desavenencias-en-jxcat\\\/\"},\"wordCount\":463,\"commentCount\":0,\"publisher\":{\"@id\":\"https:\\\/\\\/www.eltriangle.eu\\\/es\\\/#organization\"},\"image\":{\"@id\":\"https:\\\/\\\/www.eltriangle.eu\\\/es\\\/2021\\\/06\\\/30\\\/el-asunto-de-eduard-pujol-airea-desavenencias-en-jxcat\\\/#primaryimage\"},\"thumbnailUrl\":\"https:\\\/\\\/www.eltriangle.eu\\\/wp-content\\\/uploads\\\/2020\\\/11\\\/captura-de-pantalla-2019-03-04-a-la-s-16-06-58.png\",\"keywords\":[\"Eduard Pujol\",\"Junts per Catalunya\"],\"articleSection\":[\"Actualidad\",\"Poderes\"],\"inLanguage\":\"es\",\"potentialAction\":[{\"@type\":\"CommentAction\",\"name\":\"Comment\",\"target\":[\"https:\\\/\\\/www.eltriangle.eu\\\/es\\\/2021\\\/06\\\/30\\\/el-asunto-de-eduard-pujol-airea-desavenencias-en-jxcat\\\/#respond\"]}]},{\"@type\":\"WebPage\",\"@id\":\"https:\\\/\\\/www.eltriangle.eu\\\/es\\\/2021\\\/06\\\/30\\\/el-asunto-de-eduard-pujol-airea-desavenencias-en-jxcat\\\/\",\"url\":\"https:\\\/\\\/www.eltriangle.eu\\\/es\\\/2021\\\/06\\\/30\\\/el-asunto-de-eduard-pujol-airea-desavenencias-en-jxcat\\\/\",\"name\":\"El asunto de Eduard Pujol airea desavenencias en JxCat - El Triangle\",\"isPartOf\":{\"@id\":\"https:\\\/\\\/www.eltriangle.eu\\\/es\\\/#website\"},\"primaryImageOfPage\":{\"@id\":\"https:\\\/\\\/www.eltriangle.eu\\\/es\\\/2021\\\/06\\\/30\\\/el-asunto-de-eduard-pujol-airea-desavenencias-en-jxcat\\\/#primaryimage\"},\"image\":{\"@id\":\"https:\\\/\\\/www.eltriangle.eu\\\/es\\\/2021\\\/06\\\/30\\\/el-asunto-de-eduard-pujol-airea-desavenencias-en-jxcat\\\/#primaryimage\"},\"thumbnailUrl\":\"https:\\\/\\\/www.eltriangle.eu\\\/wp-content\\\/uploads\\\/2020\\\/11\\\/captura-de-pantalla-2019-03-04-a-la-s-16-06-58.png\",\"datePublished\":\"2021-06-30T09:31:40+00:00\",\"description\":\"El exdiputado y exportavoz de JxCat el Parlamento Eduard Pujol fue apartado de la militancia del partido del ex Carles Puigdemont no s\u00f3lo por el presunto\",\"breadcrumb\":{\"@id\":\"https:\\\/\\\/www.eltriangle.eu\\\/es\\\/2021\\\/06\\\/30\\\/el-asunto-de-eduard-pujol-airea-desavenencias-en-jxcat\\\/#breadcrumb\"},\"inLanguage\":\"es\",\"potentialAction\":[{\"@type\":\"ReadAction\",\"target\":[\"https:\\\/\\\/www.eltriangle.eu\\\/es\\\/2021\\\/06\\\/30\\\/el-asunto-de-eduard-pujol-airea-desavenencias-en-jxcat\\\/\"]}]},{\"@type\":\"ImageObject\",\"inLanguage\":\"es\",\"@id\":\"https:\\\/\\\/www.eltriangle.eu\\\/es\\\/2021\\\/06\\\/30\\\/el-asunto-de-eduard-pujol-airea-desavenencias-en-jxcat\\\/#primaryimage\",\"url\":\"https:\\\/\\\/www.eltriangle.eu\\\/wp-content\\\/uploads\\\/2020\\\/11\\\/captura-de-pantalla-2019-03-04-a-la-s-16-06-58.png\",\"contentUrl\":\"https:\\\/\\\/www.eltriangle.eu\\\/wp-content\\\/uploads\\\/2020\\\/11\\\/captura-de-pantalla-2019-03-04-a-la-s-16-06-58.png\",\"width\":1120,\"height\":748,\"caption\":\"Eduard Pujol\"},{\"@type\":\"BreadcrumbList\",\"@id\":\"https:\\\/\\\/www.eltriangle.eu\\\/es\\\/2021\\\/06\\\/30\\\/el-asunto-de-eduard-pujol-airea-desavenencias-en-jxcat\\\/#breadcrumb\",\"itemListElement\":[{\"@type\":\"ListItem\",\"position\":1,\"name\":\"Portada\",\"item\":\"https:\\\/\\\/www.eltriangle.eu\\\/es\\\/\"},{\"@type\":\"ListItem\",\"position\":2,\"name\":\"El asunto de Eduard Pujol airea desavenencias en JxCat\"}]},{\"@type\":\"WebSite\",\"@id\":\"https:\\\/\\\/www.eltriangle.eu\\\/es\\\/#website\",\"url\":\"https:\\\/\\\/www.eltriangle.eu\\\/es\\\/\",\"name\":\"El Triangle\",\"description\":\"El Triangle \u00e9s un Diari d&#039;informaci\u00f3 general, editat a Catalunya i escrit en llengua catalana, especialitzat en investigaci\u00f3 period\u00edstica\",\"publisher\":{\"@id\":\"https:\\\/\\\/www.eltriangle.eu\\\/es\\\/#organization\"},\"potentialAction\":[{\"@type\":\"SearchAction\",\"target\":{\"@type\":\"EntryPoint\",\"urlTemplate\":\"https:\\\/\\\/www.eltriangle.eu\\\/es\\\/?s={search_term_string}\"},\"query-input\":{\"@type\":\"PropertyValueSpecification\",\"valueRequired\":true,\"valueName\":\"search_term_string\"}}],\"inLanguage\":\"es\"},{\"@type\":[\"Organization\",\"NewsMediaOrganization\"],\"@id\":\"https:\\\/\\\/www.eltriangle.eu\\\/es\\\/#organization\",\"name\":\"El Triangle\",\"url\":\"https:\\\/\\\/www.eltriangle.eu\\\/es\\\/\",\"logo\":{\"@type\":\"ImageObject\",\"inLanguage\":\"es\",\"@id\":\"https:\\\/\\\/www.eltriangle.eu\\\/es\\\/#\\\/schema\\\/logo\\\/image\\\/\",\"url\":\"https:\\\/\\\/www.eltriangle.eu\\\/wp-content\\\/uploads\\\/2020\\\/11\\\/triangle_logo-ajustado.jpg\",\"contentUrl\":\"https:\\\/\\\/www.eltriangle.eu\\\/wp-content\\\/uploads\\\/2020\\\/11\\\/triangle_logo-ajustado.jpg\",\"width\":521,\"height\":92,\"caption\":\"El Triangle\"},\"image\":{\"@id\":\"https:\\\/\\\/www.eltriangle.eu\\\/es\\\/#\\\/schema\\\/logo\\\/image\\\/\"},\"sameAs\":[\"https:\\\/\\\/www.facebook.com\\\/El-Triangle-Diari-101787399020302\",\"https:\\\/\\\/x.com\\\/El_Triangle\",\"https:\\\/\\\/www.youtube.com\\\/channel\\\/UCTIjmYEMYSpdGonuAgNhbcg\"]},{\"@type\":\"Person\",\"@id\":\"https:\\\/\\\/www.eltriangle.eu\\\/es\\\/#\\\/schema\\\/person\\\/cd672cc0045a30d0189a4a97aad9b8ac\",\"name\":\"david\",\"image\":{\"@type\":\"ImageObject\",\"inLanguage\":\"es\",\"@id\":\"\\\/\\\/www.gravatar.com\\\/avatar\\\/55b36afa1d6d76758664a1eac66d9919?s=96&#038;r=g&#038;d=mm\",\"url\":\"\\\/\\\/www.gravatar.com\\\/avatar\\\/55b36afa1d6d76758664a1eac66d9919?s=96&#038;r=g&#038;d=mm\",\"contentUrl\":\"\\\/\\\/www.gravatar.com\\\/avatar\\\/55b36afa1d6d76758664a1eac66d9919?s=96&#038;r=g&#038;d=mm\",\"caption\":\"david\"},\"url\":\"https:\\\/\\\/www.eltriangle.eu\\\/es\\\/author\\\/david\\\/\"},{\"@type\":\"SiteNavigationElement\",\"@id\":\"https:\\\/\\\/www.eltriangle.eu\\\/es\\\/#site-navigation\",\"cssSelector\":[\".cib-main-menu\"]},{\"@type\":\"WPHeader\",\"@id\":\"https:\\\/\\\/www.eltriangle.eu\\\/es\\\/#header\",\"cssSelector\":[\".cib-header\"]},{\"@type\":\"WPFooter\",\"@id\":\"https:\\\/\\\/www.eltriangle.eu\\\/es\\\/#footer\",\"cssSelector\":[\".cib-footer\"]}]}<\/script>\n<!-- \/ Yoast SEO plugin. -->","yoast_head_json":{"title":"El asunto de Eduard Pujol airea desavenencias en JxCat - El Triangle","description":"El exdiputado y exportavoz de JxCat el Parlamento Eduard Pujol fue apartado de la militancia del partido del ex Carles Puigdemont no s\u00f3lo por el presunto","robots":{"index":"index","follow":"follow","max-snippet":"max-snippet:-1","max-image-preview":"max-image-preview:large","max-video-preview":"max-video-preview:-1"},"canonical":"https:\/\/www.eltriangle.eu\/es\/2021\/06\/30\/el-asunto-de-eduard-pujol-airea-desavenencias-en-jxcat\/","og_locale":"es_ES","og_type":"article","og_title":"El asunto de Eduard Pujol airea desavenencias en JxCat - El Triangle","og_description":"El exdiputado y exportavoz de JxCat el Parlamento Eduard Pujol fue apartado de la militancia del partido del ex Carles Puigdemont no s\u00f3lo por el presunto","og_url":"https:\/\/www.eltriangle.eu\/es\/2021\/06\/30\/el-asunto-de-eduard-pujol-airea-desavenencias-en-jxcat\/","og_site_name":"El Triangle","article_publisher":"https:\/\/www.facebook.com\/El-Triangle-Diari-101787399020302","article_published_time":"2021-06-30T09:31:40+00:00","og_image":[{"width":1120,"height":748,"url":"https:\/\/www.eltriangle.eu\/wp-content\/uploads\/2020\/11\/captura-de-pantalla-2019-03-04-a-la-s-16-06-58.png","type":"image\/png"}],"author":"david","twitter_card":"summary_large_image","twitter_creator":"@El_Triangle","twitter_site":"@El_Triangle","twitter_misc":{"Escrito por":"david","Tiempo de lectura":"2 minutos"},"schema":{"@context":"https:\/\/schema.org","@graph":[{"@type":"NewsArticle","@id":"https:\/\/www.eltriangle.eu\/es\/2021\/06\/30\/el-asunto-de-eduard-pujol-airea-desavenencias-en-jxcat\/#article","isPartOf":{"@id":"https:\/\/www.eltriangle.eu\/es\/2021\/06\/30\/el-asunto-de-eduard-pujol-airea-desavenencias-en-jxcat\/"},"author":{"name":"david","@id":"https:\/\/www.eltriangle.eu\/es\/#\/schema\/person\/cd672cc0045a30d0189a4a97aad9b8ac"},"headline":"El asunto de Eduard Pujol airea desavenencias en JxCat","datePublished":"2021-06-30T09:31:40+00:00","mainEntityOfPage":{"@id":"https:\/\/www.eltriangle.eu\/es\/2021\/06\/30\/el-asunto-de-eduard-pujol-airea-desavenencias-en-jxcat\/"},"wordCount":463,"commentCount":0,"publisher":{"@id":"https:\/\/www.eltriangle.eu\/es\/#organization"},"image":{"@id":"https:\/\/www.eltriangle.eu\/es\/2021\/06\/30\/el-asunto-de-eduard-pujol-airea-desavenencias-en-jxcat\/#primaryimage"},"thumbnailUrl":"https:\/\/www.eltriangle.eu\/wp-content\/uploads\/2020\/11\/captura-de-pantalla-2019-03-04-a-la-s-16-06-58.png","keywords":["Eduard Pujol","Junts per Catalunya"],"articleSection":["Actualidad","Poderes"],"inLanguage":"es","potentialAction":[{"@type":"CommentAction","name":"Comment","target":["https:\/\/www.eltriangle.eu\/es\/2021\/06\/30\/el-asunto-de-eduard-pujol-airea-desavenencias-en-jxcat\/#respond"]}]},{"@type":"WebPage","@id":"https:\/\/www.eltriangle.eu\/es\/2021\/06\/30\/el-asunto-de-eduard-pujol-airea-desavenencias-en-jxcat\/","url":"https:\/\/www.eltriangle.eu\/es\/2021\/06\/30\/el-asunto-de-eduard-pujol-airea-desavenencias-en-jxcat\/","name":"El asunto de Eduard Pujol airea desavenencias en JxCat - El Triangle","isPartOf":{"@id":"https:\/\/www.eltriangle.eu\/es\/#website"},"primaryImageOfPage":{"@id":"https:\/\/www.eltriangle.eu\/es\/2021\/06\/30\/el-asunto-de-eduard-pujol-airea-desavenencias-en-jxcat\/#primaryimage"},"image":{"@id":"https:\/\/www.eltriangle.eu\/es\/2021\/06\/30\/el-asunto-de-eduard-pujol-airea-desavenencias-en-jxcat\/#primaryimage"},"thumbnailUrl":"https:\/\/www.eltriangle.eu\/wp-content\/uploads\/2020\/11\/captura-de-pantalla-2019-03-04-a-la-s-16-06-58.png","datePublished":"2021-06-30T09:31:40+00:00","description":"El exdiputado y exportavoz de JxCat el Parlamento Eduard Pujol fue apartado de la militancia del partido del ex Carles Puigdemont no s\u00f3lo por el presunto","breadcrumb":{"@id":"https:\/\/www.eltriangle.eu\/es\/2021\/06\/30\/el-asunto-de-eduard-pujol-airea-desavenencias-en-jxcat\/#breadcrumb"},"inLanguage":"es","potentialAction":[{"@type":"ReadAction","target":["https:\/\/www.eltriangle.eu\/es\/2021\/06\/30\/el-asunto-de-eduard-pujol-airea-desavenencias-en-jxcat\/"]}]},{"@type":"ImageObject","inLanguage":"es","@id":"https:\/\/www.eltriangle.eu\/es\/2021\/06\/30\/el-asunto-de-eduard-pujol-airea-desavenencias-en-jxcat\/#primaryimage","url":"https:\/\/www.eltriangle.eu\/wp-content\/uploads\/2020\/11\/captura-de-pantalla-2019-03-04-a-la-s-16-06-58.png","contentUrl":"https:\/\/www.eltriangle.eu\/wp-content\/uploads\/2020\/11\/captura-de-pantalla-2019-03-04-a-la-s-16-06-58.png","width":1120,"height":748,"caption":"Eduard Pujol"},{"@type":"BreadcrumbList","@id":"https:\/\/www.eltriangle.eu\/es\/2021\/06\/30\/el-asunto-de-eduard-pujol-airea-desavenencias-en-jxcat\/#breadcrumb","itemListElement":[{"@type":"ListItem","position":1,"name":"Portada","item":"https:\/\/www.eltriangle.eu\/es\/"},{"@type":"ListItem","position":2,"name":"El asunto de Eduard Pujol airea desavenencias en JxCat"}]},{"@type":"WebSite","@id":"https:\/\/www.eltriangle.eu\/es\/#website","url":"https:\/\/www.eltriangle.eu\/es\/","name":"El Triangle","description":"El Triangle \u00e9s un Diari d&#039;informaci\u00f3 general, editat a Catalunya i escrit en llengua catalana, especialitzat en investigaci\u00f3 period\u00edstica","publisher":{"@id":"https:\/\/www.eltriangle.eu\/es\/#organization"},"potentialAction":[{"@type":"SearchAction","target":{"@type":"EntryPoint","urlTemplate":"https:\/\/www.eltriangle.eu\/es\/?s={search_term_string}"},"query-input":{"@type":"PropertyValueSpecification","valueRequired":true,"valueName":"search_term_string"}}],"inLanguage":"es"},{"@type":["Organization","NewsMediaOrganization"],"@id":"https:\/\/www.eltriangle.eu\/es\/#organization","name":"El Triangle","url":"https:\/\/www.eltriangle.eu\/es\/","logo":{"@type":"ImageObject","inLanguage":"es","@id":"https:\/\/www.eltriangle.eu\/es\/#\/schema\/logo\/image\/","url":"https:\/\/www.eltriangle.eu\/wp-content\/uploads\/2020\/11\/triangle_logo-ajustado.jpg","contentUrl":"https:\/\/www.eltriangle.eu\/wp-content\/uploads\/2020\/11\/triangle_logo-ajustado.jpg","width":521,"height":92,"caption":"El Triangle"},"image":{"@id":"https:\/\/www.eltriangle.eu\/es\/#\/schema\/logo\/image\/"},"sameAs":["https:\/\/www.facebook.com\/El-Triangle-Diari-101787399020302","https:\/\/x.com\/El_Triangle","https:\/\/www.youtube.com\/channel\/UCTIjmYEMYSpdGonuAgNhbcg"]},{"@type":"Person","@id":"https:\/\/www.eltriangle.eu\/es\/#\/schema\/person\/cd672cc0045a30d0189a4a97aad9b8ac","name":"david","image":{"@type":"ImageObject","inLanguage":"es","@id":"\/\/www.gravatar.com\/avatar\/55b36afa1d6d76758664a1eac66d9919?s=96&#038;r=g&#038;d=mm","url":"\/\/www.gravatar.com\/avatar\/55b36afa1d6d76758664a1eac66d9919?s=96&#038;r=g&#038;d=mm","contentUrl":"\/\/www.gravatar.com\/avatar\/55b36afa1d6d76758664a1eac66d9919?s=96&#038;r=g&#038;d=mm","caption":"david"},"url":"https:\/\/www.eltriangle.eu\/es\/author\/david\/"},{"@type":"SiteNavigationElement","@id":"https:\/\/www.eltriangle.eu\/es\/#site-navigation","cssSelector":[".cib-main-menu"]},{"@type":"WPHeader","@id":"https:\/\/www.eltriangle.eu\/es\/#header","cssSelector":[".cib-header"]},{"@type":"WPFooter","@id":"https:\/\/www.eltriangle.eu\/es\/#footer","cssSelector":[".cib-footer"]}]}},"amp_enabled":true,"_links":{"self":[{"href":"https:\/\/www.eltriangle.eu\/es\/wp-json\/wp\/v2\/posts\/104214","targetHints":{"allow":["GET"]}}],"collection":[{"href":"https:\/\/www.eltriangle.eu\/es\/wp-json\/wp\/v2\/posts"}],"about":[{"href":"https:\/\/www.eltriangle.eu\/es\/wp-json\/wp\/v2\/types\/post"}],"author":[{"embeddable":true,"href":"https:\/\/www.eltriangle.eu\/es\/wp-json\/wp\/v2\/users\/99"}],"replies":[{"embeddable":true,"href":"https:\/\/www.eltriangle.eu\/es\/wp-json\/wp\/v2\/comments?post=104214"}],"version-history":[{"count":0,"href":"https:\/\/www.eltriangle.eu\/es\/wp-json\/wp\/v2\/posts\/104214\/revisions"}],"wp:featuredmedia":[{"embeddable":true,"href":"https:\/\/www.eltriangle.eu\/es\/wp-json\/wp\/v2\/media\/30162"}],"wp:attachment":[{"href":"https:\/\/www.eltriangle.eu\/es\/wp-json\/wp\/v2\/media?parent=104214"}],"wp:term":[{"taxonomy":"category","embeddable":true,"href":"https:\/\/www.eltriangle.eu\/es\/wp-json\/wp\/v2\/categories?post=104214"},{"taxonomy":"post_tag","embeddable":true,"href":"https:\/\/www.eltriangle.eu\/es\/wp-json\/wp\/v2\/tags?post=104214"}],"curies":[{"name":"wp","href":"https:\/\/api.w.org\/{rel}","templated":true}]}}